{"id":98564,"date":"2016-10-06T21:52:18","date_gmt":"2016-10-07T00:52:18","guid":{"rendered":"http:\/\/aconteceunovale.com.br\/portal\/?p=98564"},"modified":"2016-10-06T21:52:18","modified_gmt":"2016-10-07T00:52:18","slug":"bancarios-aceitam-proposta-e-encerram-greve-nacional-2","status":"publish","type":"post","link":"https:\/\/aconteceunovale.com.br\/portal\/?p=98564","title":{"rendered":"Banc\u00e1rios aceitam proposta e encerram greve nacional"},"content":{"rendered":"<p>A greve dos banc\u00e1rios est\u00e1 encerrada. Em assembleia realizada na noite desta quinta (6) a categoria resolveu aceitar a proposta oferecida pela Federa\u00e7\u00e3o Nacional dos Bancos (Fenaban) e encerraram a paralisa\u00e7\u00e3o, que completou hoje 31 dias. O Comando Nacional dos Banc\u00e1rios orientou a categoria a aprovar a nova proposta feita nessa quarta (5), o que foi acatado pelas principais pra\u00e7as. Em Minas Gerais, de acordo com Sindicato dos Banc\u00e1rios de Belo Horizonte e Regi\u00e3o Metropolitana, as ag\u00eancias voltam a funcionar normalmente amanh\u00e3. A presidente do sindicato Eliana Brasil comemorou alguns avan\u00e7os como o aumento de 15% no ticket alimenta\u00e7\u00e3o e de 10% no ticket refei\u00e7\u00e3o. <\/p>\n<p>Os banqueiros elevaram a oferta de 7% para 8% de reajuste salarial e tamb\u00e9m ofereceram um abono de R$ 3,5 mil e a garantia de conceder, no pr\u00f3ximo ano, a reposi\u00e7\u00e3o da infla\u00e7\u00e3o e 1% de aumento real, entre outros benef\u00edcios.<\/p>\n<p>Nessa d\u00e9cima rodada de negocia\u00e7\u00f5es, os bancos se comprometeram ainda a corrigir o vale-alimenta\u00e7\u00e3o em 15%; o vale-refei\u00e7\u00e3o e o aux\u00edlio creche\/bab\u00e1 em 10% e a implantar a licen\u00e7a-paternidade de 20 dias. Em rela\u00e7\u00e3o \u00e0 Participa\u00e7\u00e3o nos Lucros e Resultados (PLR), o acordo prev\u00ea parcela adicional de 2,2% do lucro l\u00edquido dividido linearmente para todos, limitado a R$ 4.367,07, sendo que a primeira parcela ser\u00e1 paga at\u00e9 dez dias ap\u00f3s assinatura do Contrato de Conven\u00e7\u00e3o Coletiva.<\/p>\n<p>Por meio de nota, a Confedera\u00e7\u00e3o Nacional dos Trabalhadores do Ramo Financeiro (Contraf) observou que a defesa do emprego est\u00e1 entre as prioridades e que \u201cneste sentido, a negocia\u00e7\u00e3o conquistou a instala\u00e7\u00e3o de um Centro de Realoca\u00e7\u00e3o e Requalifica\u00e7\u00e3o Profissional nos bancos\u201d.<\/p>\n<p><strong>Dias parados n\u00e3o ser\u00e3o descontados<\/strong><\/p>\n<p>Um outro ponto importante do acordo, desde que a categoria colocasse fim \u00e0 greve ainda nesta quinta, \u00e9 que os dias parados n\u00e3o ser\u00e3o descontados.<\/p>\n<p>Para o presidente da Contraf-CUT e um dos coordenadores do Comando Nacional dos Banc\u00e1rios, Roberto von der Osten, \u201cos banc\u00e1rios saem vitoriosos de uma das campanhas mais dif\u00edceis dos \u00faltimos anos, impactada pela conjuntura pol\u00edtica e econ\u00f4mica do pa\u00eds\u201d, salientou ele, por meio de nota. Informou que, inicialmente, a Fenaban havia oferecido reajuste de 6,5% nos sal\u00e1rios.<\/p>\n<p>O l\u00edder dos banc\u00e1rios considerou ainda um avan\u00e7o fechar quest\u00e3o sobre o acordo coletivo de 2017 com a garantia da reposi\u00e7\u00e3o inflacion\u00e1ria e de aumento real, al\u00e9m dos reajustes dos benef\u00edcios com alimenta\u00e7\u00e3o e aux\u00edlio creche\/bab\u00e1. \u201cGarantimos a extens\u00e3o dos direitos e valores para todos os bancos p\u00fablicos, diferente dos anos 90, mas uma vit\u00f3ria in\u00e9dita foi a garantia do n\u00e3o desconto e da n\u00e3o compensa\u00e7\u00e3o dos dias da greve, um instrumento medieval de puni\u00e7\u00e3o dos grevistas\u201d, apontou.<\/p>\n<p>A vice-presidenta da Contraf-CUT e uma das coordenadoras do Comando Nacional dos Banc\u00e1rios, Juvandia Moreira, tamb\u00e9m fez um balan\u00e7o positivo das negocia\u00e7\u00f5es. Disse que elas ocorreram \u201cem um ambiente de alta incerteza pol\u00edtica e econ\u00f4mica\u201d. Dados da entidade indicam que ontem (5) mantiveram-se parados os atendimentos ao p\u00fablico em 13.123 ag\u00eancias e 43 centros administrativos, o equivalente a mais da metade (55%) das institui\u00e7\u00f5es em todo o pa\u00eds.<\/p>\n<p><img decoding=\"async\" src=\"http:\/\/aconteceunovale.com.br\/portal\/wp-content\/uploads\/2016\/10\/fim_da_greve_bancarios.jpg\" alt=\"\" \/><em>Banc\u00e1rios aceitam proposta e encerram greve (Foto: Joka Madruga\/SEEB Curitiba)<\/em><br \/>\n<\/br><\/p>\n<p><strong>Nota da Contraf-CUT<\/strong><\/p>\n<p><em>Seguindo orienta\u00e7\u00e3o do Comando Nacional dos Banc\u00e1rios, coordenado pela Contraf-CUT, a grande maioria das assembleias realizadas, nesta quinta-feira (6), em todo o Pa\u00eds aprovou a proposta da Fenaban e os acordos espec\u00edficos do Banco do Brasil e da Caixa, encerrando a greve de 31 dias.<\/p>\n<p>Para Roberto von der Osten, presidente da Contraf-CUT e um dos coordenadores do Comando Nacional dos Banc\u00e1rios, os banc\u00e1rios saem vitoriosos de uma das campanhas mais dif\u00edceis dos \u00faltimos anos. &#8220;Conseguimos vit\u00f3rias importantes. A maior greve da hist\u00f3ria. Um n\u00famero expressivo de banc\u00e1rios e banc\u00e1rias mostrou a for\u00e7a da nossa unidade e da mobiliza\u00e7\u00e3o nacional. Um acordo in\u00e9dito de dois anos. Uma vit\u00f3ria compreendida pelos milhares de trabalhadores e trabalhadoras que aderiram por 31 dias em mais de 13 mil ag\u00eancias. E mais uma vez a Fenaban fez o triste papel de causar a greve e jogar a culpa nos trabalhadores. Os banc\u00e1rios e banc\u00e1rias mostraram serenidade numa greve pac\u00edfica e corajosa. Provaram para os que n\u00e3o aderiram que quem luta, conquista. E confirmaram que s\u00f3 a luta te garante! Somos uma categoria de luta.&#8221;<\/p>\n<p>O acordo de dois anos prev\u00ea 8% de reajuste mais abono de R$3,5 mil, em 2016. No vale-alimenta\u00e7\u00e3o o reajuste proposto \u00e9 maior, de 15%. No vale-refei\u00e7\u00e3o e no aux\u00edlio creche\/bab\u00e1 \u00e9 de 10%. Para 2017, a Fenaban aceitou repor integralmente a infla\u00e7\u00e3o (INPC\/IBGE) mais 1% de aumento real nos sal\u00e1rios e em todas as verbas.<\/p>\n<p>Levantamento feito pela Contraf-CUT at\u00e9 as 23h desta segunda-feira (26) indica que a maioria das assembleias aprovou tanto a proposta dos bancos quanto os acordos espec\u00edficos do BB e da Caixa.<\/p>\n<p>Acompanhe o balan\u00e7os das assembleias realizadas at\u00e9 agora:<\/p>\n<p>FETEC SP<br \/>\n1- ABC (Privados\/ BB\/CEF)<br \/>\n2 &#8211; Assis (Privados\/ BB\/CEF)<br \/>\n3 -Limeira (Privados\/ BB\/CEF)<br \/>\n4- Taubat\u00e9 (Privados\/ BB\/CEF)<br \/>\n5- Jundiai (Privados\/ BB\/CEF)<br \/>\n6- S\u00e3o Paulo (Privados\/ BB\/ CEF &#8211; N\u00e3o)<br \/>\n7- Catanduva (Privados\/ BB\/CEF)<br \/>\n8 &#8211; Presidente Prudente (Privados\/ BB\/CEF)<br \/>\n9 &#8211; Mogi das Cruzes (Privados\/ BB\/CEF- N\u00e3o)<br \/>\n10 &#8211; Araraquara (Privados\/ BB\/CEF)<br \/>\n11- Bragan\u00e7a Paulista (Privados\/ BB\/CEF)<br \/>\n12 \u2013 Guarulhos (Privados\/ BB\/CEF)<br \/>\n13 \u2013 Vale do Ribeira (Privados\/ BB\/CEF)<\/p>\n<p>FETEC CN<br \/>\n1 &#8211; Roraima  (Privados\/ BB\/CEF)<br \/>\n2 &#8211; Par\u00e1 (Privados\/ BB\/ CEF)<br \/>\n3 &#8211; Brasilia (Privados)<br \/>\n4 &#8211; Rondonia (Privados\/ BB\/CEF)<br \/>\n5- Rondon\u00f3polis (Privados\/ BB\/CEF- n\u00e3o)<br \/>\n6- Dourados (Privados\/ BB\/ CEF)<br \/>\n10 \u2013 Campo Grande (Privados\/ BB)<br \/>\n11 \u2013 Mato Grosso (Privados\/ BB\/CEF)<br \/>\n12 \u2013 Amap\u00e1 \u2013 Rejeitou Fenaban e CEF aprovou BB<br \/>\n13 \u2013 Acre (Privados\/ BB\/CEF)<br \/>\n14 \u2013 Barra do Gar\u00e7a (Privados\/ BB\/CEF)<br \/>\n15 \u2013 Sintraf \u2013 Ride (Privados\/ BB\/CEF)<\/p>\n<p>FETEC NE<br \/>\n1 \u2013 Cear\u00e1 (Privados\/ BNB\/ BB\/ CEF)<br \/>\n2 \u2013 Campina Grande (Privados\/ BNB\/ BB\/ CEF)<br \/>\n3 \u2013 Alagoas (Privados\/ BB\/CEF)<br \/>\n4 \u2013 Para\u00edba (Privados\/ BB\/CEF)<br \/>\n5 \u2013 Piau\u00ed (Privados\/ BB\/CEF)<br \/>\n6 \u2013 Pernambuco (Privados\/ BB\/CEF\/ BNB)<\/p>\n<p>FETRAFI MG<br \/>\n1- Teofilo Otoni (Privados\/ BB\/CEF)<br \/>\n2 &#8211; Divin\u00f3polis &#8211; (Privados\/ BB\/CEF)<br \/>\n3 \u2013 Uberaba &#8211; (Privados\/ BB\/CEF)<br \/>\n4 \u2013 Belo Horizonte (Privados\/ BB\/CEF)<br \/>\n5 \u2013 Cataguazes (Privados\/ BB\/ CEF)<br \/>\n6 \u2013 Ipatinga (Privados\/ BB\/CEF)<br \/>\n7 \u2013 Juiz de Fora (Privados\/ BB\/CEF)<br \/>\n8 \u2013 Pato de Minas (Privados\/ BB\/CEF)<\/p>\n<p>FETEC PR<br \/>\n1 &#8211; Arapoti (Privados\/ BB\/CEF)<br \/>\n2 &#8211; Corn\u00e9lio Proc\u00f3pio (Privados\/ BB\/CEF)<br \/>\n3 &#8211; Londrina (Privados\/ BB\/CEF)<br \/>\n4 &#8211; Paranavai (Privados\/ BB\/CEF)<br \/>\n5 &#8211; Toledo (Privados\/ BB\/CEF)<br \/>\n6- Curitiba (Privados\/BB\/CEF)<br \/>\n7 &#8211; Campo Mour\u00e3o (Privados\/ BB\/CEF)<br \/>\n8 \u2013 Apucarana (Privados\/ BB\/CEF)<br \/>\n9 \u2013 Guarapuava (Privados\/ BB\/CEF)<br \/>\n10 \u2013 Umuarama (Privados\/ BB\/CEF)<\/p>\n<p>FETRAFI RJ\/ES<br \/>\n1- Rio (Privados &#8211; OK Rejeitou CEF)<br \/>\n2 &#8211; Sul Fluminense (Privados\/ BB\/CEF)<br \/>\n3 &#8211; Itaperuna (Privados)<br \/>\n4 \u2013 Campos (Privados\/ BB\/CEF)<br \/>\n5 \u2013 Niter\u00f3i (Privados\/ BB\/CEF &#8211; n\u00e3o)<br \/>\n6 \u2013 Teres\u00f3polis (Privados\/ BB\/CEF)<br \/>\n7 \u2013 Baixada Fluminense (Privados\/ BB\/CEF &#8211; n\u00e3o)<br \/>\n8 \u2013 Angra dos Reis (Privados\/ BB\/CEF- n\u00e3o)<br \/>\n9 \u2013 Petr\u00f3polis (Privados\/ BB\/CEF)<\/p>\n<p>FETRAFI RS<br \/>\n1 &#8211; Alegrete (Privados\/ BB\/CEF\/Banrisul)<br \/>\n2 &#8211; Camaqu\u00e3 (Privados\/ BB\/CEF\/Banrisul)<br \/>\n3 &#8211; Litoral Norte (Privados\/ BB\/CEF)<br \/>\n4 &#8211; N. Hamburgo (Privados\/ BB\/CEF)<br \/>\n5 &#8211; Rio Grande (Privados\/ BB- NF\/CEF &#8211; NF)<br \/>\n6 &#8211; Santa Rosa (Privados\/ BB\/CEF)<br \/>\n7 &#8211; Vacaria (Privados\/ BB\/CEF)<br \/>\n8 &#8211; Caxias do Sul (Privados\/ BB\/CEF)<br \/>\n10 &#8211; Santiago (Privados\/ BB\/CEF)<br \/>\n11 \u2013 Vale do Cai (Privados\/ BB\/CEF)<br \/>\n12 \u2013 Porto Alegre (Privados\/ BB\/CEF)<br \/>\n13 \u2013 Vele do Paranhana (Privados\/ BB\/CEF)<br \/>\n14 \u2013 Cruz Alta (Privados\/ BB\/CEF)<br \/>\n15 \u2013 Bag\u00e9 (Privados\/ BB\/CEF\/ Banrisul)<br \/>\n16 \u2013 Bento Gon\u00e7alves (Privados\/ BB\/CEF\/ Banrisul)<br \/>\n17 \u2013 Cachoeira do Sul (Privados\/ BB\/CEF- n\u00e3o\/ Banrisul- n\u00e3o)<br \/>\n18 \u2013 Carazinho (Privados\/ BB\/CEF\/ Banrisul)<br \/>\n19 \u2013 Erechim (Privados\/ BB\/CEF\/ Banrisul)<br \/>\n19 \u2013 Frederico W. (Privados\/ BB\/CEF\/ Banrisul)<br \/>\n20 \u2013 Guapor\u00e9 (Privados\/ BB\/CEF\/ Banrisul)<br \/>\n21 \u2013 Horizontina (Privados\/ BB\/CEF\/ Banrisul0<br \/>\n22 \u2013 Iju\u00ed (Privados\/ BB\/CEF\/ Banrisul)<br \/>\n23 \u2013 Lajeado (Privados\/ BB\/CEF\/ Banrisul)<br \/>\n24 \u2013 Nova Prata (Privados\/ BB\/CEF\/ Banrisul)<br \/>\n25 \u2013 Passo Fundo (Privados\/ BB\/CEF\/ Banrisul)<br \/>\n26 \u2013 Pelotas  (Privados\/ BB\/CEF\/ Banrisul)<br \/>\n27 \u2013 Rio Pardo (Privados\/ BB\/CEF\/ Banrisul)<br \/>\n28 \u2013 Rosario do Sul (Privados\/ BB\/CEF\/ Banrisul)<br \/>\n29 \u2013 Santa Cruz (Privados\/ BB\/CEF- n\u00e3o)<br \/>\n30 \u2013 Santa Maria (Privados\/ BB\/CEF &#8211; n\u00e3o)<br \/>\n31 \u2013 Santana do Livramento (Privados\/ BB\/CEF\/ Banrisul &#8211; n\u00e3o)<br \/>\n32 \u2013 Santo \u00c2ngelo (Privados\/ BB\/CEF\/ Banrisul)<br \/>\n33 \u2013 S\u00e3o Borja (Privados\/ BB\/CEF- n\u00e3o)<br \/>\n34 \u2013 S\u00e3o Gabriel (Privados\/ BB\/CEF\/ Banrisul)<br \/>\n35 \u2013 S\u00e3o Luiz Gonzaga (Privados\/ BB\/CEF\/ Banrisul)<\/p>\n<p>FETEC SC<br \/>\n1- Criciuma (Privados\/ BB\/CEF)<br \/>\n2 &#8211; Florian\u00f3plolis (Privados\/ BB\/CEF)<br \/>\n3- Ararangu\u00e1 (Privados\/ BB\/CEF)<br \/>\n4- Chapec\u00f3 (Privados\/ BB\/CEF)<br \/>\n5 \u2013 Videira (Privados\/ BB\/CEF)<\/p>\n<p>FILIA\u00c7\u00c3O DIRETA<br \/>\n1 &#8211; Piracicaba  (Privados\/ BB\/CEF)<br \/>\n2- Guaretinguet\u00e1 (Privados\/ BB\/CEF)<br \/>\n3- Rio Claro (Privados\/ BB\/CEF)<br \/>\n4 &#8211; Campinas (Privados\/ BB\/CEF)<\/p>\n<p>FEEB BA\/SE<br \/>\n1 \u2013 Feira de Santana (Privados\/ BB\/CEF)<br \/>\n2 \u2013 Jequi\u00e9 (Privados\/ BB\/CEF)<br \/>\n3 \u2013 Salvador (Privados\/ CEF &#8211; n\u00e3o)<br \/>\n4 \u2013 Extremo Sul (Privados\/ BB\/CEF)<\/em><\/p>\n<p><em>(Fonte: Ag\u00eancia Brasil\/Hoje em Dia\/Contraf-CUT)<\/em><\/p>\n","protected":false},"excerpt":{"rendered":"<p>A greve dos banc\u00e1rios est\u00e1 encerrada. Em assembleia realizada na noite desta quinta (6) a categoria resolveu aceitar a proposta oferecida pela Federa\u00e7\u00e3o Nacional dos Bancos (Fenaban) e encerraram a paralisa\u00e7\u00e3o, que completou hoje 31 dias. O Comando Nacional dos Banc\u00e1rios orientou a categoria a aprovar a nova proposta feita nessa quarta (5), o que [&hellip;]<\/p>\n","protected":false},"author":1,"featured_media":98562,"comment_status":"open","ping_status":"closed","sticky":false,"template":"","format":"standard","meta":{"amp_status":"","footnotes":""},"categories":[6],"tags":[119270,119330,119331,61718,1018,119271,64347,17062,117337,115222,119272,62076,114133],"class_list":["post-98564","post","type-post","status-publish","format-standard","has-post-thumbnail","hentry","category-br","tag-assembleias","tag-bancarios-aceitam-proposta-e-encerram-greve-em-todo-o-brasil","tag-bancarios-aceitam-proposta-e-encerram-greve-nacional","tag-contraf-cut","tag-destaque","tag-encerramento-da-greve-dos-bancarios","tag-fim-da-greve-dos-bancarios","tag-greve-dos-bancarios","tag-greve-dos-bancarios-brasileiros","tag-greve-dos-bancarios-no-brasil","tag-greve-dos-bancarios-pode-terminar-hoje-em-todo-o-pais","tag-reivindicacoes","tag-reivindicacoes-dos-bancarios"],"_links":{"self":[{"href":"https:\/\/aconteceunovale.com.br\/portal\/index.php?rest_route=\/wp\/v2\/posts\/98564","targetHints":{"allow":["GET"]}}],"collection":[{"href":"https:\/\/aconteceunovale.com.br\/portal\/index.php?rest_route=\/wp\/v2\/posts"}],"about":[{"href":"https:\/\/aconteceunovale.com.br\/portal\/index.php?rest_route=\/wp\/v2\/types\/post"}],"author":[{"embeddable":true,"href":"https:\/\/aconteceunovale.com.br\/portal\/index.php?rest_route=\/wp\/v2\/users\/1"}],"replies":[{"embeddable":true,"href":"https:\/\/aconteceunovale.com.br\/portal\/index.php?rest_route=%2Fwp%2Fv2%2Fcomments&post=98564"}],"version-history":[{"count":0,"href":"https:\/\/aconteceunovale.com.br\/portal\/index.php?rest_route=\/wp\/v2\/posts\/98564\/revisions"}],"wp:featuredmedia":[{"embeddable":true,"href":"https:\/\/aconteceunovale.com.br\/portal\/index.php?rest_route=\/wp\/v2\/media\/98562"}],"wp:attachment":[{"href":"https:\/\/aconteceunovale.com.br\/portal\/index.php?rest_route=%2Fwp%2Fv2%2Fmedia&parent=98564"}],"wp:term":[{"taxonomy":"category","embeddable":true,"href":"https:\/\/aconteceunovale.com.br\/portal\/index.php?rest_route=%2Fwp%2Fv2%2Fcategories&post=98564"},{"taxonomy":"post_tag","embeddable":true,"href":"https:\/\/aconteceunovale.com.br\/portal\/index.php?rest_route=%2Fwp%2Fv2%2Ftags&post=98564"}],"curies":[{"name":"wp","href":"https:\/\/api.w.org\/{rel}","templated":true}]}}