{"id":98556,"date":"2016-10-06T21:32:29","date_gmt":"2016-10-07T00:32:29","guid":{"rendered":"http:\/\/aconteceunovale.com.br\/portal\/?p=98556"},"modified":"2016-10-06T21:32:29","modified_gmt":"2016-10-07T00:32:29","slug":"suspeito-de-falsificar-documentos-e-preso-em-governador-valadares","status":"publish","type":"post","link":"https:\/\/aconteceunovale.com.br\/portal\/?p=98556","title":{"rendered":"Suspeito de falsificar documentos \u00e9 preso em Governador Valadares"},"content":{"rendered":"<p>A Pol\u00edcia Civil de Minas Gerais deflagrou na quarta-feira (05\/10\/2016) opera\u00e7\u00e3o para cumprimento de mandado de busca e apreens\u00e3o, na casa do suspeito V.H.P.F, de 28 anos, no bairro Gr\u00e3 Duquesa, em Governador Valadares, na regi\u00e3o do Vale do Rio Doce. Policiais civis do estado de S\u00e3o Paulo estiveram na cidade, juntamente com uma v\u00edtima que teria vendido o ve\u00edculo HB20, o qual teria sido pago com cheque sem fundos. Durante as investiga\u00e7\u00f5es, os policiais tiveram informa\u00e7\u00f5es, atrav\u00e9s de uma terceira pessoa que intermediou a venda, de que o ve\u00edculo estaria na cidade, no endere\u00e7o do suspeito. <\/p>\n<p>De acordo com a delegada Juliana Fl\u00e1via Borges Fi\u00faza, o suspeito de 28 anos, que j\u00e1 estava sendo investigado por poss\u00edveis crimes de falsifica\u00e7\u00f5es de documentos e sustentava vida de luxo incompat\u00edvel com sua renda, foi surpreendido no final da tarde de quarta-feira (05) em seu apartamento, onde foi localizado o carro com seus documentos de CRV e CRLV com ind\u00edcios de falsifica\u00e7\u00e3o, j\u00e1 que a v\u00edtima de S\u00e3o Paulo, que n\u00e3o havia recebido o pagamento pela venda do ve\u00edculo, apresentou o documento ver\u00eddico.<\/p>\n<p>Uma arma de fogo, muni\u00e7\u00f5es, uma impressora, carteira de identifica\u00e7\u00e3o de Pol\u00edcia Civil, um notebook, tr\u00eas celulares, v\u00e1rias fotografias de pessoas diversas, um rel\u00f3gio de pulso, quatro cart\u00f5es de cr\u00e9dito, dois passaportes, um documento de permiss\u00e3o internacional para dirigir, uma moto com seus documentos CRV e CRLV,  um carro HB20 e documentos CRV e CRLV com suspeita de serem falsos, cujo ve\u00edculo possu\u00eda impedimento de furto feito pelo estado de S\u00e3o Paulo, uma carteira de trabalho, R$ 44.736 em dinheiro e 5.300 d\u00f3lares americanos foram apreendidos.<\/p>\n<p><img decoding=\"async\" src=\"http:\/\/aconteceunovale.com.br\/portal\/wp-content\/uploads\/2016\/10\/preso_gv_golpe_1.jpeg\" alt=\"\" \/><em>Ve\u00edculo apreendido pela pol\u00edcia (Foto: Divulga\u00e7\u00e3o\/PCMG)<\/em><br \/>\n<\/br><\/p>\n<p><img decoding=\"async\" src=\"http:\/\/aconteceunovale.com.br\/portal\/wp-content\/uploads\/2016\/10\/preso_gv_golpe_2.jpeg\" alt=\"\" \/><em>Homem foi preso em Governador Valadares (Foto: Divulga\u00e7\u00e3o\/PCMG)<\/em><br \/>\n<\/br><\/p>\n<p><img decoding=\"async\" src=\"http:\/\/aconteceunovale.com.br\/portal\/wp-content\/uploads\/2016\/10\/preso_gv_golpe_3.jpeg\" alt=\"\" \/><em>Material apreendido pela pol\u00edcia (Foto: Divulga\u00e7\u00e3o\/PCMG)<\/em><br \/>\n<\/br><\/p>\n<p><em>(Fonte: PCMG)<\/em><\/p>\n","protected":false},"excerpt":{"rendered":"<p>A Pol\u00edcia Civil de Minas Gerais deflagrou na quarta-feira (05\/10\/2016) opera\u00e7\u00e3o para cumprimento de mandado de busca e apreens\u00e3o, na casa do suspeito V.H.P.F, de 28 anos, no bairro Gr\u00e3 Duquesa, em Governador Valadares, na regi\u00e3o do Vale do Rio Doce. Policiais civis do estado de S\u00e3o Paulo estiveram na cidade, juntamente com uma v\u00edtima [&hellip;]<\/p>\n","protected":false},"author":1,"featured_media":98558,"comment_status":"open","ping_status":"closed","sticky":false,"template":"","format":"standard","meta":{"amp_status":"","footnotes":""},"categories":[121],"tags":[119326,119327,247,48037,119328,106003,119329],"class_list":["post-98556","post","type-post","status-publish","format-standard","has-post-thumbnail","hentry","category-leste","tag-estelionatario-preso-em-governador-valadares","tag-golpista-preso-em-governador-valadares","tag-governador-valadares","tag-preso-em-governador-valadares","tag-preso-pela-policia-civil-em-governador-valadares","tag-preso-por-golpe-em-governador-valadares","tag-suspeito-de-falsificar-documentos-e-preso-em-governador-valadares"],"_links":{"self":[{"href":"https:\/\/aconteceunovale.com.br\/portal\/index.php?rest_route=\/wp\/v2\/posts\/98556","targetHints":{"allow":["GET"]}}],"collection":[{"href":"https:\/\/aconteceunovale.com.br\/portal\/index.php?rest_route=\/wp\/v2\/posts"}],"about":[{"href":"https:\/\/aconteceunovale.com.br\/portal\/index.php?rest_route=\/wp\/v2\/types\/post"}],"author":[{"embeddable":true,"href":"https:\/\/aconteceunovale.com.br\/portal\/index.php?rest_route=\/wp\/v2\/users\/1"}],"replies":[{"embeddable":true,"href":"https:\/\/aconteceunovale.com.br\/portal\/index.php?rest_route=%2Fwp%2Fv2%2Fcomments&post=98556"}],"version-history":[{"count":0,"href":"https:\/\/aconteceunovale.com.br\/portal\/index.php?rest_route=\/wp\/v2\/posts\/98556\/revisions"}],"wp:featuredmedia":[{"embeddable":true,"href":"https:\/\/aconteceunovale.com.br\/portal\/index.php?rest_route=\/wp\/v2\/media\/98558"}],"wp:attachment":[{"href":"https:\/\/aconteceunovale.com.br\/portal\/index.php?rest_route=%2Fwp%2Fv2%2Fmedia&parent=98556"}],"wp:term":[{"taxonomy":"category","embeddable":true,"href":"https:\/\/aconteceunovale.com.br\/portal\/index.php?rest_route=%2Fwp%2Fv2%2Fcategories&post=98556"},{"taxonomy":"post_tag","embeddable":true,"href":"https:\/\/aconteceunovale.com.br\/portal\/index.php?rest_route=%2Fwp%2Fv2%2Ftags&post=98556"}],"curies":[{"name":"wp","href":"https:\/\/api.w.org\/{rel}","templated":true}]}}