{"id":98551,"date":"2016-10-06T21:21:40","date_gmt":"2016-10-07T00:21:40","guid":{"rendered":"http:\/\/aconteceunovale.com.br\/portal\/?p=98551"},"modified":"2016-10-06T21:21:40","modified_gmt":"2016-10-07T00:21:40","slug":"quatro-suspeitos-de-roubo-sao-presos-durante-a-operacao-fim-de-festa-em-caratinga","status":"publish","type":"post","link":"https:\/\/aconteceunovale.com.br\/portal\/?p=98551","title":{"rendered":"Quatro suspeitos de roubo s\u00e3o presos durante a Opera\u00e7\u00e3o Fim de Festa em Caratinga"},"content":{"rendered":"<p>A Pol\u00edcia Civil realizou na manh\u00e3 desta quinta-feira (06\/10\/2016) a opera\u00e7\u00e3o \u201cFim de Festa\u201d, na cidade de Caratinga, regi\u00e3o do Rio Doce. A a\u00e7\u00e3o terminou com a pris\u00e3o de Gustavo Barboza Fernandes, Victor Matheus Souza Vieira, Andr\u00e9 Lu\u00eds de Abreu Lima e Igor Felipe Martins Vieira. De acordo com o delegado Almir Lugon, os investigados formam uma organiza\u00e7\u00e3o criminosa com outros investigados, os quais realizam o monitoramento de entrega de malotes de empresas que movimentam grandes quantias na cidade.<\/p>\n<p>\u201cAp\u00f3s o monitoramento e verifica\u00e7\u00e3o de como a empresa atua na destina\u00e7\u00e3o do malote at\u00e9 o banco, eles se re\u00fanem e decidem o modo como v\u00e3o efetuar o roubo, realizando a abordagem com emprego de arma de fogo sabendo exatamente como a empresa age, o que facilita o sucesso do crime\u201d, explicou.<\/p>\n<p><strong>O crime que gerou as pris\u00f5es<\/strong><\/p>\n<p>Existem ind\u00edcios de participa\u00e7\u00e3o dos suspeitos em outros tr\u00eas roubos na regi\u00e3o, mas hoje foram presos em rela\u00e7\u00e3o ao roubo praticado no malote de uma farm\u00e1cia, em Caratinga, no dia 08 de agosto de 2016, quando os investigados Gustavo e Victor abordaram os seguran\u00e7as do malote com arma de fogo e subtra\u00edram a quantia de R$ 53 mil.<\/p>\n<p><strong>Das investiga\u00e7\u00f5es<\/strong><\/p>\n<p>O setor adjunto de crimes contra o patrim\u00f4nio estava monitorando os investigados pela participa\u00e7\u00e3o em outros crimes com a mesma maneira de agir, o que facilitou a colheita das provas.<\/p>\n<p>De acordo com as investiga\u00e7\u00f5es, Igor Felipe Martins Vieira emprestou sua motocicleta para Gustavo e Victor praticarem o roubo, sendo que Igor registrou que a motocicleta teria sido furtada um dia antes do crime, mas a Pol\u00edcia Civil conseguiu comprovar que Igor tamb\u00e9m fazia parte da organiza\u00e7\u00e3o criminosa e o registro do \u201cfurto\u201d foi falso.<\/p>\n<p>J\u00e1 Andr\u00e9 Luis de Abreu Lima atuava no monitoramento de malotes com a organiza\u00e7\u00e3o criminosa e deu fuga aos executores Gustavo e Victor logo ap\u00f3s a pr\u00e1tica do roubo da farm\u00e1cia, juntamente com o Igor.<\/p>\n<p>Os suspeitos Gustavo e Victor atuavam como os executores do crime abordando os seguran\u00e7as do malote com arma de fogo e subtraindo a quantia, sendo que os dois foram reconhecidos pelo seguran\u00e7a, sendo que relatou, inclusive, que conseguiu observar Gustavo por outras vezes monitorando suas a\u00e7\u00f5es.<\/p>\n<p>A opera\u00e7\u00e3o policial recebeu o nome de \u201cFim de Festa\u201d, tendo em vista que os investigados possuem boa posi\u00e7\u00e3o social e gastam o dinheiro ganho nos roubos com bares, festas, boates, bebidas, roupas de marca e tr\u00e1fico de drogas. A Pol\u00edcia Civil descobriu que ap\u00f3s o roubo alguns dos investigados foram at\u00e9 um shopping na cidade de Ipatinga onde gastaram parte do dinheiro com a compra de roupas de marca, raz\u00e3o pela qual foi realizada a apreens\u00e3o de v\u00e1rias roupas na resid\u00eancia dos investigados.<\/p>\n<p>O delegado Almir Lugon salientou que o grande empenho nas investiga\u00e7\u00f5es do crime se deu em virtude de se tentar fornecer maior seguran\u00e7a para o transporte de valores dos comerciantes da cidade<\/p>\n<p>Na a\u00e7\u00e3o foram apreendidos 132 pedras de crack, dois carros, uma moto e roupas compradas com o dinheiro do roubo. Participaram da a\u00e7\u00e3o 16 policiais civis. <\/p>\n<p><img decoding=\"async\" src=\"http:\/\/aconteceunovale.com.br\/portal\/wp-content\/uploads\/2016\/10\/operacao_fim_de_festa_1.jpg\" alt=\"\" \/><em>Ve\u00edculo apreendido durante a opera\u00e7\u00e3o (Foto: Divulga\u00e7\u00e3o\/PCMG)<\/em><br \/>\n<\/br><\/p>\n<p><img decoding=\"async\" src=\"http:\/\/aconteceunovale.com.br\/portal\/wp-content\/uploads\/2016\/10\/operacao_fim_de_festa_2.jpg\" alt=\"\" \/><em>Ve\u00edculo apreendido durante a opera\u00e7\u00e3o (Foto: Divulga\u00e7\u00e3o\/PCMG)<\/em><br \/>\n<\/br><\/p>\n<p><img decoding=\"async\" src=\"http:\/\/aconteceunovale.com.br\/portal\/wp-content\/uploads\/2016\/10\/operacao_fim_de_festa_3.jpg\" alt=\"\" \/><em>Quatro suspeitos foram presos durante a opera\u00e7\u00e3o (Foto: Divulga\u00e7\u00e3o\/PCMG)<\/em><br \/>\n<\/br><\/p>\n<p><em>(Fonte: PCMG)<\/em><\/p>\n","protected":false},"excerpt":{"rendered":"<p>A Pol\u00edcia Civil realizou na manh\u00e3 desta quinta-feira (06\/10\/2016) a opera\u00e7\u00e3o \u201cFim de Festa\u201d, na cidade de Caratinga, regi\u00e3o do Rio Doce. A a\u00e7\u00e3o terminou com a pris\u00e3o de Gustavo Barboza Fernandes, Victor Matheus Souza Vieira, Andr\u00e9 Lu\u00eds de Abreu Lima e Igor Felipe Martins Vieira. De acordo com o delegado Almir Lugon, os investigados [&hellip;]<\/p>\n","protected":false},"author":1,"featured_media":98553,"comment_status":"open","ping_status":"closed","sticky":false,"template":"","format":"standard","meta":{"amp_status":"","footnotes":""},"categories":[121],"tags":[119324,119321,105222,237,119323,119319,119322,201,119315,119317,119316,119325,119318,105221,119320],"class_list":["post-98551","post","type-post","status-publish","format-standard","has-post-thumbnail","hentry","category-leste","tag-almir-lugon","tag-andre-luis-de-abreu-lima","tag-assaltos-caratinga","tag-caratinga","tag-delegado-almir-lugon","tag-gustavo-barboza-fernandes","tag-igor-felipe-martins-vieira","tag-ipatinga","tag-operacao-fim-de-festa","tag-operacao-fim-de-festa-em-caratinga","tag-presos-na-operacao-fim-de-festa","tag-quatro-suspeitos-de-roubo-sao-presos-durante-a-operacao-fim-de-festa-em-caratinga","tag-roubo-de-malotes-em-caratinga","tag-roubos-caratinga","tag-victor-matheus-souza-vieira"],"_links":{"self":[{"href":"https:\/\/aconteceunovale.com.br\/portal\/index.php?rest_route=\/wp\/v2\/posts\/98551","targetHints":{"allow":["GET"]}}],"collection":[{"href":"https:\/\/aconteceunovale.com.br\/portal\/index.php?rest_route=\/wp\/v2\/posts"}],"about":[{"href":"https:\/\/aconteceunovale.com.br\/portal\/index.php?rest_route=\/wp\/v2\/types\/post"}],"author":[{"embeddable":true,"href":"https:\/\/aconteceunovale.com.br\/portal\/index.php?rest_route=\/wp\/v2\/users\/1"}],"replies":[{"embeddable":true,"href":"https:\/\/aconteceunovale.com.br\/portal\/index.php?rest_route=%2Fwp%2Fv2%2Fcomments&post=98551"}],"version-history":[{"count":0,"href":"https:\/\/aconteceunovale.com.br\/portal\/index.php?rest_route=\/wp\/v2\/posts\/98551\/revisions"}],"wp:featuredmedia":[{"embeddable":true,"href":"https:\/\/aconteceunovale.com.br\/portal\/index.php?rest_route=\/wp\/v2\/media\/98553"}],"wp:attachment":[{"href":"https:\/\/aconteceunovale.com.br\/portal\/index.php?rest_route=%2Fwp%2Fv2%2Fmedia&parent=98551"}],"wp:term":[{"taxonomy":"category","embeddable":true,"href":"https:\/\/aconteceunovale.com.br\/portal\/index.php?rest_route=%2Fwp%2Fv2%2Fcategories&post=98551"},{"taxonomy":"post_tag","embeddable":true,"href":"https:\/\/aconteceunovale.com.br\/portal\/index.php?rest_route=%2Fwp%2Fv2%2Ftags&post=98551"}],"curies":[{"name":"wp","href":"https:\/\/api.w.org\/{rel}","templated":true}]}}