{"id":98548,"date":"2016-10-06T21:12:48","date_gmt":"2016-10-07T00:12:48","guid":{"rendered":"http:\/\/aconteceunovale.com.br\/portal\/?p=98548"},"modified":"2016-10-06T21:12:48","modified_gmt":"2016-10-07T00:12:48","slug":"policial-baleado-no-municipio-de-turmalina-e-transferido-para-bh","status":"publish","type":"post","link":"https:\/\/aconteceunovale.com.br\/portal\/?p=98548","title":{"rendered":"Policial baleado no munic\u00edpio de Turmalina \u00e9 transferido para BH"},"content":{"rendered":"<p>Policiais militares e civis est\u00e3o \u00e0 ca\u00e7a de quatro homens que atiraram contra a viatura dirigida pelo escriv\u00e3o Allan Ferreira Couto, de 30 anos, que foi atingido na cabe\u00e7a e est\u00e1 em estado grave. A troca de tiros ocorreu na tarde desta quinta-feira (06\/10\/2016), pr\u00f3ximo ao distrito Ca\u00e7aratiba, na zona rural de Turmalina, Vale do Jequitinhonha. <\/p>\n<p>De acordo com a Pol\u00edcia Civil, o escriv\u00e3o, que trabalha na Regional de Capelinha e est\u00e1 na Pol\u00edcia Civil desde 2013, iria cumprir mandado de pris\u00e3o contra acusados de envolvimento em roubos na regi\u00e3o de Turmalina. Antes de chegar \u00e0 \u00e1rea rural, ele foi surpreendido pelos criminosos, que abriram fogo.<\/p>\n<p>Al\u00e9m de Allan, havia outros policiais civis e militares na opera\u00e7\u00e3o. O escriv\u00e3o foi levado em coma para o hospital da cidade, onde recebeu os primeiros cuidados.<\/p>\n<p>No fim da tarde, ele foi transferido para a capital no avi\u00e3o Pegasus 12 da Pol\u00edcia Militar, com acompanhamento de m\u00e9dicos intensivista e neurologista. A aeronave pousou no come\u00e7o da noite desta quinta-feira no aeroporto da Pampulha e o policial foi levado para o Hospital Jo\u00e3o XXIII.<\/p>\n<p><img decoding=\"async\" src=\"http:\/\/aconteceunovale.com.br\/portal\/wp-content\/uploads\/2016\/10\/aviao_pm.jpg\" alt=\"\" \/><em>Escriv\u00e3o foi transferido para o Hospital Jo\u00e3o XXIII (foto: Reprodu\u00e7\u00e3o\/WhatsApp)<\/em><br \/>\n<\/br><\/p>\n<p><img decoding=\"async\" src=\"http:\/\/aconteceunovale.com.br\/portal\/wp-content\/uploads\/2016\/10\/pc_baleado_turmalina_1.jpg\" alt=\"\" \/><em>Allan Ferreira Couto \u00e9 natural de Ara\u00e7ua\u00ed (Foto: Reprodu\u00e7\u00e3o\/Facebook)<\/em><br \/>\n<\/br><\/p>\n<p><em>(Fonte: Estado de Minas)<\/em><\/p>\n","protected":false},"excerpt":{"rendered":"<p>Policiais militares e civis est\u00e3o \u00e0 ca\u00e7a de quatro homens que atiraram contra a viatura dirigida pelo escriv\u00e3o Allan Ferreira Couto, de 30 anos, que foi atingido na cabe\u00e7a e est\u00e1 em estado grave. A troca de tiros ocorreu na tarde desta quinta-feira (06\/10\/2016), pr\u00f3ximo ao distrito Ca\u00e7aratiba, na zona rural de Turmalina, Vale do [&hellip;]<\/p>\n","protected":false},"author":1,"featured_media":98549,"comment_status":"open","ping_status":"closed","sticky":false,"template":"","format":"standard","meta":{"amp_status":"","footnotes":""},"categories":[120],"tags":[119277,119275,116923,119276,119274,119273,186,33634,119180,119178,116922,8347,1018,57935,116928,6334,119182,119278,119279,119314,119284,119283,119281,119280,119282,48601,119181,119179,58074,178],"class_list":["post-98548","post","type-post","status-publish","format-standard","has-post-thumbnail","hentry","category-jequi","tag-alan-couto","tag-alan-ferreira-couto","tag-aldeir-souza-jardim","tag-allan-couto","tag-allan-ferreira-couto","tag-alvaro-diego-de-souza-mendes","tag-aracuai","tag-assalto-em-aracuai","tag-assalto-madoff-mineiro","tag-assalto-thales-maioline","tag-cacio-tiago-rodrigues","tag-cleberson-vieira-chaves","tag-destaque","tag-firv-consultoria-e-administracao-de-recursos-financeiros","tag-jonathan-pinheiro-tavares","tag-madoff-mineiro","tag-madoff-mineiro-e-vitima-de-assalto-em-aracuai","tag-policial-baleado-em-cacaratiba","tag-policial-baleado-em-turmalina","tag-policial-baleado-no-municipio-de-turmalina-e-transferido-para-bh","tag-policial-civil-e-baleado-na-cabeca-durante-troca-de-tiros-com-bandidos-em-turmalina","tag-policial-civil-e-baleado-na-cabeca-durante-troca-de-tiros-com-bandidos-no-municipio-de-turmalina","tag-policial-de-aracuai","tag-policial-de-aracuai-baleado","tag-policial-de-aracuai-baleado-em-turmalina","tag-roubo-em-aracuai","tag-roubo-madoff-mineiro","tag-roubo-thales-maioline","tag-thales-maioline","tag-turmalina"],"_links":{"self":[{"href":"https:\/\/aconteceunovale.com.br\/portal\/index.php?rest_route=\/wp\/v2\/posts\/98548","targetHints":{"allow":["GET"]}}],"collection":[{"href":"https:\/\/aconteceunovale.com.br\/portal\/index.php?rest_route=\/wp\/v2\/posts"}],"about":[{"href":"https:\/\/aconteceunovale.com.br\/portal\/index.php?rest_route=\/wp\/v2\/types\/post"}],"author":[{"embeddable":true,"href":"https:\/\/aconteceunovale.com.br\/portal\/index.php?rest_route=\/wp\/v2\/users\/1"}],"replies":[{"embeddable":true,"href":"https:\/\/aconteceunovale.com.br\/portal\/index.php?rest_route=%2Fwp%2Fv2%2Fcomments&post=98548"}],"version-history":[{"count":0,"href":"https:\/\/aconteceunovale.com.br\/portal\/index.php?rest_route=\/wp\/v2\/posts\/98548\/revisions"}],"wp:featuredmedia":[{"embeddable":true,"href":"https:\/\/aconteceunovale.com.br\/portal\/index.php?rest_route=\/wp\/v2\/media\/98549"}],"wp:attachment":[{"href":"https:\/\/aconteceunovale.com.br\/portal\/index.php?rest_route=%2Fwp%2Fv2%2Fmedia&parent=98548"}],"wp:term":[{"taxonomy":"category","embeddable":true,"href":"https:\/\/aconteceunovale.com.br\/portal\/index.php?rest_route=%2Fwp%2Fv2%2Fcategories&post=98548"},{"taxonomy":"post_tag","embeddable":true,"href":"https:\/\/aconteceunovale.com.br\/portal\/index.php?rest_route=%2Fwp%2Fv2%2Ftags&post=98548"}],"curies":[{"name":"wp","href":"https:\/\/api.w.org\/{rel}","templated":true}]}}