{"id":98529,"date":"2016-10-06T20:39:42","date_gmt":"2016-10-06T23:39:42","guid":{"rendered":"http:\/\/aconteceunovale.com.br\/portal\/?p=98529"},"modified":"2016-10-06T20:39:46","modified_gmt":"2016-10-06T23:39:46","slug":"pdt-contraria-sargento-rodrigues-e-apoiara-kalil-em-belo-horizonte","status":"publish","type":"post","link":"https:\/\/aconteceunovale.com.br\/portal\/?p=98529","title":{"rendered":"PDT contraria Sargento Rodrigues e apoiar\u00e1 Kalil em Belo Horizonte"},"content":{"rendered":"<p>Um dia ap\u00f3s o candidato Sargento Rodrigues (PDT) declarar apoio a Jo\u00e3o Leite (PSDB) na disputa do segundo turno da elei\u00e7\u00e3o para a prefeitura de Belo Horizonte, a dire\u00e7\u00e3o estadual do seu partido reuniu-se e tomou decis\u00e3o diversa. O PDT vai apoiar Alexandre Kalil (PHS).<\/p>\n<p>Jo\u00e3o Leite e Alexandre Kalil disputar\u00e3o o segundo turno na capital mineira ap\u00f3s figurarem como os dois mais votados na elei\u00e7\u00e3o do dia 2 de outubro. O tucano obteve 33,4% do votos. J\u00e1 Kalil somou 26,56% da prefer\u00eancia do eleitorado.<\/p>\n<p>Em nota, a dire\u00e7\u00e3o estadual do PDT considerou que \u00e9 &#8220;tempo de renova\u00e7\u00e3o da esperan\u00e7a em todos os trabalhadores e trabalhadoras e n\u00f3s optamos sempre pelo lado de quem trabalha e produz neste pa\u00eds&#8221;. O texto indica a exist\u00eancia de diverg\u00eancias com a candidatura de Jo\u00e3o Leite, ao afirmar que &#8220;n\u00e3o existe possibilidade de comungarmos com um programa que v\u00e1 \u00e0 contram\u00e3o disso&#8221;. A decis\u00e3o pelo apoio ao Kalil se deu por 19 votos favor\u00e1veis e duas absten\u00e7\u00f5es.<\/p>\n<p>Este \u00e9 o segundo partido que registra diverg\u00eancias internas sobre a posi\u00e7\u00e3o a ser adotada no segundo turno. Ontem (5), deputados estaduais do PMDB publicaram uma nota desautorizando o apoio a Jo\u00e3o Leite anunciado pelo candidato derrotado no primeiro turno Rodrigo Pacheco (PMDB) e pelo vice-governador mineiro Ant\u00f4nio Andrade (PMDB).<\/p>\n<p><strong>Dificuldades<\/strong><\/p>\n<p>O lan\u00e7amento do nome de Sargento Rodrigues como candidato \u00e0 prefeitura de Belo Horizonte provocou conflitos internos na legenda. Na conven\u00e7\u00e3o partid\u00e1ria feita em julho, uma ala do PDT se op\u00f4s \u00e0 candidatura pr\u00f3pria e defendeu uma alian\u00e7a com o PSB. Com os \u00e2nimos exaltados e sem acordo, a decis\u00e3o foi adiada. Sargento Rodrigues s\u00f3 obteve o respaldo interno do partido ap\u00f3s costurar o apoio do PTB , que indicou como candidato \u00e0 vice na coliga\u00e7\u00e3o o advogado Edson Jos\u00e9 Pereira.<\/p>\n<p>No entanto, a candidatura n\u00e3o decolou. Em uma disputa com 11 nomes, Sargento Rodrigues ficou em 9\u00ba com 2,88% dos votos. Foi tamb\u00e9m a primeira vez desde a redemocratiza\u00e7\u00e3o que o PDT n\u00e3o elegeu nenhum vereador para a C\u00e2mara Municipal de Belo Horizonte. O PTB, legenda aliada na coliga\u00e7\u00e3o, tamb\u00e9m n\u00e3o ter\u00e1 representante no legislativo da capital mineira a partir do ano que vem. (Ag\u00eancia Brasil)<\/p>\n","protected":false},"excerpt":{"rendered":"<p>Um dia ap\u00f3s o candidato Sargento Rodrigues (PDT) declarar apoio a Jo\u00e3o Leite (PSDB) na disputa do segundo turno da elei\u00e7\u00e3o para a prefeitura de Belo Horizonte, a dire\u00e7\u00e3o estadual do seu partido reuniu-se e tomou decis\u00e3o diversa. O PDT vai apoiar Alexandre Kalil (PHS). Jo\u00e3o Leite e Alexandre Kalil disputar\u00e3o o segundo turno na [&hellip;]<\/p>\n","protected":false},"author":1,"featured_media":98530,"comment_status":"open","ping_status":"closed","sticky":false,"template":"","format":"standard","meta":{"amp_status":"","footnotes":""},"categories":[79927,123],"tags":[25087,109048,117706,117713,194,111101,111102,107337,107300,107336,107342,107338,107339,107335,107341,107340,107334,107316,107325,107321,107331,111103,109046,107322,107332,117705,117715,117703,117712,107347,111104,117716,117708,107343,107315,107323,117701,117709,109047,119296,59515,111105,107324,78864,107333,111106,107330,118755,107344,107345,107346,119292,107320,107329,118759,107318,107327,118760,119294,119293,119291,119290,118756,107319,107328,107317,107326,117702,117710,17367,119297,119295,117707,117714,117704,117711,118757,118758],"class_list":["post-98529","post","type-post","status-publish","format-standard","has-post-thumbnail","hentry","category-eleicoes-2016-2","category-gerais","tag-alexandre-kalil","tag-aplicativo-candidaturas-2016","tag-apuracao-eleicoes-2016","tag-apuracao-eleicoes-municipais-2016","tag-belo-horizonte","tag-candidato-a-prefeito-de-belo-horizonte","tag-candidato-a-prefeito-eleicoes-2016-belo-horizonte","tag-candidatos-a-prefeito-de","tag-candidatos-a-prefeito-de-belo-horizonte","tag-candidatos-a-prefeito-eleicoes-2016","tag-candidatos-a-prefeito-eleicoes-municipais-2016","tag-candidatos-a-prefeito-em","tag-candidatos-a-vereador-de","tag-candidatos-a-vereador-eleicoes-2016","tag-candidatos-a-vereador-eleicoes-municipais-2016","tag-candidatos-a-vereador-em","tag-candidatos-a-vereador-em-2016","tag-candidatos-eleicoes-2016","tag-candidatos-eleicoes-2016-minas-gerais","tag-candidatos-eleicoes-municipais-2016","tag-candidatos-eleicoes-municipais-2016-minas-gerais","tag-candidatos-em-belo-horizonte","tag-candidaturas-2016","tag-candidaturas-eleicoes-municipais-2016","tag-candidaturas-eleicoes-municipais-2016-minas-gerais","tag-consultar-apuracao-eleicoes-2016","tag-consultar-apuracao-eleicoes-municipais-2016","tag-consultar-resultados-das-eleicoes-2016","tag-consultar-resultados-das-eleicoes-municipais-2016","tag-consultas-sobre-candidatos-2016","tag-disputa-eleitoral-belo-horizonte","tag-divulgacao-apuracao-eleicoes-municipais-2016","tag-divulgacao-da-apuracao-eleicoes-2016","tag-divulgacao-de-candidaturas-2016","tag-divulgacao-de-candidaturas-eleicoes-2016","tag-divulgacao-de-candidaturas-eleicoes-2016-minas-gerais","tag-divulgacao-dos-resultados-das-eleicoes-2016","tag-divulgacao-dos-resultados-das-eleicoes-municipais-2016","tag-download-aplicativo-candidaturas-2016","tag-eleicao-para-a-prefeitura-de-belo-horizonte","tag-eleicoes-2016","tag-eleicoes-2016-belo-horizonte","tag-eleicoes-2016-minas-gerais","tag-eleicoes-municipais-2016","tag-eleicoes-municipais-2016-divulgacao-de-candidaturas","tag-eleicoes-municipais-2016-em-belo-horizonte","tag-eleicoes-municipais-2016-minas-gerais","tag-eleitos-em-belo-horizonte","tag-informacoes-detalhadas-sobre-todos-os-candidatos-de-2016","tag-informacoes-sobre-todos-os-candidatos","tag-informacoes-sobre-todos-os-candidatos-de-2016","tag-kalil","tag-lista-candidaturas-eleicoes-2016","tag-lista-candidaturas-eleicoes-2016-minas-gerais","tag-lista-de-eleitos-em-belo-horizonte","tag-lista-de-todos-os-candidatos-eleicoes-2016","tag-lista-de-todos-os-candidatos-eleicoes-2016-minas-gerais","tag-lista-de-vereadores-eleitos-em-belo-horizonte","tag-pdt-apoiara-kalil-em-belo-horizonte","tag-pdt-contraria-sargento-rodrigues","tag-pdt-contraria-sargento-rodrigues-e-apoiara-kalil-em-belo-horizonte","tag-pdt-em-minas-gerais-contraria-sargento-rodrigues-e-apoiara-kalil-em-bh","tag-prefeito-eleito-em-belo-horizonte","tag-relacao-candidaturas-eleicoes-2016","tag-relacao-candidaturas-eleicoes-2016-minas-gerais","tag-relacao-de-todos-os-candidatos-eleicoes-2016","tag-relacao-de-todos-os-candidatos-eleicoes-2016-minas-gerais","tag-resultados-das-eleicoes-2016","tag-resultados-das-eleicoes-municipais-2016","tag-sargento-rodrigues","tag-segundo-turno-belo-horizonte","tag-segundo-turno-da-eleicao-para-a-prefeitura-de-belo-horizonte","tag-ver-apuracao-eleicoes-2016","tag-ver-apuracao-eleicoes-municipais-2016","tag-ver-resultados-das-eleicoes-2016","tag-ver-resultados-das-eleicoes-municipais-2016","tag-vereador-eleito-em-belo-horizonte","tag-vereadores-eleitos-em-belo-horizonte"],"_links":{"self":[{"href":"https:\/\/aconteceunovale.com.br\/portal\/index.php?rest_route=\/wp\/v2\/posts\/98529","targetHints":{"allow":["GET"]}}],"collection":[{"href":"https:\/\/aconteceunovale.com.br\/portal\/index.php?rest_route=\/wp\/v2\/posts"}],"about":[{"href":"https:\/\/aconteceunovale.com.br\/portal\/index.php?rest_route=\/wp\/v2\/types\/post"}],"author":[{"embeddable":true,"href":"https:\/\/aconteceunovale.com.br\/portal\/index.php?rest_route=\/wp\/v2\/users\/1"}],"replies":[{"embeddable":true,"href":"https:\/\/aconteceunovale.com.br\/portal\/index.php?rest_route=%2Fwp%2Fv2%2Fcomments&post=98529"}],"version-history":[{"count":0,"href":"https:\/\/aconteceunovale.com.br\/portal\/index.php?rest_route=\/wp\/v2\/posts\/98529\/revisions"}],"wp:featuredmedia":[{"embeddable":true,"href":"https:\/\/aconteceunovale.com.br\/portal\/index.php?rest_route=\/wp\/v2\/media\/98530"}],"wp:attachment":[{"href":"https:\/\/aconteceunovale.com.br\/portal\/index.php?rest_route=%2Fwp%2Fv2%2Fmedia&parent=98529"}],"wp:term":[{"taxonomy":"category","embeddable":true,"href":"https:\/\/aconteceunovale.com.br\/portal\/index.php?rest_route=%2Fwp%2Fv2%2Fcategories&post=98529"},{"taxonomy":"post_tag","embeddable":true,"href":"https:\/\/aconteceunovale.com.br\/portal\/index.php?rest_route=%2Fwp%2Fv2%2Ftags&post=98529"}],"curies":[{"name":"wp","href":"https:\/\/api.w.org\/{rel}","templated":true}]}}