{"id":98525,"date":"2016-10-06T19:17:37","date_gmt":"2016-10-06T22:17:37","guid":{"rendered":"http:\/\/aconteceunovale.com.br\/portal\/?p=98525"},"modified":"2016-10-06T19:17:37","modified_gmt":"2016-10-06T22:17:37","slug":"cedec-inicia-distribuicao-de-agua-potavel-em-10-municipios-do-norte-de-minas-e-vale-do-jequitinhonha","status":"publish","type":"post","link":"https:\/\/aconteceunovale.com.br\/portal\/?p=98525","title":{"rendered":"Cedec inicia distribui\u00e7\u00e3o de \u00e1gua pot\u00e1vel em 10 munic\u00edpios do Norte de Minas e Vale do Jequitinhonha"},"content":{"rendered":"<p>A\u00a0Coordenadoria Estadual de Defesa Civil (Cedec)\u00a0iniciou na \u00faltima segunda-feira (3\/10) a Opera\u00e7\u00e3o de Transporte e Distribui\u00e7\u00e3o de \u00c1gua Pot\u00e1vel (TDAP) para atendimento aos munic\u00edpios que se encontram em situa\u00e7\u00e3o de anormalidade provocados pela seca ou estiagem.<\/p>\n<p>A opera\u00e7\u00e3o teve in\u00edcio em 10 munic\u00edpios que tiveram todos os requisitos legais e t\u00e9cnicos exigidos na solicita\u00e7\u00e3o do chefe do Poder Executivo Municipal em observ\u00e2ncia a Resolu\u00e7\u00e3o n.03, de 25 de agosto de 2016 do Gabinete Militar do Governador.\u00a0<a href=\"http:\/\/www.defesacivil.mg.gov.br\/index.php\/servidor\/2014-04-01-17-11-35\/resolucoes\" target=\"_blank\"><font color=\"blue\">Clique aqui para acessar a Resolu\u00e7\u00e3o n. 03\/2016<\/font><\/a>.<\/p>\n<p>Os munic\u00edpios atendidos nesta etapa s\u00e3o: Ara\u00e7ua\u00ed, Berilo, Cachoeira do Paje\u00fa, Francisco Badar\u00f3, Indaiabira, Itacambira, Jenipapo de Minas, Ninheira, Pai Pedro e S\u00e3o Jo\u00e3o do Para\u00edso.<\/p>\n<p>Essa a\u00e7\u00e3o da Cedec\/MG demonstra o car\u00e1ter cooperativo da Coordenadoria com os demais entes da federa\u00e7\u00e3o n\u00e3o medindo esfor\u00e7os para prestar servi\u00e7o de qualidade direto \u00e0 popula\u00e7\u00e3o atingida pela seca ou estiagem.<\/p>\n<p>A Cedec ressalta a import\u00e2ncia da participa\u00e7\u00e3o da comunidade para garantir o sucesso do atendimento \u00e0 popula\u00e7\u00e3o, fiscalizando, sugerindo e denunciando irregularidades, por meio da central de atendimento da Cedec pelos seguintes telefones: (31) 3915-0199, 3915-1093, 99818-2400, ou envie mensagem para o email: defefesacivil@defesacivil.mg.gov.br.<\/p>\n<p><img decoding=\"async\" src=\"http:\/\/aconteceunovale.com.br\/portal\/wp-content\/uploads\/2016\/10\/distribuicao_agua_1.jpg\" alt=\"\" \/><\/p>\n<p><img decoding=\"async\" src=\"http:\/\/aconteceunovale.com.br\/portal\/wp-content\/uploads\/2016\/10\/distribuicao_agua_2.jpg\" alt=\"\" \/><br \/>\n<\/br><\/p>\n<p>(Ag\u00eancia Minas)<\/p>\n","protected":false},"excerpt":{"rendered":"<p>A\u00a0Coordenadoria Estadual de Defesa Civil (Cedec)\u00a0iniciou na \u00faltima segunda-feira (3\/10) a Opera\u00e7\u00e3o de Transporte e Distribui\u00e7\u00e3o de \u00c1gua Pot\u00e1vel (TDAP) para atendimento aos munic\u00edpios que se encontram em situa\u00e7\u00e3o de anormalidade provocados pela seca ou estiagem. A opera\u00e7\u00e3o teve in\u00edcio em 10 munic\u00edpios que tiveram todos os requisitos legais e t\u00e9cnicos exigidos na solicita\u00e7\u00e3o do [&hellip;]<\/p>\n","protected":false},"author":1,"featured_media":65521,"comment_status":"open","ping_status":"closed","sticky":false,"template":"","format":"standard","meta":{"amp_status":"","footnotes":""},"categories":[1236,120],"tags":[186,841,1107,119289,119288,119285,119287,119286,14797,187,3557,1696,1218,1804,3059,1403,14796],"class_list":["post-98525","post","type-post","status-publish","format-standard","has-post-thumbnail","hentry","category-norte_de_minas","category-jequi","tag-aracuai","tag-berilo","tag-cachoeira-do-pajeu","tag-cedec-inicia-distribuicao-de-agua-potavel-em-10-municipios-do-norte-de-minas-e-vale-do-jequitinhonha","tag-cedec-inicia-distribuicao-de-agua-potavel-em-municipios-do-norte-de-minas-e-vale-do-jequitinhonha","tag-distribuicao-de-agua-potavel","tag-distribuicao-de-agua-potavel-atende-dez-municipios-das-regioes-norte-de-minas-e-vale-do-jequitinhonha","tag-distribuicao-de-agua-potavel-vale-do-jequitinhonha","tag-estiagem-no-vale-do-jequitinhonha","tag-francisco-badaro","tag-indaiabira","tag-itacambira","tag-jenipapo-de-minas","tag-ninheira","tag-pai-pedro","tag-sao-joao-do-paraiso","tag-seca-no-vale-do-jequitinhonha"],"_links":{"self":[{"href":"https:\/\/aconteceunovale.com.br\/portal\/index.php?rest_route=\/wp\/v2\/posts\/98525","targetHints":{"allow":["GET"]}}],"collection":[{"href":"https:\/\/aconteceunovale.com.br\/portal\/index.php?rest_route=\/wp\/v2\/posts"}],"about":[{"href":"https:\/\/aconteceunovale.com.br\/portal\/index.php?rest_route=\/wp\/v2\/types\/post"}],"author":[{"embeddable":true,"href":"https:\/\/aconteceunovale.com.br\/portal\/index.php?rest_route=\/wp\/v2\/users\/1"}],"replies":[{"embeddable":true,"href":"https:\/\/aconteceunovale.com.br\/portal\/index.php?rest_route=%2Fwp%2Fv2%2Fcomments&post=98525"}],"version-history":[{"count":0,"href":"https:\/\/aconteceunovale.com.br\/portal\/index.php?rest_route=\/wp\/v2\/posts\/98525\/revisions"}],"wp:featuredmedia":[{"embeddable":true,"href":"https:\/\/aconteceunovale.com.br\/portal\/index.php?rest_route=\/wp\/v2\/media\/65521"}],"wp:attachment":[{"href":"https:\/\/aconteceunovale.com.br\/portal\/index.php?rest_route=%2Fwp%2Fv2%2Fmedia&parent=98525"}],"wp:term":[{"taxonomy":"category","embeddable":true,"href":"https:\/\/aconteceunovale.com.br\/portal\/index.php?rest_route=%2Fwp%2Fv2%2Fcategories&post=98525"},{"taxonomy":"post_tag","embeddable":true,"href":"https:\/\/aconteceunovale.com.br\/portal\/index.php?rest_route=%2Fwp%2Fv2%2Ftags&post=98525"}],"curies":[{"name":"wp","href":"https:\/\/api.w.org\/{rel}","templated":true}]}}