{"id":98511,"date":"2016-10-06T10:33:34","date_gmt":"2016-10-06T13:33:34","guid":{"rendered":"http:\/\/aconteceunovale.com.br\/portal\/?p=98511"},"modified":"2016-10-06T10:33:34","modified_gmt":"2016-10-06T13:33:34","slug":"greve-dos-bancarios-pode-terminar-hoje-em-todo-o-pais","status":"publish","type":"post","link":"https:\/\/aconteceunovale.com.br\/portal\/?p=98511","title":{"rendered":"Greve dos banc\u00e1rios pode terminar hoje em todo o pa\u00eds"},"content":{"rendered":"<p>A paralisa\u00e7\u00e3o dos banc\u00e1rios, que completa 31 dias, pode ser encerrada no fim da tarde desta quinta-feira (06\/10\/2016). O Comando Nacional dos Banc\u00e1rios est\u00e1 orientando a categoria a aprovar a nova proposta feita ontem (5), pela Federa\u00e7\u00e3o Nacional dos Bancos (Fenaban), nas assembleias que v\u00e3o ocorrer \u00e0s 17h.<\/p>\n<p>Os banqueiros elevaram a oferta de 7% para 8% de reajuste salarial e tamb\u00e9m ofereceram um abono de R$ 3,5 mil e a garantia de conceder, no pr\u00f3ximo ano, a reposi\u00e7\u00e3o da infla\u00e7\u00e3o e 1% de aumento real, entre outros benef\u00edcios.<\/p>\n<p>Nessa d\u00e9cima rodada de negocia\u00e7\u00f5es, os bancos se comprometeram ainda a corrigir o vale-alimenta\u00e7\u00e3o em 15%; o vale-refei\u00e7\u00e3o e o aux\u00edlio creche\/bab\u00e1 em 10% e a implantar a licen\u00e7a-paternidade de 20 dias. Em rela\u00e7\u00e3o \u00e0 Participa\u00e7\u00e3o nos Lucros e Resultados (PLR), o acordo prev\u00ea parcela adicional de 2,2% do lucro l\u00edquido dividido linearmente para todos, limitado a R$ 4.367,07, sendo que a primeira parcela ser\u00e1 paga at\u00e9 dez dias ap\u00f3s assinatura do Contrato de Conven\u00e7\u00e3o Coletiva.<\/p>\n<p>Por meio de nota, a Confedera\u00e7\u00e3o Nacional dos Trabalhadores do Ramo Financeiro (Contraf) observou que a defesa do emprego est\u00e1 entre as prioridades e que \u201cneste sentido, a negocia\u00e7\u00e3o conquistou a instala\u00e7\u00e3o de um Centro de Realoca\u00e7\u00e3o e Requalifica\u00e7\u00e3o Profissional nos bancos\u201d.<\/p>\n<p><strong>Dias parados n\u00e3o ser\u00e3o descontados<\/strong><\/p>\n<p>Os dias parados n\u00e3o ser\u00e3o descontados, mas desde que a categoria ponha um fim \u00e0 greve nas assembleias de hoje (6), retornando ao trabalho amanh\u00e3 (7).<\/p>\n<p>Para o presidente da Contraf-CUT e um dos coordenadores do Comando Nacional dos Banc\u00e1rios, Roberto von der Osten, \u201cos banc\u00e1rios saem vitoriosos de uma das campanhas mais dif\u00edceis dos \u00faltimos anos, impactada pela conjuntura pol\u00edtica e econ\u00f4mica do pa\u00eds\u201d, salientou ele, por meio de nota. Informou que, inicialmente, a Fenaban havia oferecido reajuste de 6,5% nos sal\u00e1rios.<\/p>\n<p>O l\u00edder dos banc\u00e1rios considerou ainda um avan\u00e7o fechar quest\u00e3o sobre o acordo coletivo de 2017 com a garantia da reposi\u00e7\u00e3o inflacion\u00e1ria e de aumento real, al\u00e9m dos reajustes dos benef\u00edcios com alimenta\u00e7\u00e3o e aux\u00edlio creche\/bab\u00e1. \u201cGarantimos a extens\u00e3o dos direitos e valores para todos os bancos p\u00fablicos, diferente dos anos 90, mas uma vit\u00f3ria in\u00e9dita foi a garantia do n\u00e3o desconto e da n\u00e3o compensa\u00e7\u00e3o dos dias da greve, um instrumento medieval de puni\u00e7\u00e3o dos grevistas\u201d, apontou.<\/p>\n<p>A vice-presidenta da Contraf-CUT e uma das coordenadoras do Comando Nacional dos Banc\u00e1rios, Juvandia Moreira, tamb\u00e9m fez um balan\u00e7o positivo das negocia\u00e7\u00f5es. Disse que elas ocorreram \u201cem um ambiente de alta incerteza pol\u00edtica e econ\u00f4mica\u201d. Dados da entidade indicam que ontem (5) mantiveram-se parados os atendimentos ao p\u00fablico em 13.123 ag\u00eancias e 43 centros administrativos, o equivalente a mais da metade (55%) das institui\u00e7\u00f5es em todo o pa\u00eds. (Ag\u00eancia Brasil)<\/p>\n","protected":false},"excerpt":{"rendered":"<p>A paralisa\u00e7\u00e3o dos banc\u00e1rios, que completa 31 dias, pode ser encerrada no fim da tarde desta quinta-feira (06\/10\/2016). O Comando Nacional dos Banc\u00e1rios est\u00e1 orientando a categoria a aprovar a nova proposta feita ontem (5), pela Federa\u00e7\u00e3o Nacional dos Bancos (Fenaban), nas assembleias que v\u00e3o ocorrer \u00e0s 17h. Os banqueiros elevaram a oferta de 7% [&hellip;]<\/p>\n","protected":false},"author":1,"featured_media":70319,"comment_status":"open","ping_status":"closed","sticky":false,"template":"","format":"standard","meta":{"amp_status":"","footnotes":""},"categories":[6],"tags":[119270,119271,64347,17062,117337,115222,119272,62076,114133],"class_list":["post-98511","post","type-post","status-publish","format-standard","has-post-thumbnail","hentry","category-br","tag-assembleias","tag-encerramento-da-greve-dos-bancarios","tag-fim-da-greve-dos-bancarios","tag-greve-dos-bancarios","tag-greve-dos-bancarios-brasileiros","tag-greve-dos-bancarios-no-brasil","tag-greve-dos-bancarios-pode-terminar-hoje-em-todo-o-pais","tag-reivindicacoes","tag-reivindicacoes-dos-bancarios"],"_links":{"self":[{"href":"https:\/\/aconteceunovale.com.br\/portal\/index.php?rest_route=\/wp\/v2\/posts\/98511","targetHints":{"allow":["GET"]}}],"collection":[{"href":"https:\/\/aconteceunovale.com.br\/portal\/index.php?rest_route=\/wp\/v2\/posts"}],"about":[{"href":"https:\/\/aconteceunovale.com.br\/portal\/index.php?rest_route=\/wp\/v2\/types\/post"}],"author":[{"embeddable":true,"href":"https:\/\/aconteceunovale.com.br\/portal\/index.php?rest_route=\/wp\/v2\/users\/1"}],"replies":[{"embeddable":true,"href":"https:\/\/aconteceunovale.com.br\/portal\/index.php?rest_route=%2Fwp%2Fv2%2Fcomments&post=98511"}],"version-history":[{"count":0,"href":"https:\/\/aconteceunovale.com.br\/portal\/index.php?rest_route=\/wp\/v2\/posts\/98511\/revisions"}],"wp:featuredmedia":[{"embeddable":true,"href":"https:\/\/aconteceunovale.com.br\/portal\/index.php?rest_route=\/wp\/v2\/media\/70319"}],"wp:attachment":[{"href":"https:\/\/aconteceunovale.com.br\/portal\/index.php?rest_route=%2Fwp%2Fv2%2Fmedia&parent=98511"}],"wp:term":[{"taxonomy":"category","embeddable":true,"href":"https:\/\/aconteceunovale.com.br\/portal\/index.php?rest_route=%2Fwp%2Fv2%2Fcategories&post=98511"},{"taxonomy":"post_tag","embeddable":true,"href":"https:\/\/aconteceunovale.com.br\/portal\/index.php?rest_route=%2Fwp%2Fv2%2Ftags&post=98511"}],"curies":[{"name":"wp","href":"https:\/\/api.w.org\/{rel}","templated":true}]}}