{"id":98488,"date":"2016-10-05T23:26:57","date_gmt":"2016-10-06T02:26:57","guid":{"rendered":"http:\/\/aconteceunovale.com.br\/portal\/?p=98488"},"modified":"2016-10-05T23:26:57","modified_gmt":"2016-10-06T02:26:57","slug":"quatro-pessoas-da-mesma-familia-ficam-feridas-em-acidente-na-br-365-no-norte-de-minas","status":"publish","type":"post","link":"https:\/\/aconteceunovale.com.br\/portal\/?p=98488","title":{"rendered":"Quatro pessoas da mesma fam\u00edlia ficam feridas em acidente na BR-365, no Norte de Minas"},"content":{"rendered":"<p>Quatro pessoas de uma mesma fam\u00edlia ficaram feridas ap\u00f3s acidente na BR-365 na manh\u00e3 desta quarta-feira (05\/10\/2016). O carro em que eles viajavam bateu contra uma \u00e1rvore no km 129, pr\u00f3ximo a Barra do Guaicu\u00ed. Entre as v\u00edtimas, uma mulher, de 33 anos, foi socorrida em estado grave. Segundo o Corpo de Bombeiros de Pirapora, ela teve parada card\u00edaca.<\/p>\n<p>O acidente ocorreu por volta das 9h e n\u00e3o chovia no trecho. O condutor do ve\u00edculo n\u00e3o soube explicar o que teria ocorrido no momento do acidente, que ocorreu em uma reta. No carro, estava ele, dois filhos, de 11 e 6 anos, e a esposa socorrida em estado grave.<\/p>\n<p>As duas crian\u00e7as tiveram ferimentos na regi\u00e3o do t\u00f3rax e, o mais novo, tamb\u00e9m na coluna. Eles, junto ao pai, foram socorridos ao hospital de Pirapora. A mulher foi socorrida pelo SAMU tamb\u00e9m para Pirapora.<\/p>\n<p>As v\u00edtimas sa\u00edram na manh\u00e3 desta quarta-feira de Serran\u00f3polis de Minas e seguiam sentido S\u00e3o Paulo.<\/p>\n<p><img decoding=\"async\" src=\"http:\/\/aconteceunovale.com.br\/portal\/wp-content\/uploads\/2016\/10\/acidente_365.jpeg\" alt=\"\" \/><em>Carro ficou completamente destru\u00eddo ap\u00f3s acidente (Foto: Corpo de Bombeiros\/Divulga\u00e7\u00e3o)<\/em><br \/>\n<\/br><\/p>\n<h1><strong>Outros acidentes<\/strong><\/h1>\n<p><strong>Tr\u00eas mulheres ficam feridas em acidente na MG-122<\/strong><\/p>\n<p>Tr\u00eas mulheres ficaram feridas em um acidente nesta ter\u00e7a-feira (4) na rodovia MG-122, em Jana\u00faba, no Norte de Minas. De acordo com a Pol\u00edcia Rodovi\u00e1ria Estadual, uma caminhonete seguia na rodovia em dire\u00e7\u00e3o \u00e0 cidade de Capit\u00e3o En\u00e9as, mas, devido \u00e0 pista molhada, o condutor perdeu o controle da dire\u00e7\u00e3o, rodou na pista e capotou na altura do km-185.<\/p>\n<p>A PM informou tamb\u00e9m que uma cegonheira seguia logo atr\u00e1s e o condutor tamb\u00e9m perdeu o controle da dire\u00e7\u00e3o e acabou batendo em um barranco \u00e0s margens da pista. O condutor da carreta n\u00e3o ficou ferido.<\/p>\n<p>As tr\u00eas v\u00edtimas, de acordo com a PM, viajavam na caminhonete e tiveram ferimentos leves. Elas foram encaminhadas ao Hospital Regional de Jana\u00faba pelo Corpo de Bombeiros e Samu.<\/p>\n<p><strong>Tr\u00eas pessoas ficam feridas em acidente BR-251<\/strong><\/p>\n<p>Dois homens, de 21 e 30 anos, e uma mulher, de 21, ficaram feridos em um acidente na BR-251, em Francisco S\u00e1, nessa segunda-feira (3). Segundo as informa\u00e7\u00f5es da Pol\u00edcia Rodovi\u00e1ria Federal, eles seguiam de carro de Salinas (MG) para S\u00e3o Paulo (SP). O motorista tinha habilita\u00e7\u00e3o apenas para conduzir moto.<\/p>\n<p>Ainda de acordo com a PRF,  o condutor afirmou que perdeu o controle da dire\u00e7\u00e3o por causa das ondula\u00e7\u00f5es na rodovia e acabou saindo da pista. H\u00e1 suspeita de que ele estava trafegando com velocidade acima do permitido.<\/p>\n<p><em>(G1 Grande Minas)<\/em><\/p>\n","protected":false},"excerpt":{"rendered":"<p>Quatro pessoas de uma mesma fam\u00edlia ficaram feridas ap\u00f3s acidente na BR-365 na manh\u00e3 desta quarta-feira (05\/10\/2016). O carro em que eles viajavam bateu contra uma \u00e1rvore no km 129, pr\u00f3ximo a Barra do Guaicu\u00ed. Entre as v\u00edtimas, uma mulher, de 33 anos, foi socorrida em estado grave. Segundo o Corpo de Bombeiros de Pirapora, [&hellip;]<\/p>\n","protected":false},"author":1,"featured_media":98489,"comment_status":"open","ping_status":"closed","sticky":false,"template":"","format":"standard","meta":{"amp_status":"","footnotes":""},"categories":[1236],"tags":[9852,119220,119225,119221,31601,119217,119218,119222,86636,2981,204,70648,119219,190,2671,119223,119224],"class_list":["post-98488","post","type-post","status-publish","format-standard","has-post-thumbnail","hentry","category-norte_de_minas","tag-acidente-em-janauba","tag-acidente-familia-serranopolis-de-minas","tag-acidente-francisco-sa","tag-acidente-moradores-de-serranopolis-de-minas","tag-acidente-na-br-365","tag-acidente-perto-de-barra-do-guaicui","tag-acidente-proximo-a-barra-do-guaicui","tag-acidente-veiculo-que-seguia-de-serranopolis-de-minas-para-sao-paulo","tag-barra-do-guaicui","tag-br-365","tag-janauba","tag-quatro-pessoas-da-mesma-familia-ficam-feridas-em-acidente-na-br-365","tag-quatro-pessoas-da-mesma-familia-ficam-feridas-em-acidente-na-br-365-no-norte-de-minas","tag-salinas","tag-serranopolis-de-minas","tag-tres-mulheres-ficam-feridas-apos-acidente-na-mg-122","tag-tres-mulheres-ficam-feridas-apos-acidente-na-mg-122-em-janauba"],"_links":{"self":[{"href":"https:\/\/aconteceunovale.com.br\/portal\/index.php?rest_route=\/wp\/v2\/posts\/98488","targetHints":{"allow":["GET"]}}],"collection":[{"href":"https:\/\/aconteceunovale.com.br\/portal\/index.php?rest_route=\/wp\/v2\/posts"}],"about":[{"href":"https:\/\/aconteceunovale.com.br\/portal\/index.php?rest_route=\/wp\/v2\/types\/post"}],"author":[{"embeddable":true,"href":"https:\/\/aconteceunovale.com.br\/portal\/index.php?rest_route=\/wp\/v2\/users\/1"}],"replies":[{"embeddable":true,"href":"https:\/\/aconteceunovale.com.br\/portal\/index.php?rest_route=%2Fwp%2Fv2%2Fcomments&post=98488"}],"version-history":[{"count":0,"href":"https:\/\/aconteceunovale.com.br\/portal\/index.php?rest_route=\/wp\/v2\/posts\/98488\/revisions"}],"wp:featuredmedia":[{"embeddable":true,"href":"https:\/\/aconteceunovale.com.br\/portal\/index.php?rest_route=\/wp\/v2\/media\/98489"}],"wp:attachment":[{"href":"https:\/\/aconteceunovale.com.br\/portal\/index.php?rest_route=%2Fwp%2Fv2%2Fmedia&parent=98488"}],"wp:term":[{"taxonomy":"category","embeddable":true,"href":"https:\/\/aconteceunovale.com.br\/portal\/index.php?rest_route=%2Fwp%2Fv2%2Fcategories&post=98488"},{"taxonomy":"post_tag","embeddable":true,"href":"https:\/\/aconteceunovale.com.br\/portal\/index.php?rest_route=%2Fwp%2Fv2%2Ftags&post=98488"}],"curies":[{"name":"wp","href":"https:\/\/api.w.org\/{rel}","templated":true}]}}