{"id":98480,"date":"2016-10-05T22:50:53","date_gmt":"2016-10-06T01:50:53","guid":{"rendered":"http:\/\/aconteceunovale.com.br\/portal\/?p=98480"},"modified":"2016-10-05T22:50:53","modified_gmt":"2016-10-06T01:50:53","slug":"comandante-da-8a-risp-anuncia-fim-do-gate-e-cavalaria-em-governador-valadares","status":"publish","type":"post","link":"https:\/\/aconteceunovale.com.br\/portal\/?p=98480","title":{"rendered":"Comandante da 8\u00aa RISP anuncia fim do GATE e Cavalaria em Governador Valadares"},"content":{"rendered":"<p>O comandante da 8\u00aa Regi\u00e3o Integrada de Seguran\u00e7a P\u00fablica (Risp) Wesley Barbosa anunciou nesta quarta-feira (05\/10\/2016) mudan\u00e7as no policiamento de Governador Valadares e regi\u00e3o. A primeira delas \u00e9 a mudan\u00e7a do nome Rotam (Rondas Ostensivas T\u00e1ticas Metropolitanas), que se chamar\u00e1 GER (Grupo Especializado em Recobrimento) a partir de agora. Al\u00e9m disso, dois servi\u00e7os dentro da GER ser\u00e3o extintos na cidade: o Grupamento de A\u00e7\u00f5es T\u00e1ticas Especiais (GATE) e a Cavalaria.<\/p>\n<p>Nesses dois setores atuavam cerca de 22 policiais, cujos atendimentos possu\u00edam baixa demanda. O GATE possu\u00eda uma m\u00e9dia de dois atendimentos por m\u00eas, atuando em casos de sequestros, assalto com ref\u00e9ns ou amea\u00e7a de bomba. J\u00e1 a Cavalaria atuava em eventos de grande complexidade.<\/p>\n<p>A partir de agora, o GATE ter\u00e1 um batalh\u00e3o espec\u00edfico em Belo Horizonte e ser\u00e1 acionado quando for necess\u00e1rio. J\u00e1 a Cavalaria ser\u00e1 desfeita na cidade e os cavalos ser\u00e3o leiloados, assim que houver libera\u00e7\u00e3o do comando para isso.<\/p>\n<p>Wesley Barbosa explica que a medida n\u00e3o trar\u00e1 preju\u00edzos para a seguran\u00e7a na regi\u00e3o e que novas motos e viaturas ser\u00e3o compradas para se adequar ao novo n\u00famero de policiais que far\u00e1 trabalho nas ruas.<\/p>\n<p>\u201cN\u00f3s vamos aumentar a equipe do GER e vamos aumentar a equipe do plant\u00e3o de choque. Ent\u00e3o se n\u00f3s lan\u00e7\u00e1vamos antigamente tr\u00eas equipes ROTAM&#8217;s, agora vamos ter condi\u00e7\u00f5es de lan\u00e7ar em media cinco a seis equipes de GER&#8217;s. Se eu tinha uma equipe do plant\u00e3o de choque para cobrir grandes eventos, agora eu vou ter um n\u00famero maior com a aloca\u00e7\u00e3o desse efetivo do GATE e do policiamento montado. Vamos aumentar a repress\u00e3o qualificada\u201d, garante o comandante.<\/p>\n<p>O presidente do Conselho Comunit\u00e1rio de Seguran\u00e7a Preventiva (Consep), Alexandre Salmen, recebeu a not\u00edcia com apreens\u00e3o, mas afirma que o efetivo desses setores ser\u00e1 importante no policiamento de fim de ano.<\/p>\n<p>\u201cEu acho que vai ter um ganho, porque certamente a Cavalaria e o GATE n\u00e3o iriam para as ruas porque eles n\u00e3o fazem esse tipo de policiamento. E agora os homens que estavam empenhados nesses trabalhos ficar\u00e3o nas ruas com motocicletas e viaturas e o Consep continua apoiando eles, inclusive com a estrutura que eles precisarem&#8217;\u201d, concluiu.<\/p>\n<p><img decoding=\"async\" src=\"http:\/\/aconteceunovale.com.br\/portal\/wp-content\/uploads\/2016\/10\/mudancas_pm_gv.jpg\" alt=\"\" \/><em>Comandante da 8\u00aa RISP anunciou mudan\u00e7as no policiamento (Foto: Samara Barra\/G1 dos Vales)<\/em><br \/>\n<\/br><\/p>\n<p><em>(Fonte: G1 dos Vales)<\/em><\/p>\n","protected":false},"excerpt":{"rendered":"<p>O comandante da 8\u00aa Regi\u00e3o Integrada de Seguran\u00e7a P\u00fablica (Risp) Wesley Barbosa anunciou nesta quarta-feira (05\/10\/2016) mudan\u00e7as no policiamento de Governador Valadares e regi\u00e3o. A primeira delas \u00e9 a mudan\u00e7a do nome Rotam (Rondas Ostensivas T\u00e1ticas Metropolitanas), que se chamar\u00e1 GER (Grupo Especializado em Recobrimento) a partir de agora. Al\u00e9m disso, dois servi\u00e7os dentro da [&hellip;]<\/p>\n","protected":false},"author":1,"featured_media":98481,"comment_status":"open","ping_status":"closed","sticky":false,"template":"","format":"standard","meta":{"amp_status":"","footnotes":""},"categories":[121],"tags":[119201,119207,119206,119205,247,119204,119203,119202],"class_list":["post-98480","post","type-post","status-publish","format-standard","has-post-thumbnail","hentry","category-leste","tag-8a-regiao-integrada-de-seguranca-publica","tag-comandante-da-8a-risp-anuncia-fim-do-gate-e-cavalaria-em-governador-valadares","tag-extincao-da-cavalaria-em-governador-valadares","tag-extincao-do-gate-em-governador-valadares","tag-governador-valadares","tag-mudancas-na-pm-de-governador-valadares","tag-mudancas-no-policiamento-de-governador-valadares","tag-wesley-barbosa"],"yoast_head":"<!-- This site is optimized with the Yoast SEO plugin v28.3 - https:\/\/yoast.com\/product\/yoast-seo-wordpress\/ -->\n<title>Comandante da 8\u00aa RISP anuncia fim do GATE e Cavalaria em Governador Valadares - Aconteceu no Vale<\/title>\n<meta name=\"robots\" content=\"index, follow, max-snippet:-1, max-image-preview:large, max-video-preview:-1\" \/>\n<link rel=\"canonical\" href=\"https:\/\/aconteceunovale.com.br\/portal\/?p=98480\" \/>\n<meta property=\"og:locale\" content=\"pt_BR\" \/>\n<meta property=\"og:type\" content=\"article\" \/>\n<meta property=\"og:title\" content=\"Comandante da 8\u00aa RISP anuncia fim do GATE e Cavalaria em Governador Valadares - Aconteceu no Vale\" \/>\n<meta property=\"og:description\" content=\"O comandante da 8\u00aa Regi\u00e3o Integrada de Seguran\u00e7a P\u00fablica (Risp) Wesley Barbosa anunciou nesta quarta-feira (05\/10\/2016) mudan\u00e7as no policiamento de Governador Valadares e regi\u00e3o. A primeira delas \u00e9 a mudan\u00e7a do nome Rotam (Rondas Ostensivas T\u00e1ticas Metropolitanas), que se chamar\u00e1 GER (Grupo Especializado em Recobrimento) a partir de agora. Al\u00e9m disso, dois servi\u00e7os dentro da [&hellip;]\" \/>\n<meta property=\"og:url\" content=\"https:\/\/aconteceunovale.com.br\/portal\/?p=98480\" \/>\n<meta property=\"og:site_name\" content=\"Aconteceu no Vale\" \/>\n<meta property=\"article:publisher\" content=\"https:\/\/www.facebook.com\/aconteceunovale\/\" \/>\n<meta property=\"article:published_time\" content=\"2016-10-06T01:50:53+00:00\" \/>\n<meta property=\"og:image\" content=\"https:\/\/aconteceunovale.com.br\/portal\/wp-content\/uploads\/2016\/10\/mudancas_pm_gv.jpg\" \/>\n\t<meta property=\"og:image:width\" content=\"600\" \/>\n\t<meta property=\"og:image:height\" content=\"450\" \/>\n\t<meta property=\"og:image:type\" content=\"image\/jpeg\" \/>\n<meta name=\"author\" content=\"Aconteceu no Vale\" \/>\n<meta name=\"twitter:card\" content=\"summary_large_image\" \/>\n<meta name=\"twitter:creator\" content=\"@noticiadosvales\" \/>\n<meta name=\"twitter:site\" content=\"@noticiadosvales\" \/>\n<meta name=\"twitter:label1\" content=\"Escrito por\" \/>\n\t<meta name=\"twitter:data1\" content=\"Aconteceu no Vale\" \/>\n\t<meta name=\"twitter:label2\" content=\"Est. tempo de leitura\" \/>\n\t<meta name=\"twitter:data2\" content=\"2 minutos\" \/>\n<script type=\"application\/ld+json\" class=\"yoast-schema-graph\">{\"@context\":\"https:\\\/\\\/schema.org\",\"@graph\":[{\"@type\":\"Article\",\"@id\":\"https:\\\/\\\/aconteceunovale.com.br\\\/portal\\\/?p=98480#article\",\"isPartOf\":{\"@id\":\"https:\\\/\\\/aconteceunovale.com.br\\\/portal\\\/?p=98480\"},\"author\":{\"name\":\"Aconteceu no Vale\",\"@id\":\"https:\\\/\\\/aconteceunovale.com.br\\\/portal\\\/#\\\/schema\\\/person\\\/633529146f2c94272bef50ac2953d589\"},\"headline\":\"Comandante da 8\u00aa RISP anuncia fim do GATE e Cavalaria em Governador Valadares\",\"datePublished\":\"2016-10-06T01:50:53+00:00\",\"mainEntityOfPage\":{\"@id\":\"https:\\\/\\\/aconteceunovale.com.br\\\/portal\\\/?p=98480\"},\"wordCount\":427,\"commentCount\":0,\"image\":{\"@id\":\"https:\\\/\\\/aconteceunovale.com.br\\\/portal\\\/?p=98480#primaryimage\"},\"thumbnailUrl\":\"https:\\\/\\\/aconteceunovale.com.br\\\/portal\\\/wp-content\\\/uploads\\\/2016\\\/10\\\/mudancas_pm_gv.jpg\",\"keywords\":[\"8\u00aa Regi\u00e3o Integrada de Seguran\u00e7a P\u00fablica\",\"Comandante da 8\u00aa RISP anuncia fim do GATE e Cavalaria em Governador Valadares\",\"extin\u00e7\u00e3o da cavalaria em Governador Valadares\",\"extin\u00e7\u00e3o do gate em Governador Valadares\",\"Governador Valadares\",\"mudan\u00e7as na pm de Governador Valadares\",\"mudan\u00e7as no policiamento de Governador Valadares\",\"Wesley Barbosa\"],\"articleSection\":[\"Leste de Minas\"],\"inLanguage\":\"pt-BR\",\"potentialAction\":[{\"@type\":\"CommentAction\",\"name\":\"Comment\",\"target\":[\"https:\\\/\\\/aconteceunovale.com.br\\\/portal\\\/?p=98480#respond\"]}]},{\"@type\":\"WebPage\",\"@id\":\"https:\\\/\\\/aconteceunovale.com.br\\\/portal\\\/?p=98480\",\"url\":\"https:\\\/\\\/aconteceunovale.com.br\\\/portal\\\/?p=98480\",\"name\":\"Comandante da 8\u00aa RISP anuncia fim do GATE e Cavalaria em Governador Valadares - Aconteceu no Vale\",\"isPartOf\":{\"@id\":\"https:\\\/\\\/aconteceunovale.com.br\\\/portal\\\/#website\"},\"primaryImageOfPage\":{\"@id\":\"https:\\\/\\\/aconteceunovale.com.br\\\/portal\\\/?p=98480#primaryimage\"},\"image\":{\"@id\":\"https:\\\/\\\/aconteceunovale.com.br\\\/portal\\\/?p=98480#primaryimage\"},\"thumbnailUrl\":\"https:\\\/\\\/aconteceunovale.com.br\\\/portal\\\/wp-content\\\/uploads\\\/2016\\\/10\\\/mudancas_pm_gv.jpg\",\"datePublished\":\"2016-10-06T01:50:53+00:00\",\"author\":{\"@id\":\"https:\\\/\\\/aconteceunovale.com.br\\\/portal\\\/#\\\/schema\\\/person\\\/633529146f2c94272bef50ac2953d589\"},\"breadcrumb\":{\"@id\":\"https:\\\/\\\/aconteceunovale.com.br\\\/portal\\\/?p=98480#breadcrumb\"},\"inLanguage\":\"pt-BR\",\"potentialAction\":[{\"@type\":\"ReadAction\",\"target\":[\"https:\\\/\\\/aconteceunovale.com.br\\\/portal\\\/?p=98480\"]}]},{\"@type\":\"ImageObject\",\"inLanguage\":\"pt-BR\",\"@id\":\"https:\\\/\\\/aconteceunovale.com.br\\\/portal\\\/?p=98480#primaryimage\",\"url\":\"https:\\\/\\\/aconteceunovale.com.br\\\/portal\\\/wp-content\\\/uploads\\\/2016\\\/10\\\/mudancas_pm_gv.jpg\",\"contentUrl\":\"https:\\\/\\\/aconteceunovale.com.br\\\/portal\\\/wp-content\\\/uploads\\\/2016\\\/10\\\/mudancas_pm_gv.jpg\",\"width\":600,\"height\":450},{\"@type\":\"BreadcrumbList\",\"@id\":\"https:\\\/\\\/aconteceunovale.com.br\\\/portal\\\/?p=98480#breadcrumb\",\"itemListElement\":[{\"@type\":\"ListItem\",\"position\":1,\"name\":\"In\u00edcio\",\"item\":\"https:\\\/\\\/aconteceunovale.com.br\\\/portal\\\/\"},{\"@type\":\"ListItem\",\"position\":2,\"name\":\"Comandante da 8\u00aa RISP anuncia fim do GATE e Cavalaria em Governador Valadares\"}]},{\"@type\":\"WebSite\",\"@id\":\"https:\\\/\\\/aconteceunovale.com.br\\\/portal\\\/#website\",\"url\":\"https:\\\/\\\/aconteceunovale.com.br\\\/portal\\\/\",\"name\":\"Aconteceu no Vale\",\"description\":\"Portal de Not\u00edcias\",\"potentialAction\":[{\"@type\":\"SearchAction\",\"target\":{\"@type\":\"EntryPoint\",\"urlTemplate\":\"https:\\\/\\\/aconteceunovale.com.br\\\/portal\\\/?s={search_term_string}\"},\"query-input\":{\"@type\":\"PropertyValueSpecification\",\"valueRequired\":true,\"valueName\":\"search_term_string\"}}],\"inLanguage\":\"pt-BR\"},{\"@type\":\"Person\",\"@id\":\"https:\\\/\\\/aconteceunovale.com.br\\\/portal\\\/#\\\/schema\\\/person\\\/633529146f2c94272bef50ac2953d589\",\"name\":\"Aconteceu no Vale\",\"description\":\"Equipe de reportagem do Aconteceu no Vale, portal de not\u00edcias do Vale do Jequitinhonha, em Minas Gerais. Cobrimos as 51 cidades do Vale desde 2013. Sugest\u00f5es de pauta e pedidos de corre\u00e7\u00e3o: contato@aconteceunovale.com.br\",\"sameAs\":[\"http:\\\/\\\/www.aconteceunovale.com.br\"],\"url\":\"https:\\\/\\\/aconteceunovale.com.br\\\/portal\\\/?author=1\"}]}<\/script>\n<!-- \/ Yoast SEO plugin. -->","yoast_head_json":{"title":"Comandante da 8\u00aa RISP anuncia fim do GATE e Cavalaria em Governador Valadares - Aconteceu no Vale","robots":{"index":"index","follow":"follow","max-snippet":"max-snippet:-1","max-image-preview":"max-image-preview:large","max-video-preview":"max-video-preview:-1"},"canonical":"https:\/\/aconteceunovale.com.br\/portal\/?p=98480","og_locale":"pt_BR","og_type":"article","og_title":"Comandante da 8\u00aa RISP anuncia fim do GATE e Cavalaria em Governador Valadares - Aconteceu no Vale","og_description":"O comandante da 8\u00aa Regi\u00e3o Integrada de Seguran\u00e7a P\u00fablica (Risp) Wesley Barbosa anunciou nesta quarta-feira (05\/10\/2016) mudan\u00e7as no policiamento de Governador Valadares e regi\u00e3o. A primeira delas \u00e9 a mudan\u00e7a do nome Rotam (Rondas Ostensivas T\u00e1ticas Metropolitanas), que se chamar\u00e1 GER (Grupo Especializado em Recobrimento) a partir de agora. Al\u00e9m disso, dois servi\u00e7os dentro da [&hellip;]","og_url":"https:\/\/aconteceunovale.com.br\/portal\/?p=98480","og_site_name":"Aconteceu no Vale","article_publisher":"https:\/\/www.facebook.com\/aconteceunovale\/","article_published_time":"2016-10-06T01:50:53+00:00","og_image":[{"width":600,"height":450,"url":"https:\/\/aconteceunovale.com.br\/portal\/wp-content\/uploads\/2016\/10\/mudancas_pm_gv.jpg","type":"image\/jpeg"}],"author":"Aconteceu no Vale","twitter_card":"summary_large_image","twitter_creator":"@noticiadosvales","twitter_site":"@noticiadosvales","twitter_misc":{"Escrito por":"Aconteceu no Vale","Est. tempo de leitura":"2 minutos"},"schema":{"@context":"https:\/\/schema.org","@graph":[{"@type":"Article","@id":"https:\/\/aconteceunovale.com.br\/portal\/?p=98480#article","isPartOf":{"@id":"https:\/\/aconteceunovale.com.br\/portal\/?p=98480"},"author":{"name":"Aconteceu no Vale","@id":"https:\/\/aconteceunovale.com.br\/portal\/#\/schema\/person\/633529146f2c94272bef50ac2953d589"},"headline":"Comandante da 8\u00aa RISP anuncia fim do GATE e Cavalaria em Governador Valadares","datePublished":"2016-10-06T01:50:53+00:00","mainEntityOfPage":{"@id":"https:\/\/aconteceunovale.com.br\/portal\/?p=98480"},"wordCount":427,"commentCount":0,"image":{"@id":"https:\/\/aconteceunovale.com.br\/portal\/?p=98480#primaryimage"},"thumbnailUrl":"https:\/\/aconteceunovale.com.br\/portal\/wp-content\/uploads\/2016\/10\/mudancas_pm_gv.jpg","keywords":["8\u00aa Regi\u00e3o Integrada de Seguran\u00e7a P\u00fablica","Comandante da 8\u00aa RISP anuncia fim do GATE e Cavalaria em Governador Valadares","extin\u00e7\u00e3o da cavalaria em Governador Valadares","extin\u00e7\u00e3o do gate em Governador Valadares","Governador Valadares","mudan\u00e7as na pm de Governador Valadares","mudan\u00e7as no policiamento de Governador Valadares","Wesley Barbosa"],"articleSection":["Leste de Minas"],"inLanguage":"pt-BR","potentialAction":[{"@type":"CommentAction","name":"Comment","target":["https:\/\/aconteceunovale.com.br\/portal\/?p=98480#respond"]}]},{"@type":"WebPage","@id":"https:\/\/aconteceunovale.com.br\/portal\/?p=98480","url":"https:\/\/aconteceunovale.com.br\/portal\/?p=98480","name":"Comandante da 8\u00aa RISP anuncia fim do GATE e Cavalaria em Governador Valadares - Aconteceu no Vale","isPartOf":{"@id":"https:\/\/aconteceunovale.com.br\/portal\/#website"},"primaryImageOfPage":{"@id":"https:\/\/aconteceunovale.com.br\/portal\/?p=98480#primaryimage"},"image":{"@id":"https:\/\/aconteceunovale.com.br\/portal\/?p=98480#primaryimage"},"thumbnailUrl":"https:\/\/aconteceunovale.com.br\/portal\/wp-content\/uploads\/2016\/10\/mudancas_pm_gv.jpg","datePublished":"2016-10-06T01:50:53+00:00","author":{"@id":"https:\/\/aconteceunovale.com.br\/portal\/#\/schema\/person\/633529146f2c94272bef50ac2953d589"},"breadcrumb":{"@id":"https:\/\/aconteceunovale.com.br\/portal\/?p=98480#breadcrumb"},"inLanguage":"pt-BR","potentialAction":[{"@type":"ReadAction","target":["https:\/\/aconteceunovale.com.br\/portal\/?p=98480"]}]},{"@type":"ImageObject","inLanguage":"pt-BR","@id":"https:\/\/aconteceunovale.com.br\/portal\/?p=98480#primaryimage","url":"https:\/\/aconteceunovale.com.br\/portal\/wp-content\/uploads\/2016\/10\/mudancas_pm_gv.jpg","contentUrl":"https:\/\/aconteceunovale.com.br\/portal\/wp-content\/uploads\/2016\/10\/mudancas_pm_gv.jpg","width":600,"height":450},{"@type":"BreadcrumbList","@id":"https:\/\/aconteceunovale.com.br\/portal\/?p=98480#breadcrumb","itemListElement":[{"@type":"ListItem","position":1,"name":"In\u00edcio","item":"https:\/\/aconteceunovale.com.br\/portal\/"},{"@type":"ListItem","position":2,"name":"Comandante da 8\u00aa RISP anuncia fim do GATE e Cavalaria em Governador Valadares"}]},{"@type":"WebSite","@id":"https:\/\/aconteceunovale.com.br\/portal\/#website","url":"https:\/\/aconteceunovale.com.br\/portal\/","name":"Aconteceu no Vale","description":"Portal de Not\u00edcias","potentialAction":[{"@type":"SearchAction","target":{"@type":"EntryPoint","urlTemplate":"https:\/\/aconteceunovale.com.br\/portal\/?s={search_term_string}"},"query-input":{"@type":"PropertyValueSpecification","valueRequired":true,"valueName":"search_term_string"}}],"inLanguage":"pt-BR"},{"@type":"Person","@id":"https:\/\/aconteceunovale.com.br\/portal\/#\/schema\/person\/633529146f2c94272bef50ac2953d589","name":"Aconteceu no Vale","description":"Equipe de reportagem do Aconteceu no Vale, portal de not\u00edcias do Vale do Jequitinhonha, em Minas Gerais. Cobrimos as 51 cidades do Vale desde 2013. Sugest\u00f5es de pauta e pedidos de corre\u00e7\u00e3o: contato@aconteceunovale.com.br","sameAs":["http:\/\/www.aconteceunovale.com.br"],"url":"https:\/\/aconteceunovale.com.br\/portal\/?author=1"}]}},"_links":{"self":[{"href":"https:\/\/aconteceunovale.com.br\/portal\/index.php?rest_route=\/wp\/v2\/posts\/98480","targetHints":{"allow":["GET"]}}],"collection":[{"href":"https:\/\/aconteceunovale.com.br\/portal\/index.php?rest_route=\/wp\/v2\/posts"}],"about":[{"href":"https:\/\/aconteceunovale.com.br\/portal\/index.php?rest_route=\/wp\/v2\/types\/post"}],"author":[{"embeddable":true,"href":"https:\/\/aconteceunovale.com.br\/portal\/index.php?rest_route=\/wp\/v2\/users\/1"}],"replies":[{"embeddable":true,"href":"https:\/\/aconteceunovale.com.br\/portal\/index.php?rest_route=%2Fwp%2Fv2%2Fcomments&post=98480"}],"version-history":[{"count":0,"href":"https:\/\/aconteceunovale.com.br\/portal\/index.php?rest_route=\/wp\/v2\/posts\/98480\/revisions"}],"wp:featuredmedia":[{"embeddable":true,"href":"https:\/\/aconteceunovale.com.br\/portal\/index.php?rest_route=\/wp\/v2\/media\/98481"}],"wp:attachment":[{"href":"https:\/\/aconteceunovale.com.br\/portal\/index.php?rest_route=%2Fwp%2Fv2%2Fmedia&parent=98480"}],"wp:term":[{"taxonomy":"category","embeddable":true,"href":"https:\/\/aconteceunovale.com.br\/portal\/index.php?rest_route=%2Fwp%2Fv2%2Fcategories&post=98480"},{"taxonomy":"post_tag","embeddable":true,"href":"https:\/\/aconteceunovale.com.br\/portal\/index.php?rest_route=%2Fwp%2Fv2%2Ftags&post=98480"}],"curies":[{"name":"wp","href":"https:\/\/api.w.org\/{rel}","templated":true}]}}