{"id":98468,"date":"2016-10-05T22:23:21","date_gmt":"2016-10-06T01:23:21","guid":{"rendered":"http:\/\/aconteceunovale.com.br\/portal\/?p=98468"},"modified":"2026-09-02T12:16:54","modified_gmt":"2026-09-02T15:16:54","slug":"madoff-mineiro-e-vitima-de-assalto-em-aracuai","status":"publish","type":"post","link":"https:\/\/aconteceunovale.com.br\/portal\/?p=98468","title":{"rendered":"&#8220;Madoff Mineiro&#8221; \u00e9 vitima de assalto em Ara\u00e7ua\u00ed"},"content":{"rendered":"<p>Autor de um golpe milion\u00e1rio, o ex-investidor Thales Emanuelle Maioline, de 40 anos, conhecido como Madoff mineiro, viveu momentos de pavor na manh\u00e3 desta quarta-feira ao ter a fazenda onde mora com a fam\u00edlia, em Ara\u00e7ua\u00ed, no Vale do Jequitinhonha, invadida por quatro assaltantes armados e encapuzados.<\/p>\n<p>Ele, seu pai, Iano Tom\u00e1s Maioline, de 66, e um outro parente, identificado por Ant\u00f4nio Modesto Vieira, de 64, foram amarrados, colocados no porta-malas de um carro e abandonados numa estrada. Durante o assalto, Thales foi agredido com coronhadas por um dos ladr\u00f5es.<\/p>\n<p>As v\u00edtimas contaram \u00e0 pol\u00edcia que por volta das 6h foram surpreendidas com a porta da casa sendo arrombada. Quatro homens armados invadiram o im\u00f3vel dizendo que eram policiais e que as v\u00edtimas eram traficantes de drogas e de armas. Eles queriam saber quem era Thales Maioline. Com medo, o ex-investidor teria se identificado como Carlos.<\/p>\n<p>Os assaltantes roubaram 20 garruchas antigas que estavam na parede da resid\u00eancia. Thales, Iano e Ant\u00f4nio foram amarrados e colocados em um quarto. Em seguida, os tr\u00eas foram levados para o porta-malas de um carro vermelho com detalhe preto no teto, possivelmente um Palio, segundo as v\u00edtimas.<\/p>\n<p>Os tr\u00eas foram abandonados, ainda amarrados, em um matagal pr\u00f3ximo a uma comunidade conhecida como Barriguda. Eles conseguiram se soltar minutos depois e voltaram para a fazenda, de onde acionaram a pol\u00edcia.<\/p>\n<p>De acordo com o soldado Marcos Ramos, da PM de Ara\u00e7ua\u00ed, os ladr\u00f5es levaram, al\u00e9m das armas, um ve\u00edculo Chevrolet Cruze, pertencente a Thales, celulares e documentos das v\u00edtimas. Os ladr\u00f5es fugiram pela BR-367, sentido Itinga, e n\u00e3o foram localizados pela pol\u00edcia.<\/p>\n<p><strong>Pir\u00e2mide do preju\u00edzo<\/strong><\/p>\n<p>Thales Maioline, que era s\u00f3cio da Firv Consultoria e Administra\u00e7\u00e3o de Recursos Financeiros Ltda, causou preju\u00edzo de R$ 100 milh\u00f5es a mais de 2 mil investidores ao aplicar o golpe de pir\u00e2mide financeira.<\/p>\n<p>O ex-investidor vive na fazenda do pai, \u00e0s margens do Rio Jequitinhonha, em Ara\u00e7ua\u00ed, depois de deixar a pris\u00e3o. Ele foi condenado em 2014 a 7 anos de pris\u00e3o, pelos crimes de estelionato e de falsifica\u00e7\u00e3o, cumpria pena na Penitenci\u00e1ria Nelson Hungria, em Contagem, na Grande BH, e est\u00e1 em liberdade condicional.<\/p>\n<p><img decoding=\"async\" src=\"http:\/\/aconteceunovale.com.br\/portal\/wp-content\/uploads\/2016\/10\/mandoff_mineiro_1.jpg\" alt=\"\" \/><em>Thales Maioline ficou conhecido como Madoff Mineiro (Divulga\u00e7\u00e3o)<\/em><br \/>\n<\/br><\/p>\n<p><em>(Fonte: Estado de Minas\/Pedro Ferreira)<\/em><\/p>\n","protected":false},"excerpt":{"rendered":"<p>Autor de um golpe milion\u00e1rio, o ex-investidor Thales Emanuelle Maioline, de 40 anos, conhecido como Madoff mineiro, viveu momentos de pavor na manh\u00e3 desta quarta-feira ao ter a fazenda onde mora com a fam\u00edlia, em Ara\u00e7ua\u00ed, no Vale do Jequitinhonha, invadida por quatro assaltantes armados e encapuzados. Ele, seu pai, Iano Tom\u00e1s Maioline, de 66, [&hellip;]<\/p>\n","protected":false},"author":1,"featured_media":98469,"comment_status":"open","ping_status":"closed","sticky":false,"template":"","format":"standard","meta":{"amp_status":"","footnotes":""},"categories":[272530,120],"tags":[186,33634,119180,119178,57935,6334,119182,48601,119181,119179,58074],"class_list":["post-98468","post","type-post","status-publish","format-standard","has-post-thumbnail","hentry","category-aracuai","category-jequi","tag-aracuai","tag-assalto-em-aracuai","tag-assalto-madoff-mineiro","tag-assalto-thales-maioline","tag-firv-consultoria-e-administracao-de-recursos-financeiros","tag-madoff-mineiro","tag-madoff-mineiro-e-vitima-de-assalto-em-aracuai","tag-roubo-em-aracuai","tag-roubo-madoff-mineiro","tag-roubo-thales-maioline","tag-thales-maioline"],"yoast_head":"<!-- This site is optimized with the Yoast SEO plugin v28.3 - https:\/\/yoast.com\/product\/yoast-seo-wordpress\/ -->\n<title>&quot;Madoff Mineiro&quot; \u00e9 vitima de assalto em Ara\u00e7ua\u00ed - Aconteceu no Vale<\/title>\n<meta name=\"robots\" content=\"index, follow, max-snippet:-1, max-image-preview:large, max-video-preview:-1\" \/>\n<link rel=\"canonical\" href=\"https:\/\/aconteceunovale.com.br\/portal\/?p=98468\" \/>\n<meta property=\"og:locale\" content=\"pt_BR\" \/>\n<meta property=\"og:type\" content=\"article\" \/>\n<meta property=\"og:title\" content=\"&quot;Madoff Mineiro&quot; \u00e9 vitima de assalto em Ara\u00e7ua\u00ed - Aconteceu no Vale\" \/>\n<meta property=\"og:description\" content=\"Autor de um golpe milion\u00e1rio, o ex-investidor Thales Emanuelle Maioline, de 40 anos, conhecido como Madoff mineiro, viveu momentos de pavor na manh\u00e3 desta quarta-feira ao ter a fazenda onde mora com a fam\u00edlia, em Ara\u00e7ua\u00ed, no Vale do Jequitinhonha, invadida por quatro assaltantes armados e encapuzados. Ele, seu pai, Iano Tom\u00e1s Maioline, de 66, [&hellip;]\" \/>\n<meta property=\"og:url\" content=\"https:\/\/aconteceunovale.com.br\/portal\/?p=98468\" \/>\n<meta property=\"og:site_name\" content=\"Aconteceu no Vale\" \/>\n<meta property=\"article:publisher\" content=\"https:\/\/www.facebook.com\/aconteceunovale\/\" \/>\n<meta property=\"article:published_time\" content=\"2016-10-06T01:23:21+00:00\" \/>\n<meta property=\"article:modified_time\" content=\"2026-09-02T15:16:54+00:00\" \/>\n<meta property=\"og:image\" content=\"https:\/\/aconteceunovale.com.br\/portal\/wp-content\/uploads\/2016\/10\/mandoff_mineiro_1.jpg\" \/>\n\t<meta property=\"og:image:width\" content=\"640\" \/>\n\t<meta property=\"og:image:height\" content=\"387\" \/>\n\t<meta property=\"og:image:type\" content=\"image\/jpeg\" \/>\n<meta name=\"author\" content=\"Aconteceu no Vale\" \/>\n<meta name=\"twitter:card\" content=\"summary_large_image\" \/>\n<meta name=\"twitter:creator\" content=\"@noticiadosvales\" \/>\n<meta name=\"twitter:site\" content=\"@noticiadosvales\" \/>\n<meta name=\"twitter:label1\" content=\"Escrito por\" \/>\n\t<meta name=\"twitter:data1\" content=\"Aconteceu no Vale\" \/>\n\t<meta name=\"twitter:label2\" content=\"Est. tempo de leitura\" \/>\n\t<meta name=\"twitter:data2\" content=\"2 minutos\" \/>\n<script type=\"application\/ld+json\" class=\"yoast-schema-graph\">{\"@context\":\"https:\\\/\\\/schema.org\",\"@graph\":[{\"@type\":\"Article\",\"@id\":\"https:\\\/\\\/aconteceunovale.com.br\\\/portal\\\/?p=98468#article\",\"isPartOf\":{\"@id\":\"https:\\\/\\\/aconteceunovale.com.br\\\/portal\\\/?p=98468\"},\"author\":{\"name\":\"Aconteceu no Vale\",\"@id\":\"https:\\\/\\\/aconteceunovale.com.br\\\/portal\\\/#\\\/schema\\\/person\\\/633529146f2c94272bef50ac2953d589\"},\"headline\":\"&#8220;Madoff Mineiro&#8221; \u00e9 vitima de assalto em Ara\u00e7ua\u00ed\",\"datePublished\":\"2016-10-06T01:23:21+00:00\",\"dateModified\":\"2026-09-02T15:16:54+00:00\",\"mainEntityOfPage\":{\"@id\":\"https:\\\/\\\/aconteceunovale.com.br\\\/portal\\\/?p=98468\"},\"wordCount\":406,\"commentCount\":0,\"image\":{\"@id\":\"https:\\\/\\\/aconteceunovale.com.br\\\/portal\\\/?p=98468#primaryimage\"},\"thumbnailUrl\":\"https:\\\/\\\/aconteceunovale.com.br\\\/portal\\\/wp-content\\\/uploads\\\/2016\\\/10\\\/mandoff_mineiro_1.jpg\",\"keywords\":[\"Ara\u00e7ua\u00ed\",\"assalto em ara\u00e7ua\u00ed\",\"Assalto Madoff Mineiro\",\"Assalto Thales Maioline\",\"Firv Consultoria e Administra\u00e7\u00e3o de Recursos Financeiros\",\"Madoff mineiro\",\"Madoff Mineiro \u00e9 vitima de assalto em Ara\u00e7ua\u00ed\",\"roubo em Ara\u00e7ua\u00ed\",\"Roubo Madoff Mineiro\",\"Roubo Thales Maioline\",\"Thales Maioline\"],\"articleSection\":[\"Ara\u00e7ua\u00ed\",\"Vale do Jequitinhonha\"],\"inLanguage\":\"pt-BR\",\"potentialAction\":[{\"@type\":\"CommentAction\",\"name\":\"Comment\",\"target\":[\"https:\\\/\\\/aconteceunovale.com.br\\\/portal\\\/?p=98468#respond\"]}]},{\"@type\":\"WebPage\",\"@id\":\"https:\\\/\\\/aconteceunovale.com.br\\\/portal\\\/?p=98468\",\"url\":\"https:\\\/\\\/aconteceunovale.com.br\\\/portal\\\/?p=98468\",\"name\":\"\\\"Madoff Mineiro\\\" \u00e9 vitima de assalto em Ara\u00e7ua\u00ed - Aconteceu no Vale\",\"isPartOf\":{\"@id\":\"https:\\\/\\\/aconteceunovale.com.br\\\/portal\\\/#website\"},\"primaryImageOfPage\":{\"@id\":\"https:\\\/\\\/aconteceunovale.com.br\\\/portal\\\/?p=98468#primaryimage\"},\"image\":{\"@id\":\"https:\\\/\\\/aconteceunovale.com.br\\\/portal\\\/?p=98468#primaryimage\"},\"thumbnailUrl\":\"https:\\\/\\\/aconteceunovale.com.br\\\/portal\\\/wp-content\\\/uploads\\\/2016\\\/10\\\/mandoff_mineiro_1.jpg\",\"datePublished\":\"2016-10-06T01:23:21+00:00\",\"dateModified\":\"2026-09-02T15:16:54+00:00\",\"author\":{\"@id\":\"https:\\\/\\\/aconteceunovale.com.br\\\/portal\\\/#\\\/schema\\\/person\\\/633529146f2c94272bef50ac2953d589\"},\"breadcrumb\":{\"@id\":\"https:\\\/\\\/aconteceunovale.com.br\\\/portal\\\/?p=98468#breadcrumb\"},\"inLanguage\":\"pt-BR\",\"potentialAction\":[{\"@type\":\"ReadAction\",\"target\":[\"https:\\\/\\\/aconteceunovale.com.br\\\/portal\\\/?p=98468\"]}]},{\"@type\":\"ImageObject\",\"inLanguage\":\"pt-BR\",\"@id\":\"https:\\\/\\\/aconteceunovale.com.br\\\/portal\\\/?p=98468#primaryimage\",\"url\":\"https:\\\/\\\/aconteceunovale.com.br\\\/portal\\\/wp-content\\\/uploads\\\/2016\\\/10\\\/mandoff_mineiro_1.jpg\",\"contentUrl\":\"https:\\\/\\\/aconteceunovale.com.br\\\/portal\\\/wp-content\\\/uploads\\\/2016\\\/10\\\/mandoff_mineiro_1.jpg\",\"width\":640,\"height\":387},{\"@type\":\"BreadcrumbList\",\"@id\":\"https:\\\/\\\/aconteceunovale.com.br\\\/portal\\\/?p=98468#breadcrumb\",\"itemListElement\":[{\"@type\":\"ListItem\",\"position\":1,\"name\":\"In\u00edcio\",\"item\":\"https:\\\/\\\/aconteceunovale.com.br\\\/portal\\\/\"},{\"@type\":\"ListItem\",\"position\":2,\"name\":\"&#8220;Madoff Mineiro&#8221; \u00e9 vitima de assalto em Ara\u00e7ua\u00ed\"}]},{\"@type\":\"WebSite\",\"@id\":\"https:\\\/\\\/aconteceunovale.com.br\\\/portal\\\/#website\",\"url\":\"https:\\\/\\\/aconteceunovale.com.br\\\/portal\\\/\",\"name\":\"Aconteceu no Vale\",\"description\":\"Portal de Not\u00edcias\",\"potentialAction\":[{\"@type\":\"SearchAction\",\"target\":{\"@type\":\"EntryPoint\",\"urlTemplate\":\"https:\\\/\\\/aconteceunovale.com.br\\\/portal\\\/?s={search_term_string}\"},\"query-input\":{\"@type\":\"PropertyValueSpecification\",\"valueRequired\":true,\"valueName\":\"search_term_string\"}}],\"inLanguage\":\"pt-BR\"},{\"@type\":\"Person\",\"@id\":\"https:\\\/\\\/aconteceunovale.com.br\\\/portal\\\/#\\\/schema\\\/person\\\/633529146f2c94272bef50ac2953d589\",\"name\":\"Aconteceu no Vale\",\"description\":\"Equipe de reportagem do Aconteceu no Vale, portal de not\u00edcias do Vale do Jequitinhonha, em Minas Gerais. Cobrimos as 51 cidades do Vale desde 2013. Sugest\u00f5es de pauta e pedidos de corre\u00e7\u00e3o: contato@aconteceunovale.com.br\",\"sameAs\":[\"http:\\\/\\\/www.aconteceunovale.com.br\"],\"url\":\"https:\\\/\\\/aconteceunovale.com.br\\\/portal\\\/?author=1\"}]}<\/script>\n<!-- \/ Yoast SEO plugin. -->","yoast_head_json":{"title":"\"Madoff Mineiro\" \u00e9 vitima de assalto em Ara\u00e7ua\u00ed - Aconteceu no Vale","robots":{"index":"index","follow":"follow","max-snippet":"max-snippet:-1","max-image-preview":"max-image-preview:large","max-video-preview":"max-video-preview:-1"},"canonical":"https:\/\/aconteceunovale.com.br\/portal\/?p=98468","og_locale":"pt_BR","og_type":"article","og_title":"\"Madoff Mineiro\" \u00e9 vitima de assalto em Ara\u00e7ua\u00ed - Aconteceu no Vale","og_description":"Autor de um golpe milion\u00e1rio, o ex-investidor Thales Emanuelle Maioline, de 40 anos, conhecido como Madoff mineiro, viveu momentos de pavor na manh\u00e3 desta quarta-feira ao ter a fazenda onde mora com a fam\u00edlia, em Ara\u00e7ua\u00ed, no Vale do Jequitinhonha, invadida por quatro assaltantes armados e encapuzados. Ele, seu pai, Iano Tom\u00e1s Maioline, de 66, [&hellip;]","og_url":"https:\/\/aconteceunovale.com.br\/portal\/?p=98468","og_site_name":"Aconteceu no Vale","article_publisher":"https:\/\/www.facebook.com\/aconteceunovale\/","article_published_time":"2016-10-06T01:23:21+00:00","article_modified_time":"2026-09-02T15:16:54+00:00","og_image":[{"width":640,"height":387,"url":"https:\/\/aconteceunovale.com.br\/portal\/wp-content\/uploads\/2016\/10\/mandoff_mineiro_1.jpg","type":"image\/jpeg"}],"author":"Aconteceu no Vale","twitter_card":"summary_large_image","twitter_creator":"@noticiadosvales","twitter_site":"@noticiadosvales","twitter_misc":{"Escrito por":"Aconteceu no Vale","Est. tempo de leitura":"2 minutos"},"schema":{"@context":"https:\/\/schema.org","@graph":[{"@type":"Article","@id":"https:\/\/aconteceunovale.com.br\/portal\/?p=98468#article","isPartOf":{"@id":"https:\/\/aconteceunovale.com.br\/portal\/?p=98468"},"author":{"name":"Aconteceu no Vale","@id":"https:\/\/aconteceunovale.com.br\/portal\/#\/schema\/person\/633529146f2c94272bef50ac2953d589"},"headline":"&#8220;Madoff Mineiro&#8221; \u00e9 vitima de assalto em Ara\u00e7ua\u00ed","datePublished":"2016-10-06T01:23:21+00:00","dateModified":"2026-09-02T15:16:54+00:00","mainEntityOfPage":{"@id":"https:\/\/aconteceunovale.com.br\/portal\/?p=98468"},"wordCount":406,"commentCount":0,"image":{"@id":"https:\/\/aconteceunovale.com.br\/portal\/?p=98468#primaryimage"},"thumbnailUrl":"https:\/\/aconteceunovale.com.br\/portal\/wp-content\/uploads\/2016\/10\/mandoff_mineiro_1.jpg","keywords":["Ara\u00e7ua\u00ed","assalto em ara\u00e7ua\u00ed","Assalto Madoff Mineiro","Assalto Thales Maioline","Firv Consultoria e Administra\u00e7\u00e3o de Recursos Financeiros","Madoff mineiro","Madoff Mineiro \u00e9 vitima de assalto em Ara\u00e7ua\u00ed","roubo em Ara\u00e7ua\u00ed","Roubo Madoff Mineiro","Roubo Thales Maioline","Thales Maioline"],"articleSection":["Ara\u00e7ua\u00ed","Vale do Jequitinhonha"],"inLanguage":"pt-BR","potentialAction":[{"@type":"CommentAction","name":"Comment","target":["https:\/\/aconteceunovale.com.br\/portal\/?p=98468#respond"]}]},{"@type":"WebPage","@id":"https:\/\/aconteceunovale.com.br\/portal\/?p=98468","url":"https:\/\/aconteceunovale.com.br\/portal\/?p=98468","name":"\"Madoff Mineiro\" \u00e9 vitima de assalto em Ara\u00e7ua\u00ed - Aconteceu no Vale","isPartOf":{"@id":"https:\/\/aconteceunovale.com.br\/portal\/#website"},"primaryImageOfPage":{"@id":"https:\/\/aconteceunovale.com.br\/portal\/?p=98468#primaryimage"},"image":{"@id":"https:\/\/aconteceunovale.com.br\/portal\/?p=98468#primaryimage"},"thumbnailUrl":"https:\/\/aconteceunovale.com.br\/portal\/wp-content\/uploads\/2016\/10\/mandoff_mineiro_1.jpg","datePublished":"2016-10-06T01:23:21+00:00","dateModified":"2026-09-02T15:16:54+00:00","author":{"@id":"https:\/\/aconteceunovale.com.br\/portal\/#\/schema\/person\/633529146f2c94272bef50ac2953d589"},"breadcrumb":{"@id":"https:\/\/aconteceunovale.com.br\/portal\/?p=98468#breadcrumb"},"inLanguage":"pt-BR","potentialAction":[{"@type":"ReadAction","target":["https:\/\/aconteceunovale.com.br\/portal\/?p=98468"]}]},{"@type":"ImageObject","inLanguage":"pt-BR","@id":"https:\/\/aconteceunovale.com.br\/portal\/?p=98468#primaryimage","url":"https:\/\/aconteceunovale.com.br\/portal\/wp-content\/uploads\/2016\/10\/mandoff_mineiro_1.jpg","contentUrl":"https:\/\/aconteceunovale.com.br\/portal\/wp-content\/uploads\/2016\/10\/mandoff_mineiro_1.jpg","width":640,"height":387},{"@type":"BreadcrumbList","@id":"https:\/\/aconteceunovale.com.br\/portal\/?p=98468#breadcrumb","itemListElement":[{"@type":"ListItem","position":1,"name":"In\u00edcio","item":"https:\/\/aconteceunovale.com.br\/portal\/"},{"@type":"ListItem","position":2,"name":"&#8220;Madoff Mineiro&#8221; \u00e9 vitima de assalto em Ara\u00e7ua\u00ed"}]},{"@type":"WebSite","@id":"https:\/\/aconteceunovale.com.br\/portal\/#website","url":"https:\/\/aconteceunovale.com.br\/portal\/","name":"Aconteceu no Vale","description":"Portal de Not\u00edcias","potentialAction":[{"@type":"SearchAction","target":{"@type":"EntryPoint","urlTemplate":"https:\/\/aconteceunovale.com.br\/portal\/?s={search_term_string}"},"query-input":{"@type":"PropertyValueSpecification","valueRequired":true,"valueName":"search_term_string"}}],"inLanguage":"pt-BR"},{"@type":"Person","@id":"https:\/\/aconteceunovale.com.br\/portal\/#\/schema\/person\/633529146f2c94272bef50ac2953d589","name":"Aconteceu no Vale","description":"Equipe de reportagem do Aconteceu no Vale, portal de not\u00edcias do Vale do Jequitinhonha, em Minas Gerais. Cobrimos as 51 cidades do Vale desde 2013. Sugest\u00f5es de pauta e pedidos de corre\u00e7\u00e3o: contato@aconteceunovale.com.br","sameAs":["http:\/\/www.aconteceunovale.com.br"],"url":"https:\/\/aconteceunovale.com.br\/portal\/?author=1"}]}},"_links":{"self":[{"href":"https:\/\/aconteceunovale.com.br\/portal\/index.php?rest_route=\/wp\/v2\/posts\/98468","targetHints":{"allow":["GET"]}}],"collection":[{"href":"https:\/\/aconteceunovale.com.br\/portal\/index.php?rest_route=\/wp\/v2\/posts"}],"about":[{"href":"https:\/\/aconteceunovale.com.br\/portal\/index.php?rest_route=\/wp\/v2\/types\/post"}],"author":[{"embeddable":true,"href":"https:\/\/aconteceunovale.com.br\/portal\/index.php?rest_route=\/wp\/v2\/users\/1"}],"replies":[{"embeddable":true,"href":"https:\/\/aconteceunovale.com.br\/portal\/index.php?rest_route=%2Fwp%2Fv2%2Fcomments&post=98468"}],"version-history":[{"count":1,"href":"https:\/\/aconteceunovale.com.br\/portal\/index.php?rest_route=\/wp\/v2\/posts\/98468\/revisions"}],"predecessor-version":[{"id":199513,"href":"https:\/\/aconteceunovale.com.br\/portal\/index.php?rest_route=\/wp\/v2\/posts\/98468\/revisions\/199513"}],"wp:featuredmedia":[{"embeddable":true,"href":"https:\/\/aconteceunovale.com.br\/portal\/index.php?rest_route=\/wp\/v2\/media\/98469"}],"wp:attachment":[{"href":"https:\/\/aconteceunovale.com.br\/portal\/index.php?rest_route=%2Fwp%2Fv2%2Fmedia&parent=98468"}],"wp:term":[{"taxonomy":"category","embeddable":true,"href":"https:\/\/aconteceunovale.com.br\/portal\/index.php?rest_route=%2Fwp%2Fv2%2Fcategories&post=98468"},{"taxonomy":"post_tag","embeddable":true,"href":"https:\/\/aconteceunovale.com.br\/portal\/index.php?rest_route=%2Fwp%2Fv2%2Ftags&post=98468"}],"curies":[{"name":"wp","href":"https:\/\/api.w.org\/{rel}","templated":true}]}}