{"id":98456,"date":"2016-10-05T19:49:10","date_gmt":"2016-10-05T22:49:10","guid":{"rendered":"http:\/\/aconteceunovale.com.br\/portal\/?p=98456"},"modified":"2016-10-05T19:49:10","modified_gmt":"2016-10-05T22:49:10","slug":"policia-civil-prende-suspeitos-de-matar-investigador-em-cristalia-no-norte-de-minas","status":"publish","type":"post","link":"https:\/\/aconteceunovale.com.br\/portal\/?p=98456","title":{"rendered":"Pol\u00edcia Civil prende suspeitos de matar investigador em Crist\u00e1lia, no Norte de Minas"},"content":{"rendered":"<p>A Pol\u00edcia Civil de Minas Gerais, em Montes Claros, prendeu Ant\u00f4nio Carlos Teixeira Batista (conhecido como \u201cNenzim Coveiro\u201d), 25 anos, e Rafael Aparecido Pereira Fonseca (o \u201cRafinha\u201d), 26 anos, suspeitos de matar o Investigador de Pol\u00edcia Fabricio Heron Oliveira, no domingo (03\/10\/2016), na cidade de Crist\u00e1lia, durante uma comemora\u00e7\u00e3o eleitoral.<\/p>\n<p>De acordo com a PC, o crime aconteceu por volta da meia noite, quando Rafael se desentendeu com uma pessoa ainda n\u00e3o identificada. Ele procurou por Ant\u00f4nio Carlos, que estava em posse de um rev\u00f3lver calibre 38 e determinou que ele atirasse na dire\u00e7\u00e3o do policial civil. Foram efetuados tr\u00eas disparos, um deles atingiu o investigador, que chegou a ser socorrido para a cidade de Gr\u00e3o Mogol, mas n\u00e3o resistiu aos ferimentos.<\/p>\n<p>Rafael alegou \u00e0 pol\u00edcia que teria confundido o policial civil  com a pessoa com quem  teria se desentendido anteriormente. Logo ap\u00f3s o crime, os suspeitos fugiram em um ve\u00edculo VW\/Gol, cor grafite, veiculo que foi abandonado por falta de combust\u00edvel. A dupla entrou ent\u00e3o em uma mata fechada, tentando escapar rapidamente.<\/p>\n<p><img decoding=\"async\" src=\"http:\/\/aconteceunovale.com.br\/portal\/wp-content\/uploads\/2016\/10\/presos_cristalia.jpg\" alt=\"\" \/><em>Presos foram apresentados pela PC em Montes Claros (Foto: Divulga\u00e7\u00e3o\/PCMG)<\/em><br \/>\n<\/br><\/p>\n<p>Voluntariamente, mais de 50 policiais civis se empenharam e deslocaram para a regi\u00e3o, e  localizaram   Ant\u00f4nio Carlos,  escondido embaixo de uma cama da casa de conhecidos dele. Rafael foi localizado ontem (5), escondido em uma regi\u00e3o montanhosa com mata fechada. Equipes de policiais civis de Gr\u00e3o Mogol e Montes Claros apreenderam a arma do crime em Crist\u00e1lia.<\/p>\n<p>O chefe do 11\u00ba Departamento de Montes Claros, delegado Renato Nunes Henriques, lamentou a perda do servidor, que por 16 anos prestou servi\u00e7o \u00e0 institui\u00e7\u00e3o \u201cComparo com o sentimento da perda de um familiar, pois a Pol\u00edcia Civil \u00e9 uma fam\u00edlia\u201d, comentou. <\/p>\n<p>O delegado regional de Montes Claros, Jurandir Rodrigues, frisou que crimes contra policiais civis ter\u00e3o respostas r\u00e1pidas, com todo aparato poss\u00edvel e os suspeitos nunca ficar\u00e3o impunes.<\/p>\n<p><img decoding=\"async\" src=\"http:\/\/aconteceunovale.com.br\/portal\/wp-content\/uploads\/2016\/10\/pc_cristalia.jpg\" alt=\"\" \/><em>Fabr\u00edcio Heron era de Crist\u00e1lia e trabalhava em Montes Claros (Foto: Facebook\/Reprodu\u00e7\u00e3o)<\/em><br \/>\n<\/br><\/p>\n<p><em>(Fonte: PCMG)<\/em><\/p>\n","protected":false},"excerpt":{"rendered":"<p>A Pol\u00edcia Civil de Minas Gerais, em Montes Claros, prendeu Ant\u00f4nio Carlos Teixeira Batista (conhecido como \u201cNenzim Coveiro\u201d), 25 anos, e Rafael Aparecido Pereira Fonseca (o \u201cRafinha\u201d), 26 anos, suspeitos de matar o Investigador de Pol\u00edcia Fabricio Heron Oliveira, no domingo (03\/10\/2016), na cidade de Crist\u00e1lia, durante uma comemora\u00e7\u00e3o eleitoral. De acordo com a PC, [&hellip;]<\/p>\n","protected":false},"author":1,"featured_media":98344,"comment_status":"open","ping_status":"closed","sticky":false,"template":"","format":"standard","meta":{"amp_status":"","footnotes":""},"categories":[1236],"tags":[119161,1715,1018,118752,118749,119164,210,118751,119162,119166,118754,118753,118750,119163,119165],"class_list":["post-98456","post","type-post","status-publish","format-standard","has-post-thumbnail","hentry","category-norte_de_minas","tag-antonio-carlos-teixeira-batista","tag-cristalia","tag-destaque","tag-fabricio-heron","tag-fabricio-heron-de-oliveira","tag-fabricio-heron-oliveira","tag-montes-claros","tag-morte-de-policial-em-cristalia","tag-nenzim-coveiro","tag-policia-civil-prende-suspeitos-de-matar-investigador-em-cristalia","tag-policial-civil-e-assassinado-durante-comemoracao-politica-em-cristalia","tag-policial-civil-e-assassinado-durante-comemoracao-politica-em-municipio-do-norte-de-minas","tag-policial-morto-em-cristalia","tag-rafael-aparecido-pereira-fonseca","tag-suspeitos-de-matar-o-investigador-de-policia-fabricio-heron-oliveira"],"yoast_head":"<!-- This site is optimized with the Yoast SEO plugin v28.3 - https:\/\/yoast.com\/product\/yoast-seo-wordpress\/ -->\n<title>Pol\u00edcia Civil prende suspeitos de matar investigador em Crist\u00e1lia, no Norte de Minas - Aconteceu no Vale<\/title>\n<meta name=\"robots\" content=\"index, follow, max-snippet:-1, max-image-preview:large, max-video-preview:-1\" \/>\n<link rel=\"canonical\" href=\"https:\/\/aconteceunovale.com.br\/portal\/?p=98456\" \/>\n<meta property=\"og:locale\" content=\"pt_BR\" \/>\n<meta property=\"og:type\" content=\"article\" \/>\n<meta property=\"og:title\" content=\"Pol\u00edcia Civil prende suspeitos de matar investigador em Crist\u00e1lia, no Norte de Minas - Aconteceu no Vale\" \/>\n<meta property=\"og:description\" content=\"A Pol\u00edcia Civil de Minas Gerais, em Montes Claros, prendeu Ant\u00f4nio Carlos Teixeira Batista (conhecido como \u201cNenzim Coveiro\u201d), 25 anos, e Rafael Aparecido Pereira Fonseca (o \u201cRafinha\u201d), 26 anos, suspeitos de matar o Investigador de Pol\u00edcia Fabricio Heron Oliveira, no domingo (03\/10\/2016), na cidade de Crist\u00e1lia, durante uma comemora\u00e7\u00e3o eleitoral. De acordo com a PC, [&hellip;]\" \/>\n<meta property=\"og:url\" content=\"https:\/\/aconteceunovale.com.br\/portal\/?p=98456\" \/>\n<meta property=\"og:site_name\" content=\"Aconteceu no Vale\" \/>\n<meta property=\"article:publisher\" content=\"https:\/\/www.facebook.com\/aconteceunovale\/\" \/>\n<meta property=\"article:published_time\" content=\"2016-10-05T22:49:10+00:00\" \/>\n<meta property=\"og:image\" content=\"https:\/\/aconteceunovale.com.br\/portal\/wp-content\/uploads\/2016\/10\/pc_cristalia.jpg\" \/>\n\t<meta property=\"og:image:width\" content=\"668\" \/>\n\t<meta property=\"og:image:height\" content=\"450\" \/>\n\t<meta property=\"og:image:type\" content=\"image\/jpeg\" \/>\n<meta name=\"author\" content=\"Aconteceu no Vale\" \/>\n<meta name=\"twitter:card\" content=\"summary_large_image\" \/>\n<meta name=\"twitter:creator\" content=\"@noticiadosvales\" \/>\n<meta name=\"twitter:site\" content=\"@noticiadosvales\" \/>\n<meta name=\"twitter:label1\" content=\"Escrito por\" \/>\n\t<meta name=\"twitter:data1\" content=\"Aconteceu no Vale\" \/>\n\t<meta name=\"twitter:label2\" content=\"Est. tempo de leitura\" \/>\n\t<meta name=\"twitter:data2\" content=\"2 minutos\" \/>\n<script type=\"application\/ld+json\" class=\"yoast-schema-graph\">{\"@context\":\"https:\\\/\\\/schema.org\",\"@graph\":[{\"@type\":\"Article\",\"@id\":\"https:\\\/\\\/aconteceunovale.com.br\\\/portal\\\/?p=98456#article\",\"isPartOf\":{\"@id\":\"https:\\\/\\\/aconteceunovale.com.br\\\/portal\\\/?p=98456\"},\"author\":{\"name\":\"Aconteceu no Vale\",\"@id\":\"https:\\\/\\\/aconteceunovale.com.br\\\/portal\\\/#\\\/schema\\\/person\\\/633529146f2c94272bef50ac2953d589\"},\"headline\":\"Pol\u00edcia Civil prende suspeitos de matar investigador em Crist\u00e1lia, no Norte de Minas\",\"datePublished\":\"2016-10-05T22:49:10+00:00\",\"mainEntityOfPage\":{\"@id\":\"https:\\\/\\\/aconteceunovale.com.br\\\/portal\\\/?p=98456\"},\"wordCount\":364,\"commentCount\":0,\"image\":{\"@id\":\"https:\\\/\\\/aconteceunovale.com.br\\\/portal\\\/?p=98456#primaryimage\"},\"thumbnailUrl\":\"https:\\\/\\\/aconteceunovale.com.br\\\/portal\\\/wp-content\\\/uploads\\\/2016\\\/10\\\/pc_cristalia.jpg\",\"keywords\":[\"Ant\u00f4nio Carlos Teixeira Batista\",\"Crist\u00e1lia\",\"destaque\",\"Fabr\u00edcio Heron\",\"Fabr\u00edcio Heron de Oliveira\",\"Fabricio Heron Oliveira\",\"Montes Claros\",\"Morte de policial em Crist\u00e1lia\",\"Nenzim Coveiro\",\"Pol\u00edcia Civil prende suspeitos de matar investigador em Crist\u00e1lia\",\"Policial civil \u00e9 assassinado durante comemora\u00e7\u00e3o pol\u00edtica em Crist\u00e1lia\",\"Policial civil \u00e9 assassinado durante comemora\u00e7\u00e3o pol\u00edtica em munic\u00edpio do Norte de Minas\",\"Policial morto em Crist\u00e1lia\",\"Rafael Aparecido Pereira Fonseca\",\"suspeitos de matar o Investigador de Pol\u00edcia Fabricio Heron Oliveira\"],\"articleSection\":[\"Norte de Minas\"],\"inLanguage\":\"pt-BR\",\"potentialAction\":[{\"@type\":\"CommentAction\",\"name\":\"Comment\",\"target\":[\"https:\\\/\\\/aconteceunovale.com.br\\\/portal\\\/?p=98456#respond\"]}]},{\"@type\":\"WebPage\",\"@id\":\"https:\\\/\\\/aconteceunovale.com.br\\\/portal\\\/?p=98456\",\"url\":\"https:\\\/\\\/aconteceunovale.com.br\\\/portal\\\/?p=98456\",\"name\":\"Pol\u00edcia Civil prende suspeitos de matar investigador em Crist\u00e1lia, no Norte de Minas - Aconteceu no Vale\",\"isPartOf\":{\"@id\":\"https:\\\/\\\/aconteceunovale.com.br\\\/portal\\\/#website\"},\"primaryImageOfPage\":{\"@id\":\"https:\\\/\\\/aconteceunovale.com.br\\\/portal\\\/?p=98456#primaryimage\"},\"image\":{\"@id\":\"https:\\\/\\\/aconteceunovale.com.br\\\/portal\\\/?p=98456#primaryimage\"},\"thumbnailUrl\":\"https:\\\/\\\/aconteceunovale.com.br\\\/portal\\\/wp-content\\\/uploads\\\/2016\\\/10\\\/pc_cristalia.jpg\",\"datePublished\":\"2016-10-05T22:49:10+00:00\",\"author\":{\"@id\":\"https:\\\/\\\/aconteceunovale.com.br\\\/portal\\\/#\\\/schema\\\/person\\\/633529146f2c94272bef50ac2953d589\"},\"breadcrumb\":{\"@id\":\"https:\\\/\\\/aconteceunovale.com.br\\\/portal\\\/?p=98456#breadcrumb\"},\"inLanguage\":\"pt-BR\",\"potentialAction\":[{\"@type\":\"ReadAction\",\"target\":[\"https:\\\/\\\/aconteceunovale.com.br\\\/portal\\\/?p=98456\"]}]},{\"@type\":\"ImageObject\",\"inLanguage\":\"pt-BR\",\"@id\":\"https:\\\/\\\/aconteceunovale.com.br\\\/portal\\\/?p=98456#primaryimage\",\"url\":\"https:\\\/\\\/aconteceunovale.com.br\\\/portal\\\/wp-content\\\/uploads\\\/2016\\\/10\\\/pc_cristalia.jpg\",\"contentUrl\":\"https:\\\/\\\/aconteceunovale.com.br\\\/portal\\\/wp-content\\\/uploads\\\/2016\\\/10\\\/pc_cristalia.jpg\",\"width\":668,\"height\":450},{\"@type\":\"BreadcrumbList\",\"@id\":\"https:\\\/\\\/aconteceunovale.com.br\\\/portal\\\/?p=98456#breadcrumb\",\"itemListElement\":[{\"@type\":\"ListItem\",\"position\":1,\"name\":\"In\u00edcio\",\"item\":\"https:\\\/\\\/aconteceunovale.com.br\\\/portal\\\/\"},{\"@type\":\"ListItem\",\"position\":2,\"name\":\"Pol\u00edcia Civil prende suspeitos de matar investigador em Crist\u00e1lia, no Norte de Minas\"}]},{\"@type\":\"WebSite\",\"@id\":\"https:\\\/\\\/aconteceunovale.com.br\\\/portal\\\/#website\",\"url\":\"https:\\\/\\\/aconteceunovale.com.br\\\/portal\\\/\",\"name\":\"Aconteceu no Vale\",\"description\":\"Portal de Not\u00edcias\",\"potentialAction\":[{\"@type\":\"SearchAction\",\"target\":{\"@type\":\"EntryPoint\",\"urlTemplate\":\"https:\\\/\\\/aconteceunovale.com.br\\\/portal\\\/?s={search_term_string}\"},\"query-input\":{\"@type\":\"PropertyValueSpecification\",\"valueRequired\":true,\"valueName\":\"search_term_string\"}}],\"inLanguage\":\"pt-BR\"},{\"@type\":\"Person\",\"@id\":\"https:\\\/\\\/aconteceunovale.com.br\\\/portal\\\/#\\\/schema\\\/person\\\/633529146f2c94272bef50ac2953d589\",\"name\":\"Aconteceu no Vale\",\"description\":\"Equipe de reportagem do Aconteceu no Vale, portal de not\u00edcias do Vale do Jequitinhonha, em Minas Gerais. Cobrimos as 51 cidades do Vale desde 2013. Sugest\u00f5es de pauta e pedidos de corre\u00e7\u00e3o: contato@aconteceunovale.com.br\",\"sameAs\":[\"http:\\\/\\\/www.aconteceunovale.com.br\"],\"url\":\"https:\\\/\\\/aconteceunovale.com.br\\\/portal\\\/?author=1\"}]}<\/script>\n<!-- \/ Yoast SEO plugin. -->","yoast_head_json":{"title":"Pol\u00edcia Civil prende suspeitos de matar investigador em Crist\u00e1lia, no Norte de Minas - Aconteceu no Vale","robots":{"index":"index","follow":"follow","max-snippet":"max-snippet:-1","max-image-preview":"max-image-preview:large","max-video-preview":"max-video-preview:-1"},"canonical":"https:\/\/aconteceunovale.com.br\/portal\/?p=98456","og_locale":"pt_BR","og_type":"article","og_title":"Pol\u00edcia Civil prende suspeitos de matar investigador em Crist\u00e1lia, no Norte de Minas - Aconteceu no Vale","og_description":"A Pol\u00edcia Civil de Minas Gerais, em Montes Claros, prendeu Ant\u00f4nio Carlos Teixeira Batista (conhecido como \u201cNenzim Coveiro\u201d), 25 anos, e Rafael Aparecido Pereira Fonseca (o \u201cRafinha\u201d), 26 anos, suspeitos de matar o Investigador de Pol\u00edcia Fabricio Heron Oliveira, no domingo (03\/10\/2016), na cidade de Crist\u00e1lia, durante uma comemora\u00e7\u00e3o eleitoral. De acordo com a PC, [&hellip;]","og_url":"https:\/\/aconteceunovale.com.br\/portal\/?p=98456","og_site_name":"Aconteceu no Vale","article_publisher":"https:\/\/www.facebook.com\/aconteceunovale\/","article_published_time":"2016-10-05T22:49:10+00:00","og_image":[{"width":668,"height":450,"url":"https:\/\/aconteceunovale.com.br\/portal\/wp-content\/uploads\/2016\/10\/pc_cristalia.jpg","type":"image\/jpeg"}],"author":"Aconteceu no Vale","twitter_card":"summary_large_image","twitter_creator":"@noticiadosvales","twitter_site":"@noticiadosvales","twitter_misc":{"Escrito por":"Aconteceu no Vale","Est. tempo de leitura":"2 minutos"},"schema":{"@context":"https:\/\/schema.org","@graph":[{"@type":"Article","@id":"https:\/\/aconteceunovale.com.br\/portal\/?p=98456#article","isPartOf":{"@id":"https:\/\/aconteceunovale.com.br\/portal\/?p=98456"},"author":{"name":"Aconteceu no Vale","@id":"https:\/\/aconteceunovale.com.br\/portal\/#\/schema\/person\/633529146f2c94272bef50ac2953d589"},"headline":"Pol\u00edcia Civil prende suspeitos de matar investigador em Crist\u00e1lia, no Norte de Minas","datePublished":"2016-10-05T22:49:10+00:00","mainEntityOfPage":{"@id":"https:\/\/aconteceunovale.com.br\/portal\/?p=98456"},"wordCount":364,"commentCount":0,"image":{"@id":"https:\/\/aconteceunovale.com.br\/portal\/?p=98456#primaryimage"},"thumbnailUrl":"https:\/\/aconteceunovale.com.br\/portal\/wp-content\/uploads\/2016\/10\/pc_cristalia.jpg","keywords":["Ant\u00f4nio Carlos Teixeira Batista","Crist\u00e1lia","destaque","Fabr\u00edcio Heron","Fabr\u00edcio Heron de Oliveira","Fabricio Heron Oliveira","Montes Claros","Morte de policial em Crist\u00e1lia","Nenzim Coveiro","Pol\u00edcia Civil prende suspeitos de matar investigador em Crist\u00e1lia","Policial civil \u00e9 assassinado durante comemora\u00e7\u00e3o pol\u00edtica em Crist\u00e1lia","Policial civil \u00e9 assassinado durante comemora\u00e7\u00e3o pol\u00edtica em munic\u00edpio do Norte de Minas","Policial morto em Crist\u00e1lia","Rafael Aparecido Pereira Fonseca","suspeitos de matar o Investigador de Pol\u00edcia Fabricio Heron Oliveira"],"articleSection":["Norte de Minas"],"inLanguage":"pt-BR","potentialAction":[{"@type":"CommentAction","name":"Comment","target":["https:\/\/aconteceunovale.com.br\/portal\/?p=98456#respond"]}]},{"@type":"WebPage","@id":"https:\/\/aconteceunovale.com.br\/portal\/?p=98456","url":"https:\/\/aconteceunovale.com.br\/portal\/?p=98456","name":"Pol\u00edcia Civil prende suspeitos de matar investigador em Crist\u00e1lia, no Norte de Minas - Aconteceu no Vale","isPartOf":{"@id":"https:\/\/aconteceunovale.com.br\/portal\/#website"},"primaryImageOfPage":{"@id":"https:\/\/aconteceunovale.com.br\/portal\/?p=98456#primaryimage"},"image":{"@id":"https:\/\/aconteceunovale.com.br\/portal\/?p=98456#primaryimage"},"thumbnailUrl":"https:\/\/aconteceunovale.com.br\/portal\/wp-content\/uploads\/2016\/10\/pc_cristalia.jpg","datePublished":"2016-10-05T22:49:10+00:00","author":{"@id":"https:\/\/aconteceunovale.com.br\/portal\/#\/schema\/person\/633529146f2c94272bef50ac2953d589"},"breadcrumb":{"@id":"https:\/\/aconteceunovale.com.br\/portal\/?p=98456#breadcrumb"},"inLanguage":"pt-BR","potentialAction":[{"@type":"ReadAction","target":["https:\/\/aconteceunovale.com.br\/portal\/?p=98456"]}]},{"@type":"ImageObject","inLanguage":"pt-BR","@id":"https:\/\/aconteceunovale.com.br\/portal\/?p=98456#primaryimage","url":"https:\/\/aconteceunovale.com.br\/portal\/wp-content\/uploads\/2016\/10\/pc_cristalia.jpg","contentUrl":"https:\/\/aconteceunovale.com.br\/portal\/wp-content\/uploads\/2016\/10\/pc_cristalia.jpg","width":668,"height":450},{"@type":"BreadcrumbList","@id":"https:\/\/aconteceunovale.com.br\/portal\/?p=98456#breadcrumb","itemListElement":[{"@type":"ListItem","position":1,"name":"In\u00edcio","item":"https:\/\/aconteceunovale.com.br\/portal\/"},{"@type":"ListItem","position":2,"name":"Pol\u00edcia Civil prende suspeitos de matar investigador em Crist\u00e1lia, no Norte de Minas"}]},{"@type":"WebSite","@id":"https:\/\/aconteceunovale.com.br\/portal\/#website","url":"https:\/\/aconteceunovale.com.br\/portal\/","name":"Aconteceu no Vale","description":"Portal de Not\u00edcias","potentialAction":[{"@type":"SearchAction","target":{"@type":"EntryPoint","urlTemplate":"https:\/\/aconteceunovale.com.br\/portal\/?s={search_term_string}"},"query-input":{"@type":"PropertyValueSpecification","valueRequired":true,"valueName":"search_term_string"}}],"inLanguage":"pt-BR"},{"@type":"Person","@id":"https:\/\/aconteceunovale.com.br\/portal\/#\/schema\/person\/633529146f2c94272bef50ac2953d589","name":"Aconteceu no Vale","description":"Equipe de reportagem do Aconteceu no Vale, portal de not\u00edcias do Vale do Jequitinhonha, em Minas Gerais. Cobrimos as 51 cidades do Vale desde 2013. Sugest\u00f5es de pauta e pedidos de corre\u00e7\u00e3o: contato@aconteceunovale.com.br","sameAs":["http:\/\/www.aconteceunovale.com.br"],"url":"https:\/\/aconteceunovale.com.br\/portal\/?author=1"}]}},"_links":{"self":[{"href":"https:\/\/aconteceunovale.com.br\/portal\/index.php?rest_route=\/wp\/v2\/posts\/98456","targetHints":{"allow":["GET"]}}],"collection":[{"href":"https:\/\/aconteceunovale.com.br\/portal\/index.php?rest_route=\/wp\/v2\/posts"}],"about":[{"href":"https:\/\/aconteceunovale.com.br\/portal\/index.php?rest_route=\/wp\/v2\/types\/post"}],"author":[{"embeddable":true,"href":"https:\/\/aconteceunovale.com.br\/portal\/index.php?rest_route=\/wp\/v2\/users\/1"}],"replies":[{"embeddable":true,"href":"https:\/\/aconteceunovale.com.br\/portal\/index.php?rest_route=%2Fwp%2Fv2%2Fcomments&post=98456"}],"version-history":[{"count":0,"href":"https:\/\/aconteceunovale.com.br\/portal\/index.php?rest_route=\/wp\/v2\/posts\/98456\/revisions"}],"wp:featuredmedia":[{"embeddable":true,"href":"https:\/\/aconteceunovale.com.br\/portal\/index.php?rest_route=\/wp\/v2\/media\/98344"}],"wp:attachment":[{"href":"https:\/\/aconteceunovale.com.br\/portal\/index.php?rest_route=%2Fwp%2Fv2%2Fmedia&parent=98456"}],"wp:term":[{"taxonomy":"category","embeddable":true,"href":"https:\/\/aconteceunovale.com.br\/portal\/index.php?rest_route=%2Fwp%2Fv2%2Fcategories&post=98456"},{"taxonomy":"post_tag","embeddable":true,"href":"https:\/\/aconteceunovale.com.br\/portal\/index.php?rest_route=%2Fwp%2Fv2%2Ftags&post=98456"}],"curies":[{"name":"wp","href":"https:\/\/api.w.org\/{rel}","templated":true}]}}