{"id":98454,"date":"2016-10-05T19:40:51","date_gmt":"2016-10-05T22:40:51","guid":{"rendered":"http:\/\/aconteceunovale.com.br\/portal\/?p=98454"},"modified":"2016-10-05T19:40:51","modified_gmt":"2016-10-05T22:40:51","slug":"prisao-de-mineiro-acusado-de-triplo-homicidio-em-portugal-e-prorrogada","status":"publish","type":"post","link":"https:\/\/aconteceunovale.com.br\/portal\/?p=98454","title":{"rendered":"Pris\u00e3o de mineiro acusado de triplo homic\u00eddio em Portugal \u00e9 prorrogada"},"content":{"rendered":"<p>Ap\u00f3s pedido da Pol\u00edcia Federal, o juiz da 20\u00aa Vara Federal de Belo Horizonte\/MG decidiu prorrogar a pris\u00e3o tempor\u00e1ria do brasileiro Dinai Alves Gomes, acusado de assassinar tr\u00eas brasileiras que residiam em Portugal. O caso \u00e9 investigado desde fevereiro pela Pol\u00edcia Federal, quando a fam\u00edlia informou o desaparecimento das brasileiras. O suspeito vivia com as brasileiras e mantinha relacionamento amoroso com uma delas. Ele retornou ao Brasil dias ap\u00f3s a fam\u00edlia perder contato com as v\u00edtimas.<\/p>\n<p>No m\u00eas de agosto, os corpos das mulheres foram encontrados em uma fossa s\u00e9ptica, no local onde o acusado trabalhava e morava. Ap\u00f3s investiga\u00e7\u00f5es das autoridades portuguesas, foi requerida e deferida a pris\u00e3o tempor\u00e1ria do suspeito por trinta dias.<\/p>\n<p>Para auxiliar as autoridades portuguesas na identifica\u00e7\u00e3o dos corpos, as fam\u00edlias forneceram material gen\u00e9tico, que foi utilizado pelo Instituto Nacional de Criminal\u00edstica para elabora\u00e7\u00e3o de laudos periciais.<\/p>\n<p>Enquanto as buscas por provas eram feitas em Portugal, o delegado respons\u00e1vel pelo caso encaminhou o pedido de Coopera\u00e7\u00e3o Jur\u00eddica Internacional, o que possibilitou a prorroga\u00e7\u00e3o da pris\u00e3o tempor\u00e1ria de Dinai Gomes.<\/p>\n<p>Apesar dos assassinatos terem ocorrido fora do Pa\u00eds, por ser brasileiro nato, o acusado n\u00e3o pode ser extraditado para Portugal. Assim, enquanto aguarda o julgamento do caso no Brasil, a Adid\u00e2ncia da Pol\u00edcia Federal em Portugal continua a acompanhar todas as a\u00e7\u00f5es, o que garante agilidade \u00e0 coopera\u00e7\u00e3o internacional.<\/p>\n<p><img decoding=\"async\" src=\"http:\/\/aconteceunovale.com.br\/portal\/wp-content\/uploads\/2016\/08\/dinai_nc.jpg\" alt=\"\" \/><em>Dinai Gomes \u00e9 o principal suspeito do triplo homic\u00eddio (Foto: Divulga\u00e7\u00e3o\/\u00c1lbum de Fam\u00edlia)<\/em><br \/>\n<\/br><\/p>\n<p><em>(Fonte: PF)<\/em><\/p>\n","protected":false},"excerpt":{"rendered":"<p>Ap\u00f3s pedido da Pol\u00edcia Federal, o juiz da 20\u00aa Vara Federal de Belo Horizonte\/MG decidiu prorrogar a pris\u00e3o tempor\u00e1ria do brasileiro Dinai Alves Gomes, acusado de assassinar tr\u00eas brasileiras que residiam em Portugal. O caso \u00e9 investigado desde fevereiro pela Pol\u00edcia Federal, quando a fam\u00edlia informou o desaparecimento das brasileiras. O suspeito vivia com as [&hellip;]<\/p>\n","protected":false},"author":1,"featured_media":95895,"comment_status":"open","ping_status":"closed","sticky":false,"template":"","format":"standard","meta":{"amp_status":"","footnotes":""},"categories":[123,28848],"tags":[119156,119159,114145,183,112684,112685,277,112679,112687,112680,112682,112691,112681,112683,94309,94318,1018,112833,112689,119158,112692,112925,95820,112944,112945,94317,95821,94319,94316,94312,112688,94311,112690,94310,112943,112834,94340,175,114081,114082,114083,114084,119160,119157,94314,113005,94315,112686,94313,114080],"class_list":["post-98454","post","type-post","status-publish","format-standard","has-post-thumbnail","hentry","category-gerais","category-mundo","tag-20a-vara-federal-de-belo-horizonte","tag-acusado-de-assassinar-tres-brasileiras-que-residiam-em-portugal","tag-acusado-de-matar-brasileiras-em-portugal-nega-crime","tag-ataleia","tag-brasileiras-assassinadas-em-portugal","tag-brasileiras-mortas-em-portugal","tag-campanario","tag-cascais","tag-corpo-de-bombeiros-de-parede","tag-corpos-de-brasileiras-encontrados-em-cascais","tag-corpos-de-brasileiras-encontrados-em-portugal","tag-corpos-de-tres-brasileiras-que-estavam-desaparecidas-em-portugal-sao-encontrados","tag-corpos-encontrados-em-cascais","tag-corpos-encontrados-em-portugal","tag-desaparecidas-em-portugal","tag-desaparecimento-de-irmas-em-portugal","tag-destaque","tag-dinai-alves-gomes","tag-dinai-alves-mendes","tag-dinai-gomes","tag-encontrados-os-corpos-de-tres-brasileiras-que-estavam-desaparecidas-em-portugal","tag-familia-faz-campanha-para-custear-traslado-dos-corpos-de-brasileiras-assassinadas-em-portugal","tag-help-desperate-mom-find-daughters","tag-homofobia-e-casamento-no-brasil-podem-ter-motivado-morte-de-tres-brasileiras-em-portugal","tag-homofobia-e-relacionamento-extraconjugal-podem-ter-motivado-morte-de-tres-brasileiras-em-portugal","tag-irmas-desaparecidas-em-portugal","tag-irmas-mineiras-continuam-desaparecidas-em-portugal","tag-irmas-mineiras-desaparecidas-em-portugal","tag-irmas-mineiras-estao-desaparecidas-ha-tres-meses-em-portugal","tag-lidiana-neves-santana","tag-michele-ferreira","tag-michele-santana-ferreira","tag-michelle-santana-ferreira","tag-mineiras-desaparecidas-em-portugal","tag-morte-de-brasileiras-em-portugal-pode-ter-sido-motivada-por-homofobia-e-relacionamento-extraconjugal","tag-namorado-ameacou-jovem-mineira-assassinada-em-portugal","tag-nova-venecia","tag-novo-cruzeiro","tag-pf-prende-suspeito-de-matar-e-ocultar-cadaveres-de-brasileiras-no-exterior","tag-policia-federal-prende-suspeito-de-matar-jovens-mineiras-em-portugal","tag-prisao-de-dinai","tag-prisao-de-homem-que-matou-tres-brasileiras-em-portugal","tag-prisao-de-mineiro-acusado-de-triplo-homicidio-em-portugal-e-prorrogada","tag-prisao-temporaria-do-brasileiro-dinai-gomes","tag-solange-santana-leite","tag-suspeito-de-matar-tres-brasileiras-em-portugal-e-procurado-pela-policia-federal","tag-tania-maria-mendes-dias","tag-thayane-mendes-dias","tag-thayane-milla-mendes","tag-thayane-milla-mendes-dias"],"_links":{"self":[{"href":"https:\/\/aconteceunovale.com.br\/portal\/index.php?rest_route=\/wp\/v2\/posts\/98454","targetHints":{"allow":["GET"]}}],"collection":[{"href":"https:\/\/aconteceunovale.com.br\/portal\/index.php?rest_route=\/wp\/v2\/posts"}],"about":[{"href":"https:\/\/aconteceunovale.com.br\/portal\/index.php?rest_route=\/wp\/v2\/types\/post"}],"author":[{"embeddable":true,"href":"https:\/\/aconteceunovale.com.br\/portal\/index.php?rest_route=\/wp\/v2\/users\/1"}],"replies":[{"embeddable":true,"href":"https:\/\/aconteceunovale.com.br\/portal\/index.php?rest_route=%2Fwp%2Fv2%2Fcomments&post=98454"}],"version-history":[{"count":0,"href":"https:\/\/aconteceunovale.com.br\/portal\/index.php?rest_route=\/wp\/v2\/posts\/98454\/revisions"}],"wp:featuredmedia":[{"embeddable":true,"href":"https:\/\/aconteceunovale.com.br\/portal\/index.php?rest_route=\/wp\/v2\/media\/95895"}],"wp:attachment":[{"href":"https:\/\/aconteceunovale.com.br\/portal\/index.php?rest_route=%2Fwp%2Fv2%2Fmedia&parent=98454"}],"wp:term":[{"taxonomy":"category","embeddable":true,"href":"https:\/\/aconteceunovale.com.br\/portal\/index.php?rest_route=%2Fwp%2Fv2%2Fcategories&post=98454"},{"taxonomy":"post_tag","embeddable":true,"href":"https:\/\/aconteceunovale.com.br\/portal\/index.php?rest_route=%2Fwp%2Fv2%2Ftags&post=98454"}],"curies":[{"name":"wp","href":"https:\/\/api.w.org\/{rel}","templated":true}]}}