{"id":98452,"date":"2016-10-05T19:35:38","date_gmt":"2016-10-05T22:35:38","guid":{"rendered":"http:\/\/aconteceunovale.com.br\/portal\/?p=98452"},"modified":"2016-10-05T19:35:38","modified_gmt":"2016-10-05T22:35:38","slug":"micro-e-pequenos-empresarios-terao-r-30-bilhoes-em-linhas-de-credito","status":"publish","type":"post","link":"https:\/\/aconteceunovale.com.br\/portal\/?p=98452","title":{"rendered":"Micro e pequenos empres\u00e1rios ter\u00e3o R$ 30 bilh\u00f5es em linhas de cr\u00e9dito"},"content":{"rendered":"<p>O governo federal lan\u00e7ou nesta quarta-feira (05\/10\/2016) uma linha de cr\u00e9dito para que os micro e pequenos empres\u00e1rios possam pegar empr\u00e9stimos de bancos p\u00fablicos e privados e editou um decreto que facilita a exporta\u00e7\u00e3o de bens pelas micro e pequenas empresas. As a\u00e7\u00f5es foram apresentadas pelo presidente Michel Temer no Dia Nacional da Micro e Pequena Empresa, celebrado hoje.<\/p>\n<p>Pelo menos R$ 30 bilh\u00f5es ser\u00e3o disponibilizados a financiamentos de compra de m\u00e1quinas e para a moderniza\u00e7\u00e3o do segmento, com o objetivo de aumentar a produtividade e retomar a confian\u00e7a dos consumidores brasileiros nos pequenos neg\u00f3cios. De acordo com a secretaria especial da Micro e Pequena (Sempe), as opera\u00e7\u00f5es v\u00e3o envolver taxas de juros mais baixas e condi\u00e7\u00f5es diferenciadas oferecidas pelos bancos Bradesco, Ita\u00fa, Santander, Banco do Brasil, Banco Nacional do Desenvolvimento Econ\u00f4mico e Social (BNDES) e Caixa Econ\u00f4mica Federal.<\/p>\n<p>J\u00e1 no campo das exporta\u00e7\u00f5es, o secret\u00e1rio da Micro e Pequena Empresa, Jos\u00e9 Ricardo Veiga, assinou um decreto que institui a figura do chamado Operador Log\u00edstico para executar a\u00e7\u00f5es no exterior no lugar das micro e pequenas empresas. Com a mudan\u00e7a, que visa desburocratizar as a\u00e7\u00f5es, os procedimentos de exporta\u00e7\u00e3o ser\u00e3o feitos por meio do operador e permitir\u00e1 \u00e0s empresas de pequeno porte finalizarem seus neg\u00f3cios como se estivessem vendendo no pr\u00f3prio mercado nacional.<\/p>\n<p>De acordo com Jos\u00e9 Ricardo Veiga, uma instru\u00e7\u00e3o normativa da Receita Federal vai possibilitar a a\u00e7\u00e3o dos operadores, que poder\u00e3o abrir novos guich\u00eas para receber mercadorias dos micro e pequenos empres\u00e1rios. Ele destacou que a inten\u00e7\u00e3o do governo \u00e9 fazer que a exporta\u00e7\u00e3o seja \u201ct\u00e3o simples\u201d como despachar uma mercadoria.<\/p>\n<p><strong>Colabora\u00e7\u00e3o<\/strong><\/p>\n<p>Sobre as linhas de cr\u00e9dito, o secret\u00e1rio informou que os bancos decidiram colaborar com o governo \u201cpor acreditarem\u201d no sucesso dessas a\u00e7\u00f5es, mas disse que eles t\u00eam \u201ctotal liberdade\u201d para estipularem suas taxas e determinarem a quantidade de recursos a serem disponibilizados. Dos valores, R$ 10 bilh\u00f5es vir\u00e3o do Banco do Brasil, R$ 10 bilh\u00f5es da Caixa e, de acordo com Veiga, o valor no total j\u00e1 \u201cest\u00e1 extrapolando os R$ 30 bilh\u00f5es\u201d.<\/p>\n<p>Segundo o secret\u00e1rio, os bancos sinalizaram ao governo a sinaliza\u00e7\u00e3o em reduzir em at\u00e9 30% suas taxas, mas esses n\u00fameros, por uma quest\u00e3o de concorr\u00eancia, ser\u00e3o anunciadas por cada um deles. \u201cHoje est\u00e1 se consolidando um exemplo claro da intera\u00e7\u00e3o entre o poder p\u00fablico com a iniciativa privada. \u00c9 a reivindica\u00e7\u00e3o de todos que faz o pa\u00eds crescer\u201d, disse Temer ao participar do evento.<\/p>\n<p>Al\u00e9m do cr\u00e9dito e do chamado Simples Exporta\u00e7\u00e3o, o governo pretende criar o projeto Institui\u00e7\u00e3o Amiga do Empreendedor, para possibilitar que universidades promovam atividades de orienta\u00e7\u00e3o, capacita\u00e7\u00e3o e assist\u00eancia t\u00e9cnica a potenciais empreendedores de micro e pequenos neg\u00f3cios.<\/p>\n<p>Ao participar do evento, o pequeno empreendedor Louren\u00e7o da Cunha citou as dificuldades dos empres\u00e1rios iniciantes para se adaptarem \u00e0s burocracias de abertura e regulariza\u00e7\u00e3o dos seus neg\u00f3cios. \u201cO projeto de capacita\u00e7\u00e3o vai nos ajudar bastante com essa quest\u00e3o que n\u00e3o tinha naquela \u00e9poca\u201d, disse, mencionando experi\u00eancia em que sua primeira empresa durou apenas um ano.<\/p>\n<p>Ao parabenizar os empreendedores pela data, o presidente Michel Temer disse que os \u201cmilh\u00f5es de micro e pequenos empres\u00e1rios transformam capacidade empreendedora em riqueza nacional\u201d. \u201cOs senhores s\u00e3o os campe\u00f5es nacionais do crescimento, os campe\u00f5es nacionais em emprego. O emprego \u00e9 o mote principal do nosso governo\u201d, disse.<\/p>\n<p><strong>Mercado<\/strong><\/p>\n<p>Segundo dados da Sempe, 52% dos empregos formais no pa\u00eds s\u00e3o gerados por pequenos neg\u00f3cios, que representam atualmente 27% do PIB [Produto Interno Bruno \u2013 a soma de todas as riquezas produzidas no pa\u00eds]. O governo avalia que o empreendedorismo vem crescendo no Brasil devido a possuir um mercado consumidor com 100 milh\u00f5es de pessoas e ter jovens ocupando um percentual de 52% das atividades. (Ag\u00eancia Brasil)<\/p>\n","protected":false},"excerpt":{"rendered":"<p>O governo federal lan\u00e7ou nesta quarta-feira (05\/10\/2016) uma linha de cr\u00e9dito para que os micro e pequenos empres\u00e1rios possam pegar empr\u00e9stimos de bancos p\u00fablicos e privados e editou um decreto que facilita a exporta\u00e7\u00e3o de bens pelas micro e pequenas empresas. As a\u00e7\u00f5es foram apresentadas pelo presidente Michel Temer no Dia Nacional da Micro e [&hellip;]<\/p>\n","protected":false},"author":1,"featured_media":96831,"comment_status":"open","ping_status":"closed","sticky":false,"template":"","format":"standard","meta":{"amp_status":"","footnotes":""},"categories":[6],"tags":[119150,119152,119149,119147,119151,20181,119146,119155,119153,119148,119154],"class_list":["post-98452","post","type-post","status-publish","format-standard","has-post-thumbnail","hentry","category-br","tag-credito-para-micro-e-pequenos-empresarios","tag-financiamento-para-micro-e-pequenos-empresarios","tag-jose-ricardo-veiga","tag-linha-de-credito","tag-linha-de-credito-para-micro-e-pequenos-empresarios","tag-michel-temer","tag-micro-e-pequenos-empresarios","tag-micro-e-pequenos-empresarios-terao-r-30-bilhoes-em-linhas-de-credito","tag-recursos-para-micro-e-pequenos-empresarios","tag-secretario-da-micro-e-pequena-empresa","tag-verba-para-micro-e-pequenos-empresarios"],"yoast_head":"<!-- This site is optimized with the Yoast SEO plugin v28.3 - https:\/\/yoast.com\/product\/yoast-seo-wordpress\/ -->\n<title>Micro e pequenos empres\u00e1rios ter\u00e3o R$ 30 bilh\u00f5es em linhas de cr\u00e9dito - Aconteceu no Vale<\/title>\n<meta name=\"robots\" content=\"index, follow, max-snippet:-1, max-image-preview:large, max-video-preview:-1\" \/>\n<link rel=\"canonical\" href=\"https:\/\/aconteceunovale.com.br\/portal\/?p=98452\" \/>\n<meta property=\"og:locale\" content=\"pt_BR\" \/>\n<meta property=\"og:type\" content=\"article\" \/>\n<meta property=\"og:title\" content=\"Micro e pequenos empres\u00e1rios ter\u00e3o R$ 30 bilh\u00f5es em linhas de cr\u00e9dito - Aconteceu no Vale\" \/>\n<meta property=\"og:description\" content=\"O governo federal lan\u00e7ou nesta quarta-feira (05\/10\/2016) uma linha de cr\u00e9dito para que os micro e pequenos empres\u00e1rios possam pegar empr\u00e9stimos de bancos p\u00fablicos e privados e editou um decreto que facilita a exporta\u00e7\u00e3o de bens pelas micro e pequenas empresas. As a\u00e7\u00f5es foram apresentadas pelo presidente Michel Temer no Dia Nacional da Micro e [&hellip;]\" \/>\n<meta property=\"og:url\" content=\"https:\/\/aconteceunovale.com.br\/portal\/?p=98452\" \/>\n<meta property=\"og:site_name\" content=\"Aconteceu no Vale\" \/>\n<meta property=\"article:publisher\" content=\"https:\/\/www.facebook.com\/aconteceunovale\/\" \/>\n<meta property=\"article:published_time\" content=\"2016-10-05T22:35:38+00:00\" \/>\n<meta property=\"og:image\" content=\"https:\/\/aconteceunovale.com.br\/portal\/wp-content\/uploads\/2016\/09\/temer_sanciona.jpg\" \/>\n\t<meta property=\"og:image:width\" content=\"675\" \/>\n\t<meta property=\"og:image:height\" content=\"450\" \/>\n\t<meta property=\"og:image:type\" content=\"image\/jpeg\" \/>\n<meta name=\"author\" content=\"Aconteceu no Vale\" \/>\n<meta name=\"twitter:card\" content=\"summary_large_image\" \/>\n<meta name=\"twitter:creator\" content=\"@noticiadosvales\" \/>\n<meta name=\"twitter:site\" content=\"@noticiadosvales\" \/>\n<meta name=\"twitter:label1\" content=\"Escrito por\" \/>\n\t<meta name=\"twitter:data1\" content=\"Aconteceu no Vale\" \/>\n\t<meta name=\"twitter:label2\" content=\"Est. tempo de leitura\" \/>\n\t<meta name=\"twitter:data2\" content=\"3 minutos\" \/>\n<script type=\"application\/ld+json\" class=\"yoast-schema-graph\">{\"@context\":\"https:\\\/\\\/schema.org\",\"@graph\":[{\"@type\":\"Article\",\"@id\":\"https:\\\/\\\/aconteceunovale.com.br\\\/portal\\\/?p=98452#article\",\"isPartOf\":{\"@id\":\"https:\\\/\\\/aconteceunovale.com.br\\\/portal\\\/?p=98452\"},\"author\":{\"name\":\"Aconteceu no Vale\",\"@id\":\"https:\\\/\\\/aconteceunovale.com.br\\\/portal\\\/#\\\/schema\\\/person\\\/633529146f2c94272bef50ac2953d589\"},\"headline\":\"Micro e pequenos empres\u00e1rios ter\u00e3o R$ 30 bilh\u00f5es em linhas de cr\u00e9dito\",\"datePublished\":\"2016-10-05T22:35:38+00:00\",\"mainEntityOfPage\":{\"@id\":\"https:\\\/\\\/aconteceunovale.com.br\\\/portal\\\/?p=98452\"},\"wordCount\":695,\"commentCount\":0,\"image\":{\"@id\":\"https:\\\/\\\/aconteceunovale.com.br\\\/portal\\\/?p=98452#primaryimage\"},\"thumbnailUrl\":\"https:\\\/\\\/aconteceunovale.com.br\\\/portal\\\/wp-content\\\/uploads\\\/2016\\\/09\\\/temer_sanciona.jpg\",\"keywords\":[\"Cr\u00e9dito para micro e pequenos empres\u00e1rios\",\"Financiamento para micro e pequenos empres\u00e1rios\",\"Jos\u00e9 Ricardo Veiga\",\"linha de cr\u00e9dito\",\"Linha de cr\u00e9dito para micro e pequenos empres\u00e1rios\",\"Michel Temer\",\"micro e pequenos empres\u00e1rios\",\"Micro e pequenos empres\u00e1rios ter\u00e3o R$ 30 bilh\u00f5es em linhas de cr\u00e9dito\",\"Recursos para micro e pequenos empres\u00e1rios\",\"secret\u00e1rio da Micro e Pequena Empresa\",\"Verba para micro e pequenos empres\u00e1rios\"],\"articleSection\":[\"Brasil\"],\"inLanguage\":\"pt-BR\",\"potentialAction\":[{\"@type\":\"CommentAction\",\"name\":\"Comment\",\"target\":[\"https:\\\/\\\/aconteceunovale.com.br\\\/portal\\\/?p=98452#respond\"]}]},{\"@type\":\"WebPage\",\"@id\":\"https:\\\/\\\/aconteceunovale.com.br\\\/portal\\\/?p=98452\",\"url\":\"https:\\\/\\\/aconteceunovale.com.br\\\/portal\\\/?p=98452\",\"name\":\"Micro e pequenos empres\u00e1rios ter\u00e3o R$ 30 bilh\u00f5es em linhas de cr\u00e9dito - Aconteceu no Vale\",\"isPartOf\":{\"@id\":\"https:\\\/\\\/aconteceunovale.com.br\\\/portal\\\/#website\"},\"primaryImageOfPage\":{\"@id\":\"https:\\\/\\\/aconteceunovale.com.br\\\/portal\\\/?p=98452#primaryimage\"},\"image\":{\"@id\":\"https:\\\/\\\/aconteceunovale.com.br\\\/portal\\\/?p=98452#primaryimage\"},\"thumbnailUrl\":\"https:\\\/\\\/aconteceunovale.com.br\\\/portal\\\/wp-content\\\/uploads\\\/2016\\\/09\\\/temer_sanciona.jpg\",\"datePublished\":\"2016-10-05T22:35:38+00:00\",\"author\":{\"@id\":\"https:\\\/\\\/aconteceunovale.com.br\\\/portal\\\/#\\\/schema\\\/person\\\/633529146f2c94272bef50ac2953d589\"},\"breadcrumb\":{\"@id\":\"https:\\\/\\\/aconteceunovale.com.br\\\/portal\\\/?p=98452#breadcrumb\"},\"inLanguage\":\"pt-BR\",\"potentialAction\":[{\"@type\":\"ReadAction\",\"target\":[\"https:\\\/\\\/aconteceunovale.com.br\\\/portal\\\/?p=98452\"]}]},{\"@type\":\"ImageObject\",\"inLanguage\":\"pt-BR\",\"@id\":\"https:\\\/\\\/aconteceunovale.com.br\\\/portal\\\/?p=98452#primaryimage\",\"url\":\"https:\\\/\\\/aconteceunovale.com.br\\\/portal\\\/wp-content\\\/uploads\\\/2016\\\/09\\\/temer_sanciona.jpg\",\"contentUrl\":\"https:\\\/\\\/aconteceunovale.com.br\\\/portal\\\/wp-content\\\/uploads\\\/2016\\\/09\\\/temer_sanciona.jpg\",\"width\":675,\"height\":450},{\"@type\":\"BreadcrumbList\",\"@id\":\"https:\\\/\\\/aconteceunovale.com.br\\\/portal\\\/?p=98452#breadcrumb\",\"itemListElement\":[{\"@type\":\"ListItem\",\"position\":1,\"name\":\"In\u00edcio\",\"item\":\"https:\\\/\\\/aconteceunovale.com.br\\\/portal\\\/\"},{\"@type\":\"ListItem\",\"position\":2,\"name\":\"Micro e pequenos empres\u00e1rios ter\u00e3o R$ 30 bilh\u00f5es em linhas de cr\u00e9dito\"}]},{\"@type\":\"WebSite\",\"@id\":\"https:\\\/\\\/aconteceunovale.com.br\\\/portal\\\/#website\",\"url\":\"https:\\\/\\\/aconteceunovale.com.br\\\/portal\\\/\",\"name\":\"Aconteceu no Vale\",\"description\":\"Portal de Not\u00edcias\",\"potentialAction\":[{\"@type\":\"SearchAction\",\"target\":{\"@type\":\"EntryPoint\",\"urlTemplate\":\"https:\\\/\\\/aconteceunovale.com.br\\\/portal\\\/?s={search_term_string}\"},\"query-input\":{\"@type\":\"PropertyValueSpecification\",\"valueRequired\":true,\"valueName\":\"search_term_string\"}}],\"inLanguage\":\"pt-BR\"},{\"@type\":\"Person\",\"@id\":\"https:\\\/\\\/aconteceunovale.com.br\\\/portal\\\/#\\\/schema\\\/person\\\/633529146f2c94272bef50ac2953d589\",\"name\":\"Aconteceu no Vale\",\"description\":\"Equipe de reportagem do Aconteceu no Vale, portal de not\u00edcias do Vale do Jequitinhonha, em Minas Gerais. Cobrimos as 51 cidades do Vale desde 2013. Sugest\u00f5es de pauta e pedidos de corre\u00e7\u00e3o: contato@aconteceunovale.com.br\",\"sameAs\":[\"http:\\\/\\\/www.aconteceunovale.com.br\"],\"url\":\"https:\\\/\\\/aconteceunovale.com.br\\\/portal\\\/?author=1\"}]}<\/script>\n<!-- \/ Yoast SEO plugin. -->","yoast_head_json":{"title":"Micro e pequenos empres\u00e1rios ter\u00e3o R$ 30 bilh\u00f5es em linhas de cr\u00e9dito - Aconteceu no Vale","robots":{"index":"index","follow":"follow","max-snippet":"max-snippet:-1","max-image-preview":"max-image-preview:large","max-video-preview":"max-video-preview:-1"},"canonical":"https:\/\/aconteceunovale.com.br\/portal\/?p=98452","og_locale":"pt_BR","og_type":"article","og_title":"Micro e pequenos empres\u00e1rios ter\u00e3o R$ 30 bilh\u00f5es em linhas de cr\u00e9dito - Aconteceu no Vale","og_description":"O governo federal lan\u00e7ou nesta quarta-feira (05\/10\/2016) uma linha de cr\u00e9dito para que os micro e pequenos empres\u00e1rios possam pegar empr\u00e9stimos de bancos p\u00fablicos e privados e editou um decreto que facilita a exporta\u00e7\u00e3o de bens pelas micro e pequenas empresas. As a\u00e7\u00f5es foram apresentadas pelo presidente Michel Temer no Dia Nacional da Micro e [&hellip;]","og_url":"https:\/\/aconteceunovale.com.br\/portal\/?p=98452","og_site_name":"Aconteceu no Vale","article_publisher":"https:\/\/www.facebook.com\/aconteceunovale\/","article_published_time":"2016-10-05T22:35:38+00:00","og_image":[{"width":675,"height":450,"url":"https:\/\/aconteceunovale.com.br\/portal\/wp-content\/uploads\/2016\/09\/temer_sanciona.jpg","type":"image\/jpeg"}],"author":"Aconteceu no Vale","twitter_card":"summary_large_image","twitter_creator":"@noticiadosvales","twitter_site":"@noticiadosvales","twitter_misc":{"Escrito por":"Aconteceu no Vale","Est. tempo de leitura":"3 minutos"},"schema":{"@context":"https:\/\/schema.org","@graph":[{"@type":"Article","@id":"https:\/\/aconteceunovale.com.br\/portal\/?p=98452#article","isPartOf":{"@id":"https:\/\/aconteceunovale.com.br\/portal\/?p=98452"},"author":{"name":"Aconteceu no Vale","@id":"https:\/\/aconteceunovale.com.br\/portal\/#\/schema\/person\/633529146f2c94272bef50ac2953d589"},"headline":"Micro e pequenos empres\u00e1rios ter\u00e3o R$ 30 bilh\u00f5es em linhas de cr\u00e9dito","datePublished":"2016-10-05T22:35:38+00:00","mainEntityOfPage":{"@id":"https:\/\/aconteceunovale.com.br\/portal\/?p=98452"},"wordCount":695,"commentCount":0,"image":{"@id":"https:\/\/aconteceunovale.com.br\/portal\/?p=98452#primaryimage"},"thumbnailUrl":"https:\/\/aconteceunovale.com.br\/portal\/wp-content\/uploads\/2016\/09\/temer_sanciona.jpg","keywords":["Cr\u00e9dito para micro e pequenos empres\u00e1rios","Financiamento para micro e pequenos empres\u00e1rios","Jos\u00e9 Ricardo Veiga","linha de cr\u00e9dito","Linha de cr\u00e9dito para micro e pequenos empres\u00e1rios","Michel Temer","micro e pequenos empres\u00e1rios","Micro e pequenos empres\u00e1rios ter\u00e3o R$ 30 bilh\u00f5es em linhas de cr\u00e9dito","Recursos para micro e pequenos empres\u00e1rios","secret\u00e1rio da Micro e Pequena Empresa","Verba para micro e pequenos empres\u00e1rios"],"articleSection":["Brasil"],"inLanguage":"pt-BR","potentialAction":[{"@type":"CommentAction","name":"Comment","target":["https:\/\/aconteceunovale.com.br\/portal\/?p=98452#respond"]}]},{"@type":"WebPage","@id":"https:\/\/aconteceunovale.com.br\/portal\/?p=98452","url":"https:\/\/aconteceunovale.com.br\/portal\/?p=98452","name":"Micro e pequenos empres\u00e1rios ter\u00e3o R$ 30 bilh\u00f5es em linhas de cr\u00e9dito - Aconteceu no Vale","isPartOf":{"@id":"https:\/\/aconteceunovale.com.br\/portal\/#website"},"primaryImageOfPage":{"@id":"https:\/\/aconteceunovale.com.br\/portal\/?p=98452#primaryimage"},"image":{"@id":"https:\/\/aconteceunovale.com.br\/portal\/?p=98452#primaryimage"},"thumbnailUrl":"https:\/\/aconteceunovale.com.br\/portal\/wp-content\/uploads\/2016\/09\/temer_sanciona.jpg","datePublished":"2016-10-05T22:35:38+00:00","author":{"@id":"https:\/\/aconteceunovale.com.br\/portal\/#\/schema\/person\/633529146f2c94272bef50ac2953d589"},"breadcrumb":{"@id":"https:\/\/aconteceunovale.com.br\/portal\/?p=98452#breadcrumb"},"inLanguage":"pt-BR","potentialAction":[{"@type":"ReadAction","target":["https:\/\/aconteceunovale.com.br\/portal\/?p=98452"]}]},{"@type":"ImageObject","inLanguage":"pt-BR","@id":"https:\/\/aconteceunovale.com.br\/portal\/?p=98452#primaryimage","url":"https:\/\/aconteceunovale.com.br\/portal\/wp-content\/uploads\/2016\/09\/temer_sanciona.jpg","contentUrl":"https:\/\/aconteceunovale.com.br\/portal\/wp-content\/uploads\/2016\/09\/temer_sanciona.jpg","width":675,"height":450},{"@type":"BreadcrumbList","@id":"https:\/\/aconteceunovale.com.br\/portal\/?p=98452#breadcrumb","itemListElement":[{"@type":"ListItem","position":1,"name":"In\u00edcio","item":"https:\/\/aconteceunovale.com.br\/portal\/"},{"@type":"ListItem","position":2,"name":"Micro e pequenos empres\u00e1rios ter\u00e3o R$ 30 bilh\u00f5es em linhas de cr\u00e9dito"}]},{"@type":"WebSite","@id":"https:\/\/aconteceunovale.com.br\/portal\/#website","url":"https:\/\/aconteceunovale.com.br\/portal\/","name":"Aconteceu no Vale","description":"Portal de Not\u00edcias","potentialAction":[{"@type":"SearchAction","target":{"@type":"EntryPoint","urlTemplate":"https:\/\/aconteceunovale.com.br\/portal\/?s={search_term_string}"},"query-input":{"@type":"PropertyValueSpecification","valueRequired":true,"valueName":"search_term_string"}}],"inLanguage":"pt-BR"},{"@type":"Person","@id":"https:\/\/aconteceunovale.com.br\/portal\/#\/schema\/person\/633529146f2c94272bef50ac2953d589","name":"Aconteceu no Vale","description":"Equipe de reportagem do Aconteceu no Vale, portal de not\u00edcias do Vale do Jequitinhonha, em Minas Gerais. Cobrimos as 51 cidades do Vale desde 2013. Sugest\u00f5es de pauta e pedidos de corre\u00e7\u00e3o: contato@aconteceunovale.com.br","sameAs":["http:\/\/www.aconteceunovale.com.br"],"url":"https:\/\/aconteceunovale.com.br\/portal\/?author=1"}]}},"_links":{"self":[{"href":"https:\/\/aconteceunovale.com.br\/portal\/index.php?rest_route=\/wp\/v2\/posts\/98452","targetHints":{"allow":["GET"]}}],"collection":[{"href":"https:\/\/aconteceunovale.com.br\/portal\/index.php?rest_route=\/wp\/v2\/posts"}],"about":[{"href":"https:\/\/aconteceunovale.com.br\/portal\/index.php?rest_route=\/wp\/v2\/types\/post"}],"author":[{"embeddable":true,"href":"https:\/\/aconteceunovale.com.br\/portal\/index.php?rest_route=\/wp\/v2\/users\/1"}],"replies":[{"embeddable":true,"href":"https:\/\/aconteceunovale.com.br\/portal\/index.php?rest_route=%2Fwp%2Fv2%2Fcomments&post=98452"}],"version-history":[{"count":0,"href":"https:\/\/aconteceunovale.com.br\/portal\/index.php?rest_route=\/wp\/v2\/posts\/98452\/revisions"}],"wp:featuredmedia":[{"embeddable":true,"href":"https:\/\/aconteceunovale.com.br\/portal\/index.php?rest_route=\/wp\/v2\/media\/96831"}],"wp:attachment":[{"href":"https:\/\/aconteceunovale.com.br\/portal\/index.php?rest_route=%2Fwp%2Fv2%2Fmedia&parent=98452"}],"wp:term":[{"taxonomy":"category","embeddable":true,"href":"https:\/\/aconteceunovale.com.br\/portal\/index.php?rest_route=%2Fwp%2Fv2%2Fcategories&post=98452"},{"taxonomy":"post_tag","embeddable":true,"href":"https:\/\/aconteceunovale.com.br\/portal\/index.php?rest_route=%2Fwp%2Fv2%2Ftags&post=98452"}],"curies":[{"name":"wp","href":"https:\/\/api.w.org\/{rel}","templated":true}]}}