{"id":98445,"date":"2016-10-05T19:18:48","date_gmt":"2016-10-05T22:18:48","guid":{"rendered":"http:\/\/aconteceunovale.com.br\/portal\/?p=98445"},"modified":"2016-10-05T19:18:48","modified_gmt":"2016-10-05T22:18:48","slug":"ministerio-tem-forca-tarefa-para-emissao-de-carteiras-de-trabalho","status":"publish","type":"post","link":"https:\/\/aconteceunovale.com.br\/portal\/?p=98445","title":{"rendered":"Minist\u00e9rio tem for\u00e7a-tarefa para emiss\u00e3o de carteiras de trabalho"},"content":{"rendered":"<p>Devido a uma falha no servi\u00e7o de agendamento para emiss\u00e3o de carteiras de trabalho, os postos de atendimento do Minist\u00e9rio do Trabalho em todo o pa\u00eds iniciaram hoje (5) um mutir\u00e3o de atendimento para a concess\u00e3o do documento. Os trabalhadores que necessitarem da carteira v\u00e3o poder dar entrada no pedido sem necessidade de agendamento durante todo o m\u00eas de outubro.<\/p>\n<p>Segundo o Minist\u00e9rio do Trabalho, as carteiras de trabalho ser\u00e3o emitidas normalmente e, caso haja alguma falha no sistema, a emiss\u00e3o ser\u00e1 feita de forma manual. Os trabalhadores que j\u00e1 estiverem com os hor\u00e1rios agendados devem comparecer na data prevista. Os agendados ter\u00e3o prioridade no atendimento. Por\u00e9m, os demais tamb\u00e9m ter\u00e3o o documento emitido.<\/p>\n<p>A suspens\u00e3o do agendamento foi uma determina\u00e7\u00e3o do ministro do Trabalho, Ronaldo Nogueira, para atender a demanda emergencial. \u201cTendo em vista as falhas no sistema digital, a partir do dia 5 de outubro, nenhum trabalhador ficar\u00e1 sem atendimento\u201d, disse.<\/p>\n<p>O sistema de emiss\u00e3o de carteira digital do trabalho foi lan\u00e7ado em 2008 e passou por uma atualiza\u00e7\u00e3o em 2015, quando foi implantado o agendamento eletr\u00f4nico. Desde ent\u00e3o, o sistema apresenta problemas constantes. (Ag\u00eancia Brasil)<\/p>\n","protected":false},"excerpt":{"rendered":"<p>Devido a uma falha no servi\u00e7o de agendamento para emiss\u00e3o de carteiras de trabalho, os postos de atendimento do Minist\u00e9rio do Trabalho em todo o pa\u00eds iniciaram hoje (5) um mutir\u00e3o de atendimento para a concess\u00e3o do documento. Os trabalhadores que necessitarem da carteira v\u00e3o poder dar entrada no pedido sem necessidade de agendamento durante [&hellip;]<\/p>\n","protected":false},"author":1,"featured_media":89211,"comment_status":"open","ping_status":"closed","sticky":false,"template":"","format":"standard","meta":{"amp_status":"","footnotes":""},"categories":[6,40236],"tags":[119133,119131,26468,119135,119132,119136,119134,67782],"class_list":["post-98445","post","type-post","status-publish","format-standard","has-post-thumbnail","hentry","category-br","category-empregos-2","tag-agendamento","tag-carteiras-de-trabalho","tag-emissao-de-carteiras-de-trabalho","tag-emitir-carteira-de-trabalho","tag-falhas-no-sistema","tag-fazer-carteira-de-trabalho","tag-ministerio-tem-forca-tarefa-para-emissao-de-carteiras-de-trabalho","tag-mutirao"],"_links":{"self":[{"href":"https:\/\/aconteceunovale.com.br\/portal\/index.php?rest_route=\/wp\/v2\/posts\/98445","targetHints":{"allow":["GET"]}}],"collection":[{"href":"https:\/\/aconteceunovale.com.br\/portal\/index.php?rest_route=\/wp\/v2\/posts"}],"about":[{"href":"https:\/\/aconteceunovale.com.br\/portal\/index.php?rest_route=\/wp\/v2\/types\/post"}],"author":[{"embeddable":true,"href":"https:\/\/aconteceunovale.com.br\/portal\/index.php?rest_route=\/wp\/v2\/users\/1"}],"replies":[{"embeddable":true,"href":"https:\/\/aconteceunovale.com.br\/portal\/index.php?rest_route=%2Fwp%2Fv2%2Fcomments&post=98445"}],"version-history":[{"count":0,"href":"https:\/\/aconteceunovale.com.br\/portal\/index.php?rest_route=\/wp\/v2\/posts\/98445\/revisions"}],"wp:featuredmedia":[{"embeddable":true,"href":"https:\/\/aconteceunovale.com.br\/portal\/index.php?rest_route=\/wp\/v2\/media\/89211"}],"wp:attachment":[{"href":"https:\/\/aconteceunovale.com.br\/portal\/index.php?rest_route=%2Fwp%2Fv2%2Fmedia&parent=98445"}],"wp:term":[{"taxonomy":"category","embeddable":true,"href":"https:\/\/aconteceunovale.com.br\/portal\/index.php?rest_route=%2Fwp%2Fv2%2Fcategories&post=98445"},{"taxonomy":"post_tag","embeddable":true,"href":"https:\/\/aconteceunovale.com.br\/portal\/index.php?rest_route=%2Fwp%2Fv2%2Ftags&post=98445"}],"curies":[{"name":"wp","href":"https:\/\/api.w.org\/{rel}","templated":true}]}}