{"id":98441,"date":"2016-10-05T19:08:05","date_gmt":"2016-10-05T22:08:05","guid":{"rendered":"http:\/\/aconteceunovale.com.br\/portal\/?p=98441"},"modified":"2016-10-06T14:15:39","modified_gmt":"2016-10-06T17:15:39","slug":"mpf-recomenda-respeito-ao-direito-de-manifestacao-da-sociedade-civil-em-conceicao-do-mato-dentro","status":"publish","type":"post","link":"https:\/\/aconteceunovale.com.br\/portal\/?p=98441","title":{"rendered":"MPF recomenda respeito ao direito de manifesta\u00e7\u00e3o da sociedade civil em Concei\u00e7\u00e3o do Mato Dentro"},"content":{"rendered":"<p>A Procuradoria Regional dos Direitos do Cidad\u00e3o em Minas Gerais, \u00f3rg\u00e3o do Minist\u00e9rio P\u00fablico Federal (MPF), recomendou ao secret\u00e1rio de Meio Ambiente do Estado de Minas e ao presidente da Unidade Regional Colegiada Jequitinhonha (URC Jequitinhonha), que integra o Conselho Estadual de Pol\u00edtica Ambiental, que garantam o direito de manifesta\u00e7\u00e3o da sociedade civil durante as reuni\u00f5es da URC Jequitinhonha, abstendo-se de utilizar for\u00e7a policial contra os manifestantes.<\/p>\n<p>No \u00faltimo dia 6 de setembro, a popula\u00e7\u00e3o atingida pelo empreendimento de minera\u00e7\u00e3o da empresa Anglo American, no munic\u00edpio de Concei\u00e7\u00e3o do Mato Dentro (MG), foi impedida de participar de reuni\u00e3o em que eram discutidas quest\u00f5es que afetavam diretamente seus direitos e interesses.<\/p>\n<p>Na ocasi\u00e3o, os atingidos foram expulsos do local, por for\u00e7a policial armada, ao argumento de que eles estariam se manifestando durante a reuni\u00e3o.<\/p>\n<p>Para o procurador regional dos Direitos do Cidad\u00e3o Edmundo Ant\u00f4nio Dias, &#8220;as informa\u00e7\u00f5es que tivemos s\u00e3o as de que o clima transcorria em absoluta normalidade, verificando-se t\u00e3o somente o exerc\u00edcio constitucional da liberdade de express\u00e3o e da livre manifesta\u00e7\u00e3o do pensamento&#8221;.<\/p>\n<p>As informa\u00e7\u00f5es sobre o modo como os atingidos pelo empreendimento de minera\u00e7\u00e3o foram retirados da reuni\u00e3o realizada em setembro chegaram ao conhecimento do MPF somente nesta ter\u00e7a, 4 de outubro, durante encontro com o PRDC Edmundo Dias. <\/p>\n<p>O procurador da Rep\u00fablica lembra que &#8220;os agentes p\u00fablicos, ao abordarem quest\u00f5es relacionadas a manifesta\u00e7\u00f5es populares, t\u00eam de levar em considera\u00e7\u00e3o o papel fundamental exercido pelos movimentos sociais no Estado Democr\u00e1tico de Direito&#8221;.<\/p>\n<p>A import\u00e2ncia das manifesta\u00e7\u00f5es populares foi reafirmada inclusive pelo Supremo Tribunal Federal ao julgar a Reclama\u00e7\u00e3o n\u00ba 15.887\/2013. Na decis\u00e3o, o ministro Luiz Fux destacou que &#8220;a democracia, longe de exercitar-se apenas e t\u00e3o somente nas urnas, durante os pleitos eleitorais, pode e deve ser vivida cont\u00ednua e ativamente pelo povo, por meio do debate, da cr\u00edtica e da manifesta\u00e7\u00e3o em torno de objetivos comuns&#8221;.<\/p>\n<p>O MPF recomendou que o direito de manifesta\u00e7\u00e3o das popula\u00e7\u00f5es atingidas seja garantido j\u00e1 nesta quinta-feira, 6 de outubro, quando os \u00f3rg\u00e3os ir\u00e3o se reunir novamente em Concei\u00e7\u00e3o do Mato Dentro. A mesma posi\u00e7\u00e3o dever\u00e1 ser adotada em todas as pr\u00f3ximas reuni\u00f5es ordin\u00e1rias e extraordin\u00e1rias organizadas pela URC Jequitinhonha.<\/p>\n<p><embed src=\"http:\/\/www.mpf.mp.br\/mg\/sala-de-imprensa\/docs\/direito-a-manifestacao-na-urc-jequitinhonha-prdc-mg\" width=\"600\" height=\"800\"><br \/>\n<\/br><\/p>\n<p><em>(Fonte: MPF\/MG)<\/em><\/p>\n","protected":false},"excerpt":{"rendered":"<p>A Procuradoria Regional dos Direitos do Cidad\u00e3o em Minas Gerais, \u00f3rg\u00e3o do Minist\u00e9rio P\u00fablico Federal (MPF), recomendou ao secret\u00e1rio de Meio Ambiente do Estado de Minas e ao presidente da Unidade Regional Colegiada Jequitinhonha (URC Jequitinhonha), que integra o Conselho Estadual de Pol\u00edtica Ambiental, que garantam o direito de manifesta\u00e7\u00e3o da sociedade civil durante as [&hellip;]<\/p>\n","protected":false},"author":1,"featured_media":64412,"comment_status":"open","ping_status":"closed","sticky":false,"template":"","format":"standard","meta":{"amp_status":"","footnotes":""},"categories":[123],"tags":[537,628,75152,119122,42648,119121,119125,43257,44826,119126,119123,119124],"class_list":["post-98441","post","type-post","status-publish","format-standard","has-post-thumbnail","hentry","category-gerais","tag-anglo-american","tag-conceicao-do-mato-dentro","tag-edmundo-antonio-dias","tag-manifestacao-da-sociedade-civil-em-conceicao-do-mato-dentro","tag-manifestacao-em-conceicao-do-mato-dentro","tag-mpf-recomenda-respeito-ao-direito-de-manifestacao-da-sociedade-civil-em-conceicao-do-mato-dentro","tag-procuradoria-regional-dos-direitos-do-cidadao-em-minas-gerais","tag-protesto-em-conceicao-do-mato-dentro","tag-unidade-regional-colegiada-jequitinhonha","tag-urc-jequitinhonha","tag-uso-de-forca-policial-contra-manifestantes-em-conceicao-do-mato-dentro","tag-uso-de-forca-policial-contra-protestos-em-conceicao-do-mato-dentro"],"_links":{"self":[{"href":"https:\/\/aconteceunovale.com.br\/portal\/index.php?rest_route=\/wp\/v2\/posts\/98441","targetHints":{"allow":["GET"]}}],"collection":[{"href":"https:\/\/aconteceunovale.com.br\/portal\/index.php?rest_route=\/wp\/v2\/posts"}],"about":[{"href":"https:\/\/aconteceunovale.com.br\/portal\/index.php?rest_route=\/wp\/v2\/types\/post"}],"author":[{"embeddable":true,"href":"https:\/\/aconteceunovale.com.br\/portal\/index.php?rest_route=\/wp\/v2\/users\/1"}],"replies":[{"embeddable":true,"href":"https:\/\/aconteceunovale.com.br\/portal\/index.php?rest_route=%2Fwp%2Fv2%2Fcomments&post=98441"}],"version-history":[{"count":0,"href":"https:\/\/aconteceunovale.com.br\/portal\/index.php?rest_route=\/wp\/v2\/posts\/98441\/revisions"}],"wp:featuredmedia":[{"embeddable":true,"href":"https:\/\/aconteceunovale.com.br\/portal\/index.php?rest_route=\/wp\/v2\/media\/64412"}],"wp:attachment":[{"href":"https:\/\/aconteceunovale.com.br\/portal\/index.php?rest_route=%2Fwp%2Fv2%2Fmedia&parent=98441"}],"wp:term":[{"taxonomy":"category","embeddable":true,"href":"https:\/\/aconteceunovale.com.br\/portal\/index.php?rest_route=%2Fwp%2Fv2%2Fcategories&post=98441"},{"taxonomy":"post_tag","embeddable":true,"href":"https:\/\/aconteceunovale.com.br\/portal\/index.php?rest_route=%2Fwp%2Fv2%2Ftags&post=98441"}],"curies":[{"name":"wp","href":"https:\/\/api.w.org\/{rel}","templated":true}]}}