{"id":98410,"date":"2016-10-04T22:00:45","date_gmt":"2016-10-05T01:00:45","guid":{"rendered":"http:\/\/aconteceunovale.com.br\/portal\/?p=98410"},"modified":"2016-10-04T22:00:45","modified_gmt":"2016-10-05T01:00:45","slug":"confira-os-prefeitos-e-vereadores-eleitos-nos-7-municipios-da-microrregiao-de-mantena","status":"publish","type":"post","link":"https:\/\/aconteceunovale.com.br\/portal\/?p=98410","title":{"rendered":"Confira os prefeitos e vereadores eleitos nos 7 munic\u00edpios da microrregi\u00e3o de Mantena"},"content":{"rendered":"<table width=\"613\" border=\"1\" cellspacing=\"0\" cellpadding=\"0\">\n<tbody>\n<tr>\n<td valign=\"top\" width=\"207\"><strong>Munic\u00edpio<\/strong><\/td>\n<td valign=\"top\" width=\"211\"><strong>Prefeito eleito<\/strong><\/td>\n<td valign=\"top\" width=\"195\"><strong>Vota\u00e7\u00e3o\/%<\/strong><\/td>\n<\/tr>\n<tr>\n<td valign=\"top\" width=\"207\">Central de Minas<\/td>\n<td valign=\"top\" width=\"211\">Tavin (PP)<\/td>\n<td valign=\"top\" width=\"195\">2.549 (51,53%)<\/td>\n<\/tr>\n<tr>\n<td valign=\"top\" width=\"207\">Itabirinha<\/td>\n<td valign=\"top\" width=\"211\">Dego Reis (PSDB)<\/td>\n<td valign=\"top\" width=\"195\">4.304 (61,50%)<\/td>\n<\/tr>\n<tr>\n<td valign=\"top\" width=\"207\">Mantena<\/td>\n<td valign=\"top\" width=\"211\">Jo\u00e3o Rufino (PSB)<\/td>\n<td valign=\"top\" width=\"195\">5.352 (36,62%)<\/td>\n<\/tr>\n<tr>\n<td valign=\"top\" width=\"207\">Mendes Pimentel<\/td>\n<td valign=\"top\" width=\"211\">More (PMDB)<\/td>\n<td valign=\"top\" width=\"195\">2.269 (50,40%)<\/td>\n<\/tr>\n<tr>\n<td valign=\"top\" width=\"207\">Nova Bel\u00e9m<\/td>\n<td valign=\"top\" width=\"211\">Fl\u00e1via Pereira Dorneles (SD)<\/td>\n<td valign=\"top\" width=\"195\">1.643 (55,83%)<\/td>\n<\/tr>\n<tr>\n<td valign=\"top\" width=\"207\">S\u00e3o F\u00e9lix de Minas<\/td>\n<td valign=\"top\" width=\"211\">Cleudim Machado (PRB)<\/td>\n<td valign=\"top\" width=\"195\">1.561 (51,45%)<\/td>\n<\/tr>\n<tr>\n<td valign=\"top\" width=\"207\">S\u00e3o Jo\u00e3o do Manteninha<\/td>\n<td valign=\"top\" width=\"211\">Gentil (PSB)<\/td>\n<td valign=\"top\" width=\"195\">2.216 (50,48%)<\/td>\n<\/tr>\n<\/tbody>\n<\/table>\n<p><img decoding=\"async\" src=\"http:\/\/aconteceunovale.com.br\/portal\/wp-content\/uploads\/2016\/10\/prefeitos_mantena.jpg\" alt=\"\" \/><em>Prefeitos eleitos em Central de Minas, Itabirinha, Mantena, Mendes Pimentel, Nova Bel\u00e9m, S\u00e3o F\u00e9lix de Minas e S\u00e3o Jo\u00e3o do Manteninha (Fotos: Divulga\u00e7\u00e3o\/TSE)<\/em><br \/>\n<\/br><\/p>\n<h4><strong>Apura\u00e7\u00e3o e vereadores eleitos<\/strong><\/h4>\n<p>Confira a apura\u00e7\u00e3o completa e os vereadores eleitos em <strong><a href=\"http:\/\/eleicoesnobrasil.com.br\/\" target=\"_blank\"><font color=\"blue\">www.eleicoesnobrasil.com.br<\/font><\/a><\/strong><\/p>\n","protected":false},"excerpt":{"rendered":"<p>Munic\u00edpio Prefeito eleito Vota\u00e7\u00e3o\/% Central de Minas Tavin (PP) 2.549 (51,53%) Itabirinha Dego Reis (PSDB) 4.304 (61,50%) Mantena Jo\u00e3o Rufino (PSB) 5.352 (36,62%) Mendes Pimentel More (PMDB) 2.269 (50,40%) Nova Bel\u00e9m Fl\u00e1via Pereira Dorneles (SD) 1.643 (55,83%) S\u00e3o F\u00e9lix de Minas Cleudim Machado (PRB) 1.561 (51,45%) S\u00e3o Jo\u00e3o do Manteninha Gentil (PSB) 2.216 (50,48%) Prefeitos [&hellip;]<\/p>\n","protected":false},"author":1,"featured_media":98411,"comment_status":"open","ping_status":"closed","sticky":false,"template":"","format":"standard","meta":{"amp_status":"","footnotes":""},"categories":[79927,121],"tags":[109048,117706,117713,110798,110799,107337,110800,107336,107342,107338,107339,107335,107341,107340,107334,107316,107325,107321,107331,110801,109046,107322,107332,1671,119015,117705,117715,117703,117712,107347,110802,117716,117708,107343,107315,107323,117701,117709,109047,59515,110803,107324,78864,107333,110804,107330,119016,107344,107345,107346,2146,107320,107329,119020,107318,107327,119021,1516,1672,1673,119017,107319,107328,107317,107326,117702,117710,1674,1675,117707,117714,117704,117711,119018,119019],"class_list":["post-98410","post","type-post","status-publish","format-standard","has-post-thumbnail","hentry","category-eleicoes-2016-2","category-leste","tag-aplicativo-candidaturas-2016","tag-apuracao-eleicoes-2016","tag-apuracao-eleicoes-municipais-2016","tag-candidato-a-prefeito-de-mantena","tag-candidato-a-prefeito-eleicoes-2016-mantena","tag-candidatos-a-prefeito-de","tag-candidatos-a-prefeito-de-mantena","tag-candidatos-a-prefeito-eleicoes-2016","tag-candidatos-a-prefeito-eleicoes-municipais-2016","tag-candidatos-a-prefeito-em","tag-candidatos-a-vereador-de","tag-candidatos-a-vereador-eleicoes-2016","tag-candidatos-a-vereador-eleicoes-municipais-2016","tag-candidatos-a-vereador-em","tag-candidatos-a-vereador-em-2016","tag-candidatos-eleicoes-2016","tag-candidatos-eleicoes-2016-minas-gerais","tag-candidatos-eleicoes-municipais-2016","tag-candidatos-eleicoes-municipais-2016-minas-gerais","tag-candidatos-em-mantena","tag-candidaturas-2016","tag-candidaturas-eleicoes-municipais-2016","tag-candidaturas-eleicoes-municipais-2016-minas-gerais","tag-central-de-minas","tag-confira-os-prefeitos-e-vereadores-eleitos-nos-7-municipios-da-microrregiao-de-mantena","tag-consultar-apuracao-eleicoes-2016","tag-consultar-apuracao-eleicoes-municipais-2016","tag-consultar-resultados-das-eleicoes-2016","tag-consultar-resultados-das-eleicoes-municipais-2016","tag-consultas-sobre-candidatos-2016","tag-disputa-eleitoral-mantena","tag-divulgacao-apuracao-eleicoes-municipais-2016","tag-divulgacao-da-apuracao-eleicoes-2016","tag-divulgacao-de-candidaturas-2016","tag-divulgacao-de-candidaturas-eleicoes-2016","tag-divulgacao-de-candidaturas-eleicoes-2016-minas-gerais","tag-divulgacao-dos-resultados-das-eleicoes-2016","tag-divulgacao-dos-resultados-das-eleicoes-municipais-2016","tag-download-aplicativo-candidaturas-2016","tag-eleicoes-2016","tag-eleicoes-2016-mantena","tag-eleicoes-2016-minas-gerais","tag-eleicoes-municipais-2016","tag-eleicoes-municipais-2016-divulgacao-de-candidaturas","tag-eleicoes-municipais-2016-em-mantena","tag-eleicoes-municipais-2016-minas-gerais","tag-eleitos-em-mantena","tag-informacoes-detalhadas-sobre-todos-os-candidatos-de-2016","tag-informacoes-sobre-todos-os-candidatos","tag-informacoes-sobre-todos-os-candidatos-de-2016","tag-itabirinha","tag-lista-candidaturas-eleicoes-2016","tag-lista-candidaturas-eleicoes-2016-minas-gerais","tag-lista-de-eleitos-em-mantena","tag-lista-de-todos-os-candidatos-eleicoes-2016","tag-lista-de-todos-os-candidatos-eleicoes-2016-minas-gerais","tag-lista-de-vereadores-eleitos-em-mantena","tag-mantena","tag-mendes-pimentel","tag-nova-belem","tag-prefeito-eleito-em-mantena","tag-relacao-candidaturas-eleicoes-2016","tag-relacao-candidaturas-eleicoes-2016-minas-gerais","tag-relacao-de-todos-os-candidatos-eleicoes-2016","tag-relacao-de-todos-os-candidatos-eleicoes-2016-minas-gerais","tag-resultados-das-eleicoes-2016","tag-resultados-das-eleicoes-municipais-2016","tag-sao-felix-de-minas","tag-sao-joao-do-manteninha","tag-ver-apuracao-eleicoes-2016","tag-ver-apuracao-eleicoes-municipais-2016","tag-ver-resultados-das-eleicoes-2016","tag-ver-resultados-das-eleicoes-municipais-2016","tag-vereador-eleito-em-mantena","tag-vereadores-eleitos-em-mantena"],"_links":{"self":[{"href":"https:\/\/aconteceunovale.com.br\/portal\/index.php?rest_route=\/wp\/v2\/posts\/98410","targetHints":{"allow":["GET"]}}],"collection":[{"href":"https:\/\/aconteceunovale.com.br\/portal\/index.php?rest_route=\/wp\/v2\/posts"}],"about":[{"href":"https:\/\/aconteceunovale.com.br\/portal\/index.php?rest_route=\/wp\/v2\/types\/post"}],"author":[{"embeddable":true,"href":"https:\/\/aconteceunovale.com.br\/portal\/index.php?rest_route=\/wp\/v2\/users\/1"}],"replies":[{"embeddable":true,"href":"https:\/\/aconteceunovale.com.br\/portal\/index.php?rest_route=%2Fwp%2Fv2%2Fcomments&post=98410"}],"version-history":[{"count":0,"href":"https:\/\/aconteceunovale.com.br\/portal\/index.php?rest_route=\/wp\/v2\/posts\/98410\/revisions"}],"wp:featuredmedia":[{"embeddable":true,"href":"https:\/\/aconteceunovale.com.br\/portal\/index.php?rest_route=\/wp\/v2\/media\/98411"}],"wp:attachment":[{"href":"https:\/\/aconteceunovale.com.br\/portal\/index.php?rest_route=%2Fwp%2Fv2%2Fmedia&parent=98410"}],"wp:term":[{"taxonomy":"category","embeddable":true,"href":"https:\/\/aconteceunovale.com.br\/portal\/index.php?rest_route=%2Fwp%2Fv2%2Fcategories&post=98410"},{"taxonomy":"post_tag","embeddable":true,"href":"https:\/\/aconteceunovale.com.br\/portal\/index.php?rest_route=%2Fwp%2Fv2%2Ftags&post=98410"}],"curies":[{"name":"wp","href":"https:\/\/api.w.org\/{rel}","templated":true}]}}