{"id":98367,"date":"2016-10-04T12:30:50","date_gmt":"2016-10-04T15:30:50","guid":{"rendered":"http:\/\/aconteceunovale.com.br\/portal\/?p=98367"},"modified":"2016-10-04T12:30:50","modified_gmt":"2016-10-04T15:30:50","slug":"confira-os-prefeitos-e-vereadores-eleitos-nos-25-municipios-da-microrregiao-de-governador-valadares","status":"publish","type":"post","link":"https:\/\/aconteceunovale.com.br\/portal\/?p=98367","title":{"rendered":"Confira os prefeitos e vereadores eleitos nos 25 munic\u00edpios da microrregi\u00e3o de Governador Valadares"},"content":{"rendered":"<table width=\"613\" border=\"1\" cellspacing=\"0\" cellpadding=\"0\">\n<tbody>\n<tr>\n<td valign=\"top\" width=\"207\"><strong>Munic\u00edpio<\/strong><\/td>\n<td valign=\"top\" width=\"211\"><strong>Prefeito eleito<\/strong><\/td>\n<td valign=\"top\" width=\"195\"><strong>Vota\u00e7\u00e3o\/%<\/strong><\/td>\n<\/tr>\n<tr>\n<td valign=\"top\" width=\"207\">Alpercata<\/td>\n<td valign=\"top\" width=\"211\">Prefeito Valmir (PSD)<\/td>\n<td valign=\"top\" width=\"195\">2.368 (45,74%)<\/td>\n<\/tr>\n<tr>\n<td valign=\"top\" width=\"207\">Campan\u00e1rio<\/td>\n<td valign=\"top\" width=\"211\">Marcondes (PSDB)<\/td>\n<td valign=\"top\" width=\"195\">1.642 (59,13%)<\/td>\n<\/tr>\n<tr>\n<td valign=\"top\" width=\"207\">Capit\u00e3o Andrade<\/td>\n<td valign=\"top\" width=\"211\">Aroldo (PMDB)<\/td>\n<td valign=\"top\" width=\"195\">2.497 (75,28%)<\/td>\n<\/tr>\n<tr>\n<td valign=\"top\" width=\"207\">Coroaci<\/td>\n<td valign=\"top\" width=\"211\">Emerson Andrade (PDT)<\/td>\n<td valign=\"top\" width=\"195\">3.789 (52,44%)<\/td>\n<\/tr>\n<tr>\n<td valign=\"top\" width=\"207\">Divino das Laranjeiras<\/td>\n<td valign=\"top\" width=\"211\">Kinka Alves (PMDB)<\/td>\n<td valign=\"top\" width=\"195\">2.134 (52,73%)<\/td>\n<\/tr>\n<tr>\n<td valign=\"top\" width=\"207\">Engenheiro Caldas<\/td>\n<td valign=\"top\" width=\"211\">Juninho Dutra (PR)<\/td>\n<td valign=\"top\" width=\"195\">3.498 (57,50%)<\/td>\n<\/tr>\n<tr>\n<td valign=\"top\" width=\"207\">Fernandes Tourinho<\/td>\n<td valign=\"top\" width=\"211\">Vicente (PMDB)<\/td>\n<td valign=\"top\" width=\"195\">1.308 (53,96%)<\/td>\n<\/tr>\n<tr>\n<td valign=\"top\" width=\"207\">Frei Inoc\u00eancio<\/td>\n<td valign=\"top\" width=\"211\">Dr. Geraldo (PSDB)<\/td>\n<td valign=\"top\" width=\"195\">3.045 (54,79%)<\/td>\n<\/tr>\n<tr>\n<td valign=\"top\" width=\"207\">Galil\u00e9ia<\/td>\n<td valign=\"top\" width=\"211\">Jujuba (PRB)<\/td>\n<td valign=\"top\" width=\"195\">2.210 (50,09%)<\/td>\n<\/tr>\n<tr>\n<td valign=\"top\" width=\"207\">Governador Valadares<\/td>\n<td valign=\"top\" width=\"211\">Andr\u00e9 Merlo (PSDB)<\/td>\n<td valign=\"top\" width=\"195\">106.905 (81,03%)<\/td>\n<\/tr>\n<tr>\n<td valign=\"top\" width=\"207\">Itambacuri<\/td>\n<td valign=\"top\" width=\"211\">Henrique Scofield (PR)<\/td>\n<td valign=\"top\" width=\"195\">6.519 (51,89%)<\/td>\n<\/tr>\n<tr>\n<td valign=\"top\" width=\"207\">Itanhomi<\/td>\n<td valign=\"top\" width=\"211\">Jaeder (PSDB)<\/td>\n<td valign=\"top\" width=\"195\">3.511 (43,71%)<\/td>\n<\/tr>\n<tr>\n<td valign=\"top\" width=\"207\">Jampruca<\/td>\n<td valign=\"top\" width=\"211\">Polliane (DEM)<\/td>\n<td valign=\"top\" width=\"195\">1.741 (50,89%)<\/td>\n<\/tr>\n<tr>\n<td valign=\"top\" width=\"207\">Marilac<\/td>\n<td valign=\"top\" width=\"211\">Aldo Fran\u00e7a (PMDB)<\/td>\n<td valign=\"top\" width=\"195\">2.131 (65,45%)<\/td>\n<\/tr>\n<tr>\n<td valign=\"top\" width=\"207\">Mathias Lobato<\/td>\n<td valign=\"top\" width=\"211\">Valdir do Lete (SD)<\/td>\n<td valign=\"top\" width=\"195\">1.301 (54,95%)<\/td>\n<\/tr>\n<tr>\n<td valign=\"top\" width=\"207\">Nacip Raydan<\/td>\n<td valign=\"top\" width=\"211\">Duz\u00e3o (PP)<\/td>\n<td valign=\"top\" width=\"195\">1.576 (61,95%)<\/td>\n<\/tr>\n<tr>\n<td valign=\"top\" width=\"207\">Nova M\u00f3dica<\/td>\n<td valign=\"top\" width=\"211\">Walter J\u00fanior (PTB)<\/td>\n<td valign=\"top\" width=\"195\">1.588 (55,56%)<\/td>\n<\/tr>\n<tr>\n<td valign=\"top\" width=\"207\">Pescador<\/td>\n<td valign=\"top\" width=\"211\">Luciano Sartori (PMN)<\/td>\n<td valign=\"top\" width=\"195\">1.549 (52,94%)<\/td>\n<\/tr>\n<tr>\n<td valign=\"top\" width=\"207\">S\u00e3o Geraldo da Piedade<\/td>\n<td valign=\"top\" width=\"211\">Ozanam Farias (PP)<\/td>\n<td valign=\"top\" width=\"195\">1.881 (61,19%)<\/td>\n<\/tr>\n<tr>\n<td valign=\"top\" width=\"207\">S\u00e3o Geraldo do Baixio<\/td>\n<td valign=\"top\" width=\"211\">L\u00e9o Moreira (PMDB)<\/td>\n<td valign=\"top\" width=\"195\">1.346 (51,16%)<\/td>\n<\/tr>\n<tr>\n<td valign=\"top\" width=\"207\">S\u00e3o Jos\u00e9 da Safira<\/td>\n<td valign=\"top\" width=\"211\">Tony Lacerda (PSDB)<\/td>\n<td valign=\"top\" width=\"195\">1.914 (59,46%)<\/td>\n<\/tr>\n<tr>\n<td valign=\"top\" width=\"207\">S\u00e3o Jos\u00e9 do Divino<\/td>\n<td valign=\"top\" width=\"211\">Dr. Marcos (PMDB)<\/td>\n<td valign=\"top\" width=\"195\">1.496 (53,87%)<\/td>\n<\/tr>\n<tr>\n<td valign=\"top\" width=\"207\">Sobr\u00e1lia<\/td>\n<td valign=\"top\" width=\"211\">Maria das Neves (PR)<\/td>\n<td valign=\"top\" width=\"195\">1.822 (51,91%)<\/td>\n<\/tr>\n<tr>\n<td valign=\"top\" width=\"207\">Tumiritinga<\/td>\n<td valign=\"top\" width=\"211\">Z\u00e9 Paulo (SD)<\/td>\n<td valign=\"top\" width=\"195\">2.786 (60,25%)<\/td>\n<\/tr>\n<tr>\n<td valign=\"top\" width=\"207\">Virgol\u00e2ndia<\/td>\n<td valign=\"top\" width=\"211\">Arnaldo Braga (PMDB)<\/td>\n<td valign=\"top\" width=\"195\">1.882 (56,06%)<\/td>\n<\/tr>\n<\/tbody>\n<\/table>\n<p><img decoding=\"async\" src=\"http:\/\/aconteceunovale.com.br\/portal\/wp-content\/uploads\/2016\/10\/prefeitos_gv_1.jpg\" alt=\"\" \/><img decoding=\"async\" src=\"http:\/\/aconteceunovale.com.br\/portal\/wp-content\/uploads\/2016\/10\/prefeitos_gv_2.jpg\" alt=\"\" \/><img decoding=\"async\" src=\"http:\/\/aconteceunovale.com.br\/portal\/wp-content\/uploads\/2016\/10\/prefeitos_gv_3.jpg\" alt=\"\" \/><img decoding=\"async\" src=\"http:\/\/aconteceunovale.com.br\/portal\/wp-content\/uploads\/2016\/10\/prefeitos_gv_4.jpg\" alt=\"\" \/><em>Prefeitos eleitos em Governador Valadares, Campan\u00e1rio, Itambacuri, Virgol\u00e2ndia, Alpercata, Capit\u00e3o Andrade, Coroaci, Divino das Laranjeiras, Engenheiro Caldas, Fernandes Tourinho, Frei Inoc\u00eancio, Galil\u00e9ia, Itanhomi, Jampruca, Marilac, Mathias Lobato, Nacip Raydan, Nova M\u00f3dica, Pescador, S\u00e3o Geraldo da Piedade, S\u00e3o Geraldo do Baixio, S\u00e3o Jos\u00e9 da Safira, S\u00e3o Jos\u00e9 do Divino, Sobr\u00e1lia e Tumiritinga (Fotos: Divulga\u00e7\u00e3o\/TSE)<\/em><br \/>\n<\/br><\/p>\n<h4><strong>Apura\u00e7\u00e3o e vereadores eleitos<\/strong><\/h4>\n<p>Confira a apura\u00e7\u00e3o completa e os vereadores eleitos em <strong><a href=\"http:\/\/eleicoesnobrasil.com.br\/\" target=\"_blank\"><font color=\"blue\">www.eleicoesnobrasil.com.br<\/font><\/a><\/strong><\/p>\n","protected":false},"excerpt":{"rendered":"<p>Munic\u00edpio Prefeito eleito Vota\u00e7\u00e3o\/% Alpercata Prefeito Valmir (PSD) 2.368 (45,74%) Campan\u00e1rio Marcondes (PSDB) 1.642 (59,13%) Capit\u00e3o Andrade Aroldo (PMDB) 2.497 (75,28%) Coroaci Emerson Andrade (PDT) 3.789 (52,44%) Divino das Laranjeiras Kinka Alves (PMDB) 2.134 (52,73%) Engenheiro Caldas Juninho Dutra (PR) 3.498 (57,50%) Fernandes Tourinho Vicente (PMDB) 1.308 (53,96%) Frei Inoc\u00eancio Dr. Geraldo (PSDB) 3.045 (54,79%) [&hellip;]<\/p>\n","protected":false},"author":1,"featured_media":98368,"comment_status":"open","ping_status":"closed","sticky":false,"template":"","format":"standard","meta":{"amp_status":"","footnotes":""},"categories":[121],"tags":[274,109048,117706,117713,277,118846,110676,118833,118820,118847,110677,118834,118821,107337,118848,110678,118835,118822,107336,107342,107338,107339,107335,107341,107340,107334,107316,107325,107321,107331,118849,110679,118836,118823,109046,107322,107332,279,118819,117705,117715,117703,117712,107347,283,118850,110680,118837,118824,285,117716,117708,107343,107315,107323,117701,117709,109047,59515,118851,110681,118838,107324,118825,78864,107333,118852,110682,118839,118826,107330,118853,117893,118840,118827,288,289,290,292,247,107344,107345,107346,188,297,236,107320,107329,118857,117897,118844,118831,107318,107327,118858,117898,118845,118832,300,302,303,304,307,118854,117894,118841,118828,107319,107328,107317,107326,117702,117710,317,318,319,320,328,330,117707,117714,117704,117711,118855,117895,118842,118829,118856,117896,118843,118830,333],"class_list":["post-98367","post","type-post","status-publish","format-standard","has-post-thumbnail","hentry","category-leste","tag-alpercata","tag-aplicativo-candidaturas-2016","tag-apuracao-eleicoes-2016","tag-apuracao-eleicoes-municipais-2016","tag-campanario","tag-candidato-a-prefeito-de-campanario","tag-candidato-a-prefeito-de-governador-valadares","tag-candidato-a-prefeito-de-itambacuri","tag-candidato-a-prefeito-de-virgolandia","tag-candidato-a-prefeito-eleicoes-2016-campanario","tag-candidato-a-prefeito-eleicoes-2016-governador-valadares","tag-candidato-a-prefeito-eleicoes-2016-itambacuri","tag-candidato-a-prefeito-eleicoes-2016-virgolandia","tag-candidatos-a-prefeito-de","tag-candidatos-a-prefeito-de-campanario","tag-candidatos-a-prefeito-de-governador-valadares","tag-candidatos-a-prefeito-de-itambacuri","tag-candidatos-a-prefeito-de-virgolandia","tag-candidatos-a-prefeito-eleicoes-2016","tag-candidatos-a-prefeito-eleicoes-municipais-2016","tag-candidatos-a-prefeito-em","tag-candidatos-a-vereador-de","tag-candidatos-a-vereador-eleicoes-2016","tag-candidatos-a-vereador-eleicoes-municipais-2016","tag-candidatos-a-vereador-em","tag-candidatos-a-vereador-em-2016","tag-candidatos-eleicoes-2016","tag-candidatos-eleicoes-2016-minas-gerais","tag-candidatos-eleicoes-municipais-2016","tag-candidatos-eleicoes-municipais-2016-minas-gerais","tag-candidatos-em-campanario","tag-candidatos-em-governador-valadares","tag-candidatos-em-itambacuri","tag-candidatos-em-virgolandia","tag-candidaturas-2016","tag-candidaturas-eleicoes-municipais-2016","tag-candidaturas-eleicoes-municipais-2016-minas-gerais","tag-capitao-andrade","tag-confira-os-prefeitos-e-vereadores-eleitos-nos-25-municipios-da-microrregiao-de-governador-valadares","tag-consultar-apuracao-eleicoes-2016","tag-consultar-apuracao-eleicoes-municipais-2016","tag-consultar-resultados-das-eleicoes-2016","tag-consultar-resultados-das-eleicoes-municipais-2016","tag-consultas-sobre-candidatos-2016","tag-coroaci","tag-disputa-eleitoral-campanario","tag-disputa-eleitoral-governador-valadares","tag-disputa-eleitoral-itambacuri","tag-disputa-eleitoral-virgolandia","tag-divino-das-laranjeiras","tag-divulgacao-apuracao-eleicoes-municipais-2016","tag-divulgacao-da-apuracao-eleicoes-2016","tag-divulgacao-de-candidaturas-2016","tag-divulgacao-de-candidaturas-eleicoes-2016","tag-divulgacao-de-candidaturas-eleicoes-2016-minas-gerais","tag-divulgacao-dos-resultados-das-eleicoes-2016","tag-divulgacao-dos-resultados-das-eleicoes-municipais-2016","tag-download-aplicativo-candidaturas-2016","tag-eleicoes-2016","tag-eleicoes-2016-campanario","tag-eleicoes-2016-governador-valadares","tag-eleicoes-2016-itambacuri","tag-eleicoes-2016-minas-gerais","tag-eleicoes-2016-virgolandia","tag-eleicoes-municipais-2016","tag-eleicoes-municipais-2016-divulgacao-de-candidaturas","tag-eleicoes-municipais-2016-em-campanario","tag-eleicoes-municipais-2016-em-governador-valadares","tag-eleicoes-municipais-2016-em-itambacuri","tag-eleicoes-municipais-2016-em-virgolandia","tag-eleicoes-municipais-2016-minas-gerais","tag-eleitos-em-campanario","tag-eleitos-em-governador-valadares","tag-eleitos-em-itambacuri","tag-eleitos-em-virgolandia","tag-engenheiro-caldas","tag-fernandes-tourinho","tag-frei-inocencio","tag-galileia","tag-governador-valadares","tag-informacoes-detalhadas-sobre-todos-os-candidatos-de-2016","tag-informacoes-sobre-todos-os-candidatos","tag-informacoes-sobre-todos-os-candidatos-de-2016","tag-itambacuri","tag-itanhomi","tag-jampruca","tag-lista-candidaturas-eleicoes-2016","tag-lista-candidaturas-eleicoes-2016-minas-gerais","tag-lista-de-eleitos-em-campanario","tag-lista-de-eleitos-em-governador-valadares","tag-lista-de-eleitos-em-itambacuri","tag-lista-de-eleitos-em-virgolandia","tag-lista-de-todos-os-candidatos-eleicoes-2016","tag-lista-de-todos-os-candidatos-eleicoes-2016-minas-gerais","tag-lista-de-vereadores-eleitos-em-campanario","tag-lista-de-vereadores-eleitos-em-governador-valadares","tag-lista-de-vereadores-eleitos-em-itambacuri","tag-lista-de-vereadores-eleitos-em-virgolandia","tag-marilac","tag-mathias-lobato","tag-nacip-raydan","tag-nova-modica","tag-pescador","tag-prefeito-eleito-em-campanario","tag-prefeito-eleito-em-governador-valadares","tag-prefeito-eleito-em-itambacuri","tag-prefeito-eleito-em-virgolandia","tag-relacao-candidaturas-eleicoes-2016","tag-relacao-candidaturas-eleicoes-2016-minas-gerais","tag-relacao-de-todos-os-candidatos-eleicoes-2016","tag-relacao-de-todos-os-candidatos-eleicoes-2016-minas-gerais","tag-resultados-das-eleicoes-2016","tag-resultados-das-eleicoes-municipais-2016","tag-sao-geraldo-da-piedade","tag-sao-geraldo-do-baixio","tag-sao-jose-da-safira","tag-sao-jose-do-divino","tag-sobralia","tag-tumiritinga","tag-ver-apuracao-eleicoes-2016","tag-ver-apuracao-eleicoes-municipais-2016","tag-ver-resultados-das-eleicoes-2016","tag-ver-resultados-das-eleicoes-municipais-2016","tag-vereador-eleito-em-campanario","tag-vereador-eleito-em-governador-valadares","tag-vereador-eleito-em-itambacuri","tag-vereador-eleito-em-virgolandia","tag-vereadores-eleitos-em-campanario","tag-vereadores-eleitos-em-governador-valadares","tag-vereadores-eleitos-em-itambacuri","tag-vereadores-eleitos-em-virgolandia","tag-virgolandia"],"_links":{"self":[{"href":"https:\/\/aconteceunovale.com.br\/portal\/index.php?rest_route=\/wp\/v2\/posts\/98367","targetHints":{"allow":["GET"]}}],"collection":[{"href":"https:\/\/aconteceunovale.com.br\/portal\/index.php?rest_route=\/wp\/v2\/posts"}],"about":[{"href":"https:\/\/aconteceunovale.com.br\/portal\/index.php?rest_route=\/wp\/v2\/types\/post"}],"author":[{"embeddable":true,"href":"https:\/\/aconteceunovale.com.br\/portal\/index.php?rest_route=\/wp\/v2\/users\/1"}],"replies":[{"embeddable":true,"href":"https:\/\/aconteceunovale.com.br\/portal\/index.php?rest_route=%2Fwp%2Fv2%2Fcomments&post=98367"}],"version-history":[{"count":0,"href":"https:\/\/aconteceunovale.com.br\/portal\/index.php?rest_route=\/wp\/v2\/posts\/98367\/revisions"}],"wp:featuredmedia":[{"embeddable":true,"href":"https:\/\/aconteceunovale.com.br\/portal\/index.php?rest_route=\/wp\/v2\/media\/98368"}],"wp:attachment":[{"href":"https:\/\/aconteceunovale.com.br\/portal\/index.php?rest_route=%2Fwp%2Fv2%2Fmedia&parent=98367"}],"wp:term":[{"taxonomy":"category","embeddable":true,"href":"https:\/\/aconteceunovale.com.br\/portal\/index.php?rest_route=%2Fwp%2Fv2%2Fcategories&post=98367"},{"taxonomy":"post_tag","embeddable":true,"href":"https:\/\/aconteceunovale.com.br\/portal\/index.php?rest_route=%2Fwp%2Fv2%2Ftags&post=98367"}],"curies":[{"name":"wp","href":"https:\/\/api.w.org\/{rel}","templated":true}]}}