{"id":98359,"date":"2016-10-04T08:17:58","date_gmt":"2016-10-04T11:17:58","guid":{"rendered":"http:\/\/aconteceunovale.com.br\/portal\/?p=98359"},"modified":"2016-10-04T08:18:19","modified_gmt":"2016-10-04T11:18:19","slug":"confira-os-prefeitos-e-vereadores-eleitos-nos-15-municipios-da-microrregiao-de-guanhaes","status":"publish","type":"post","link":"https:\/\/aconteceunovale.com.br\/portal\/?p=98359","title":{"rendered":"Confira os prefeitos e vereadores eleitos nos 15 munic\u00edpios da microrregi\u00e3o de Guanh\u00e3es"},"content":{"rendered":"<table width=\"613\" border=\"1\" cellspacing=\"0\" cellpadding=\"0\">\n<tbody>\n<tr>\n<td valign=\"top\" width=\"207\"><strong>Munic\u00edpio<\/strong><\/td>\n<td valign=\"top\" width=\"211\"><strong>Prefeito eleito<\/strong><\/td>\n<td valign=\"top\" width=\"195\"><strong>Vota\u00e7\u00e3o\/%<\/strong><\/td>\n<\/tr>\n<tr>\n<td valign=\"top\" width=\"207\">Bra\u00fanas<\/td>\n<td valign=\"top\" width=\"211\">Jovani (PROS)<\/td>\n<td valign=\"top\" width=\"195\">1.400 (39,91%)<\/td>\n<\/tr>\n<tr>\n<td valign=\"top\" width=\"207\">Carm\u00e9sia<\/td>\n<td valign=\"top\" width=\"211\">M\u00e1rio C\u00e9sar (PSDB)<\/td>\n<td valign=\"top\" width=\"195\">1.436 (100,00%)<\/td>\n<\/tr>\n<tr>\n<td valign=\"top\" width=\"207\">Coluna<\/td>\n<td valign=\"top\" width=\"211\">Sady (PT do B)<\/td>\n<td valign=\"top\" width=\"195\">1.841 (34,66%)<\/td>\n<\/tr>\n<tr>\n<td valign=\"top\" width=\"207\">Divinol\u00e2ndia de Minas<\/td>\n<td valign=\"top\" width=\"211\">Rodrigo (PV)<\/td>\n<td valign=\"top\" width=\"195\">2.550 (51,40%)<\/td>\n<\/tr>\n<tr>\n<td valign=\"top\" width=\"207\">Dores de Guanh\u00e3es<\/td>\n<td valign=\"top\" width=\"211\">Jo\u00e3o Eber (PMDB)<\/td>\n<td valign=\"top\" width=\"195\">2.199 (55,10%)<\/td>\n<\/tr>\n<tr>\n<td valign=\"top\" width=\"207\">Gonzaga<\/td>\n<td valign=\"top\" width=\"211\">Julinho (PR)<\/td>\n<td valign=\"top\" width=\"195\">2.263 (64,47%)<\/td>\n<\/tr>\n<tr>\n<td valign=\"top\" width=\"207\">Guanh\u00e3es<\/td>\n<td valign=\"top\" width=\"211\">Ladinho (PMDB)<\/td>\n<td valign=\"top\" width=\"195\">5.445 (35,04%)<\/td>\n<\/tr>\n<tr>\n<td valign=\"top\" width=\"207\">Materl\u00e2ndia<\/td>\n<td valign=\"top\" width=\"211\">Joventino (PP)<\/td>\n<td valign=\"top\" width=\"195\">1.721 (55,07%)<\/td>\n<\/tr>\n<tr>\n<td valign=\"top\" width=\"207\">Paulistas<\/td>\n<td valign=\"top\" width=\"211\">Evandro (PMDB)<\/td>\n<td valign=\"top\" width=\"195\">2.205 (77,12%)<\/td>\n<\/tr>\n<tr>\n<td valign=\"top\" width=\"207\">Sabin\u00f3polis<\/td>\n<td valign=\"top\" width=\"211\">Dr. Elzio (PSD)<\/td>\n<td valign=\"top\" width=\"195\">5.439 (69,20%)<\/td>\n<\/tr>\n<tr>\n<td valign=\"top\" width=\"207\">Santa Efig\u00eania de Minas<\/td>\n<td valign=\"top\" width=\"211\">Ronaldo Moura (PSD)<\/td>\n<td valign=\"top\" width=\"195\">1.913 (59,43%)<\/td>\n<\/tr>\n<tr>\n<td valign=\"top\" width=\"207\">S\u00e3o Jo\u00e3o Evangelista<\/td>\n<td valign=\"top\" width=\"211\">Dr. Pedro (PSDB)<\/td>\n<td valign=\"top\" width=\"195\">4.611 (51,39%)<\/td>\n<\/tr>\n<tr>\n<td valign=\"top\" width=\"207\">Sardo\u00e1<\/td>\n<td valign=\"top\" width=\"211\">Z\u00e9 Coelho (PP)<\/td>\n<td valign=\"top\" width=\"195\">2.026 (53,00%)<\/td>\n<\/tr>\n<tr>\n<td valign=\"top\" width=\"207\">Senhora do Porto<\/td>\n<td valign=\"top\" width=\"211\">Z\u00e9 do Nem (PTC)<\/td>\n<td valign=\"top\" width=\"195\">1.370 (53,41%)<\/td>\n<\/tr>\n<tr>\n<td valign=\"top\" width=\"207\">Virgin\u00f3polis<\/td>\n<td valign=\"top\" width=\"211\">Boby (PSC)<\/td>\n<td valign=\"top\" width=\"195\">3.412 (56,50%)<\/td>\n<\/tr>\n<\/tbody>\n<\/table>\n<p><img decoding=\"async\" src=\"http:\/\/aconteceunovale.com.br\/portal\/wp-content\/uploads\/2016\/10\/prefeitos_guanhaes_1.jpg\" alt=\"\" \/><img decoding=\"async\" src=\"http:\/\/aconteceunovale.com.br\/portal\/wp-content\/uploads\/2016\/10\/prefeitos_guanhaes_2.jpg\" alt=\"\" \/><em>Prefeitos eleitos em Guanh\u00e3es, Coluna, Sabin\u00f3polis, S\u00e3o Jo\u00e3o Evangelista, Virgin\u00f3polis, Bra\u00fanas, Carm\u00e9sia, Divinol\u00e2ndia de Minas, Dores de Guanh\u00e3es, Gonzaga, Materl\u00e2ndia, Paulistas, Santa Efig\u00eania de Minas, Sardo\u00e1 e Senhora do Porto (Fotos: Divulga\u00e7\u00e3o\/TSE)<\/em><br \/>\n<\/br><\/p>\n<h4><strong>Apura\u00e7\u00e3o e vereadores eleitos<\/strong><\/h4>\n<p>Confira a apura\u00e7\u00e3o completa e os vereadores eleitos em <strong><a href=\"http:\/\/eleicoesnobrasil.com.br\/\" target=\"_blank\"><font color=\"blue\">www.eleicoesnobrasil.com.br<\/font><\/a><\/strong><\/p>\n","protected":false},"excerpt":{"rendered":"<p>Munic\u00edpio Prefeito eleito Vota\u00e7\u00e3o\/% Bra\u00fanas Jovani (PROS) 1.400 (39,91%) Carm\u00e9sia M\u00e1rio C\u00e9sar (PSDB) 1.436 (100,00%) Coluna Sady (PT do B) 1.841 (34,66%) Divinol\u00e2ndia de Minas Rodrigo (PV) 2.550 (51,40%) Dores de Guanh\u00e3es Jo\u00e3o Eber (PMDB) 2.199 (55,10%) Gonzaga Julinho (PR) 2.263 (64,47%) Guanh\u00e3es Ladinho (PMDB) 5.445 (35,04%) Materl\u00e2ndia Joventino (PP) 1.721 (55,07%) Paulistas Evandro (PMDB) [&hellip;]<\/p>\n","protected":false},"author":1,"featured_media":98360,"comment_status":"open","ping_status":"closed","sticky":false,"template":"","format":"standard","meta":{"amp_status":"","footnotes":""},"categories":[79927,121],"tags":[109048,117706,117713,276,110636,110644,110668,117809,118792,110637,110645,110669,117810,118793,107337,110638,110646,110670,117811,118794,107336,107342,107338,107339,107335,107341,107340,107334,107316,107325,107321,107331,110639,110647,110671,117812,118795,109046,107322,107332,280,281,117705,117715,117703,117712,107347,110640,110648,110672,117813,118796,286,117716,117708,107343,107315,107323,117701,117709,287,109047,59515,110641,110649,107324,110673,117814,118797,78864,107333,110642,110650,110674,117815,118798,107330,118780,117879,118786,117816,118799,294,155,107344,107345,107346,107320,107329,118784,117883,118790,117820,118803,107318,107327,118785,117884,118791,117821,118804,301,305,118781,117880,118787,117817,118800,107319,107328,107317,107326,117702,117710,310,312,162,325,326,117707,117714,117704,117711,118782,117881,118788,117818,118801,118783,117882,118789,117819,118802,332],"class_list":["post-98359","post","type-post","status-publish","format-standard","has-post-thumbnail","hentry","category-eleicoes-2016-2","category-leste","tag-aplicativo-candidaturas-2016","tag-apuracao-eleicoes-2016","tag-apuracao-eleicoes-municipais-2016","tag-braunas","tag-candidato-a-prefeito-de-coluna","tag-candidato-a-prefeito-de-guanhaes","tag-candidato-a-prefeito-de-sabinopolis","tag-candidato-a-prefeito-de-sao-joao-evangelista","tag-candidato-a-prefeito-de-virginopolis","tag-candidato-a-prefeito-eleicoes-2016-coluna","tag-candidato-a-prefeito-eleicoes-2016-guanhaes","tag-candidato-a-prefeito-eleicoes-2016-sabinopolis","tag-candidato-a-prefeito-eleicoes-2016-sao-joao-evangelista","tag-candidato-a-prefeito-eleicoes-2016-virginopolis","tag-candidatos-a-prefeito-de","tag-candidatos-a-prefeito-de-coluna","tag-candidatos-a-prefeito-de-guanhaes","tag-candidatos-a-prefeito-de-sabinopolis","tag-candidatos-a-prefeito-de-sao-joao-evangelista","tag-candidatos-a-prefeito-de-virginopolis","tag-candidatos-a-prefeito-eleicoes-2016","tag-candidatos-a-prefeito-eleicoes-municipais-2016","tag-candidatos-a-prefeito-em","tag-candidatos-a-vereador-de","tag-candidatos-a-vereador-eleicoes-2016","tag-candidatos-a-vereador-eleicoes-municipais-2016","tag-candidatos-a-vereador-em","tag-candidatos-a-vereador-em-2016","tag-candidatos-eleicoes-2016","tag-candidatos-eleicoes-2016-minas-gerais","tag-candidatos-eleicoes-municipais-2016","tag-candidatos-eleicoes-municipais-2016-minas-gerais","tag-candidatos-em-coluna","tag-candidatos-em-guanhaes","tag-candidatos-em-sabinopolis","tag-candidatos-em-sao-joao-evangelista","tag-candidatos-em-virginopolis","tag-candidaturas-2016","tag-candidaturas-eleicoes-municipais-2016","tag-candidaturas-eleicoes-municipais-2016-minas-gerais","tag-carmesia","tag-coluna","tag-consultar-apuracao-eleicoes-2016","tag-consultar-apuracao-eleicoes-municipais-2016","tag-consultar-resultados-das-eleicoes-2016","tag-consultar-resultados-das-eleicoes-municipais-2016","tag-consultas-sobre-candidatos-2016","tag-disputa-eleitoral-coluna","tag-disputa-eleitoral-guanhaes","tag-disputa-eleitoral-sabinopolis","tag-disputa-eleitoral-sao-joao-evangelista","tag-disputa-eleitoral-virginopolis","tag-divinolandia-de-minas","tag-divulgacao-apuracao-eleicoes-municipais-2016","tag-divulgacao-da-apuracao-eleicoes-2016","tag-divulgacao-de-candidaturas-2016","tag-divulgacao-de-candidaturas-eleicoes-2016","tag-divulgacao-de-candidaturas-eleicoes-2016-minas-gerais","tag-divulgacao-dos-resultados-das-eleicoes-2016","tag-divulgacao-dos-resultados-das-eleicoes-municipais-2016","tag-dores-de-guanhaes","tag-download-aplicativo-candidaturas-2016","tag-eleicoes-2016","tag-eleicoes-2016-coluna","tag-eleicoes-2016-guanhaes","tag-eleicoes-2016-minas-gerais","tag-eleicoes-2016-sabinopolis","tag-eleicoes-2016-sao-joao-evangelista","tag-eleicoes-2016-virginopolis","tag-eleicoes-municipais-2016","tag-eleicoes-municipais-2016-divulgacao-de-candidaturas","tag-eleicoes-municipais-2016-em-coluna","tag-eleicoes-municipais-2016-em-guanhaes","tag-eleicoes-municipais-2016-em-sabinopolis","tag-eleicoes-municipais-2016-em-sao-joao-evangelista","tag-eleicoes-municipais-2016-em-virginopolis","tag-eleicoes-municipais-2016-minas-gerais","tag-eleitos-em-coluna","tag-eleitos-em-guanhaes","tag-eleitos-em-sabinopolis","tag-eleitos-em-sao-joao-evangelista","tag-eleitos-em-virginopolis","tag-gonzaga","tag-guanhaes","tag-informacoes-detalhadas-sobre-todos-os-candidatos-de-2016","tag-informacoes-sobre-todos-os-candidatos","tag-informacoes-sobre-todos-os-candidatos-de-2016","tag-lista-candidaturas-eleicoes-2016","tag-lista-candidaturas-eleicoes-2016-minas-gerais","tag-lista-de-eleitos-em-coluna","tag-lista-de-eleitos-em-guanhaes","tag-lista-de-eleitos-em-sabinopolis","tag-lista-de-eleitos-em-sao-joao-evangelista","tag-lista-de-eleitos-em-virginopolis","tag-lista-de-todos-os-candidatos-eleicoes-2016","tag-lista-de-todos-os-candidatos-eleicoes-2016-minas-gerais","tag-lista-de-vereadores-eleitos-em-coluna","tag-lista-de-vereadores-eleitos-em-guanhaes","tag-lista-de-vereadores-eleitos-em-sabinopolis","tag-lista-de-vereadores-eleitos-em-sao-joao-evangelista","tag-lista-de-vereadores-eleitos-em-virginopolis","tag-materlandia","tag-paulistas","tag-prefeito-eleito-em-coluna","tag-prefeito-eleito-em-guanhaes","tag-prefeito-eleito-em-sabinopolis","tag-prefeito-eleito-em-sao-joao-evangelista","tag-prefeito-eleito-em-virginopolis","tag-relacao-candidaturas-eleicoes-2016","tag-relacao-candidaturas-eleicoes-2016-minas-gerais","tag-relacao-de-todos-os-candidatos-eleicoes-2016","tag-relacao-de-todos-os-candidatos-eleicoes-2016-minas-gerais","tag-resultados-das-eleicoes-2016","tag-resultados-das-eleicoes-municipais-2016","tag-sabinopolis","tag-santa-efigenia-de-minas","tag-sao-joao-evangelista","tag-sardoa","tag-senhora-do-porto","tag-ver-apuracao-eleicoes-2016","tag-ver-apuracao-eleicoes-municipais-2016","tag-ver-resultados-das-eleicoes-2016","tag-ver-resultados-das-eleicoes-municipais-2016","tag-vereador-eleito-em-coluna","tag-vereador-eleito-em-guanhaes","tag-vereador-eleito-em-sabinopolis","tag-vereador-eleito-em-sao-joao-evangelista","tag-vereador-eleito-em-virginopolis","tag-vereadores-eleitos-em-coluna","tag-vereadores-eleitos-em-guanhaes","tag-vereadores-eleitos-em-sabinopolis","tag-vereadores-eleitos-em-sao-joao-evangelista","tag-vereadores-eleitos-em-virginopolis","tag-virginopolis"],"_links":{"self":[{"href":"https:\/\/aconteceunovale.com.br\/portal\/index.php?rest_route=\/wp\/v2\/posts\/98359","targetHints":{"allow":["GET"]}}],"collection":[{"href":"https:\/\/aconteceunovale.com.br\/portal\/index.php?rest_route=\/wp\/v2\/posts"}],"about":[{"href":"https:\/\/aconteceunovale.com.br\/portal\/index.php?rest_route=\/wp\/v2\/types\/post"}],"author":[{"embeddable":true,"href":"https:\/\/aconteceunovale.com.br\/portal\/index.php?rest_route=\/wp\/v2\/users\/1"}],"replies":[{"embeddable":true,"href":"https:\/\/aconteceunovale.com.br\/portal\/index.php?rest_route=%2Fwp%2Fv2%2Fcomments&post=98359"}],"version-history":[{"count":0,"href":"https:\/\/aconteceunovale.com.br\/portal\/index.php?rest_route=\/wp\/v2\/posts\/98359\/revisions"}],"wp:featuredmedia":[{"embeddable":true,"href":"https:\/\/aconteceunovale.com.br\/portal\/index.php?rest_route=\/wp\/v2\/media\/98360"}],"wp:attachment":[{"href":"https:\/\/aconteceunovale.com.br\/portal\/index.php?rest_route=%2Fwp%2Fv2%2Fmedia&parent=98359"}],"wp:term":[{"taxonomy":"category","embeddable":true,"href":"https:\/\/aconteceunovale.com.br\/portal\/index.php?rest_route=%2Fwp%2Fv2%2Fcategories&post=98359"},{"taxonomy":"post_tag","embeddable":true,"href":"https:\/\/aconteceunovale.com.br\/portal\/index.php?rest_route=%2Fwp%2Fv2%2Ftags&post=98359"}],"curies":[{"name":"wp","href":"https:\/\/api.w.org\/{rel}","templated":true}]}}