{"id":98316,"date":"2016-10-03T17:22:47","date_gmt":"2016-10-03T20:22:47","guid":{"rendered":"http:\/\/aconteceunovale.com.br\/portal\/?p=98316"},"modified":"2016-10-03T17:22:47","modified_gmt":"2016-10-03T20:22:47","slug":"confira-os-prefeitos-e-vereadores-eleitos-nos-16-municipios-da-microrregiao-de-januaria","status":"publish","type":"post","link":"https:\/\/aconteceunovale.com.br\/portal\/?p=98316","title":{"rendered":"Confira os prefeitos e vereadores eleitos nos 16 munic\u00edpios da microrregi\u00e3o de Janu\u00e1ria"},"content":{"rendered":"<table width=\"613\" border=\"1\" cellspacing=\"0\" cellpadding=\"0\">\n<tbody>\n<tr>\n<td valign=\"top\" width=\"207\"><strong>Munic\u00edpio<\/strong><\/td>\n<td valign=\"top\" width=\"211\"><strong>Prefeito eleito<\/strong><\/td>\n<td valign=\"top\" width=\"195\"><strong>Vota\u00e7\u00e3o\/%<\/strong><\/td>\n<\/tr>\n<tr>\n<td valign=\"top\" width=\"207\">Bonito de Minas<\/td>\n<td valign=\"top\" width=\"211\">Z\u00e9 Reis (PPS)<\/td>\n<td valign=\"top\" width=\"195\">3.261 (54,66%)<\/td>\n<\/tr>\n<tr>\n<td valign=\"top\" width=\"207\">Chapada Ga\u00facha<\/td>\n<td valign=\"top\" width=\"211\">Jairzinho (PSB)<\/td>\n<td valign=\"top\" width=\"195\">2.788 (42,00%)<\/td>\n<\/tr>\n<tr>\n<td valign=\"top\" width=\"207\">C\u00f4nego Marinho<\/td>\n<td valign=\"top\" width=\"211\">Agid\u00ea (PP)<\/td>\n<td valign=\"top\" width=\"195\">2.712 (60,71%)<\/td>\n<\/tr>\n<tr>\n<td valign=\"top\" width=\"207\">Icara\u00ed de Minas<\/td>\n<td valign=\"top\" width=\"211\">James de Ambr\u00f3sio (SD)<\/td>\n<td valign=\"top\" width=\"195\">3.294 (51,24%)<\/td>\n<\/tr>\n<tr>\n<td valign=\"top\" width=\"207\">Itacarambi<\/td>\n<td valign=\"top\" width=\"211\">Doutora Nivea (PTB)<\/td>\n<td valign=\"top\" width=\"195\">4.876 (50,15%)<\/td>\n<\/tr>\n<tr>\n<td valign=\"top\" width=\"207\">Janu\u00e1ria<\/td>\n<td valign=\"top\" width=\"211\">Dr. Marcelo (PSB)<\/td>\n<td valign=\"top\" width=\"195\">14.066 (43,86%)<\/td>\n<\/tr>\n<tr>\n<td valign=\"top\" width=\"207\">Juven\u00edlia<\/td>\n<td valign=\"top\" width=\"211\">R\u00f4mulo Carneiro (PT)<\/td>\n<td valign=\"top\" width=\"195\">2.727 (60,68%)<\/td>\n<\/tr>\n<tr>\n<td valign=\"top\" width=\"207\">Manga<\/td>\n<td valign=\"top\" width=\"211\">Quinquinha (PPS)<\/td>\n<td valign=\"top\" width=\"195\">6.601 (56,71%)<\/td>\n<\/tr>\n<tr>\n<td valign=\"top\" width=\"207\">Matias Cardoso<\/td>\n<td valign=\"top\" width=\"211\">Edm\u00e1rcio (PSC)<\/td>\n<td valign=\"top\" width=\"195\">2.506 (83,23%)<\/td>\n<\/tr>\n<tr>\n<td valign=\"top\" width=\"207\">Mirav\u00e2nia<\/td>\n<td valign=\"top\" width=\"211\">Raimundo Luna (DEM)<\/td>\n<td valign=\"top\" width=\"195\">1.573 (53,14%)<\/td>\n<\/tr>\n<tr>\n<td valign=\"top\" width=\"207\">Montalv\u00e2nia<\/td>\n<td valign=\"top\" width=\"211\">Dr. Jos\u00e9 (PTB)<\/td>\n<td valign=\"top\" width=\"195\">6.509 (68,73%)<\/td>\n<\/tr>\n<tr>\n<td valign=\"top\" width=\"207\">Pedras de Maria da Cruz<\/td>\n<td valign=\"top\" width=\"211\">Ti\u00e3o Medeiros (PHS)<\/td>\n<td valign=\"top\" width=\"195\">3.135 (53,03%)<\/td>\n<\/tr>\n<tr>\n<td valign=\"top\" width=\"207\">Pint\u00f3polis<\/td>\n<td valign=\"top\" width=\"211\">Ley Lopes (PEN)<\/td>\n<td valign=\"top\" width=\"195\">2.076 (43,16%)<\/td>\n<\/tr>\n<tr>\n<td valign=\"top\" width=\"207\">S\u00e3o Francisco<\/td>\n<td valign=\"top\" width=\"211\">Veim (PR)<\/td>\n<td valign=\"top\" width=\"195\">11.283 (39,76%)<\/td>\n<\/tr>\n<tr>\n<td valign=\"top\" width=\"207\">S\u00e3o Jo\u00e3o das Miss\u00f5es<\/td>\n<td valign=\"top\" width=\"211\">Z\u00e9 Nunes (PT)<\/td>\n<td valign=\"top\" width=\"195\">3.639 (53,11%)<\/td>\n<\/tr>\n<tr>\n<td valign=\"top\" width=\"207\">Urucuia<\/td>\n<td valign=\"top\" width=\"211\">Rutilio (PMN)<\/td>\n<td valign=\"top\" width=\"195\">3.322 (56,64%)<\/td>\n<\/tr>\n<\/tbody>\n<\/table>\n<p><img decoding=\"async\" src=\"http:\/\/aconteceunovale.com.br\/portal\/wp-content\/uploads\/2016\/10\/prefeitos_januaria_1.jpg\" alt=\"\" \/><img decoding=\"async\" src=\"http:\/\/aconteceunovale.com.br\/portal\/wp-content\/uploads\/2016\/10\/prefeitos_januaria_2.jpg\" alt=\"\" \/><em>Prefeitos eleitos em S\u00e3o Francisco, Bonito de Minas, Chapada Ga\u00facha, C\u00f4nego Marinho, Icara\u00ed de Minas, Itacarambi, Janu\u00e1ria, Juven\u00edlia, Manga, Matias Cardoso, Mirav\u00e2nia, Montalv\u00e2nia, Pedras de Maria da Cruz, Pint\u00f3polis, S\u00e3o Jo\u00e3o das Miss\u00f5es e Urucuia (Fotos: Divulga\u00e7\u00e3o\/TSE)<\/em><br \/>\n<\/br><\/p>\n<p>Confira a apura\u00e7\u00e3o completa e os vereadores eleitos em <strong><a href=\"http:\/\/eleicoesnobrasil.com.br\/\" target=\"_blank\"><font color=\"blue\">www.eleicoesnobrasil.com.br<\/font><\/a><\/strong><\/p>\n","protected":false},"excerpt":{"rendered":"<p>Munic\u00edpio Prefeito eleito Vota\u00e7\u00e3o\/% Bonito de Minas Z\u00e9 Reis (PPS) 3.261 (54,66%) Chapada Ga\u00facha Jairzinho (PSB) 2.788 (42,00%) C\u00f4nego Marinho Agid\u00ea (PP) 2.712 (60,71%) Icara\u00ed de Minas James de Ambr\u00f3sio (SD) 3.294 (51,24%) Itacarambi Doutora Nivea (PTB) 4.876 (50,15%) Janu\u00e1ria Dr. Marcelo (PSB) 14.066 (43,86%) Juven\u00edlia R\u00f4mulo Carneiro (PT) 2.727 (60,68%) Manga Quinquinha (PPS) 6.601 [&hellip;]<\/p>\n","protected":false},"author":1,"featured_media":98317,"comment_status":"open","ping_status":"closed","sticky":false,"template":"","format":"standard","meta":{"amp_status":"","footnotes":""},"categories":[79927,1236],"tags":[109048,117706,117713,1799,107337,107336,107342,107338,107339,107335,107341,107340,107334,107316,107325,107321,107331,109046,107322,107332,3057,3055,118708,117705,117715,117703,117712,107347,117716,117708,107343,107315,107323,117701,117709,109047,59515,107324,78864,107333,107330,1803,107344,107345,107346,1705,205,1706,107320,107329,107318,107327,1356,1708,3056,1709,3723,1710,107319,107328,107317,107326,117702,117710,1522,1810,1813,117707,117714,117704,117711],"class_list":["post-98316","post","type-post","status-publish","format-standard","has-post-thumbnail","hentry","category-eleicoes-2016-2","category-norte_de_minas","tag-aplicativo-candidaturas-2016","tag-apuracao-eleicoes-2016","tag-apuracao-eleicoes-municipais-2016","tag-bonito-de-minas","tag-candidatos-a-prefeito-de","tag-candidatos-a-prefeito-eleicoes-2016","tag-candidatos-a-prefeito-eleicoes-municipais-2016","tag-candidatos-a-prefeito-em","tag-candidatos-a-vereador-de","tag-candidatos-a-vereador-eleicoes-2016","tag-candidatos-a-vereador-eleicoes-municipais-2016","tag-candidatos-a-vereador-em","tag-candidatos-a-vereador-em-2016","tag-candidatos-eleicoes-2016","tag-candidatos-eleicoes-2016-minas-gerais","tag-candidatos-eleicoes-municipais-2016","tag-candidatos-eleicoes-municipais-2016-minas-gerais","tag-candidaturas-2016","tag-candidaturas-eleicoes-municipais-2016","tag-candidaturas-eleicoes-municipais-2016-minas-gerais","tag-chapada-gaucha","tag-conego-marinho","tag-confira-os-prefeitos-e-vereadores-eleitos-nos-16-municipios-da-microrregiao-de-januaria","tag-consultar-apuracao-eleicoes-2016","tag-consultar-apuracao-eleicoes-municipais-2016","tag-consultar-resultados-das-eleicoes-2016","tag-consultar-resultados-das-eleicoes-municipais-2016","tag-consultas-sobre-candidatos-2016","tag-divulgacao-apuracao-eleicoes-municipais-2016","tag-divulgacao-da-apuracao-eleicoes-2016","tag-divulgacao-de-candidaturas-2016","tag-divulgacao-de-candidaturas-eleicoes-2016","tag-divulgacao-de-candidaturas-eleicoes-2016-minas-gerais","tag-divulgacao-dos-resultados-das-eleicoes-2016","tag-divulgacao-dos-resultados-das-eleicoes-municipais-2016","tag-download-aplicativo-candidaturas-2016","tag-eleicoes-2016","tag-eleicoes-2016-minas-gerais","tag-eleicoes-municipais-2016","tag-eleicoes-municipais-2016-divulgacao-de-candidaturas","tag-eleicoes-municipais-2016-minas-gerais","tag-icarai-de-minas","tag-informacoes-detalhadas-sobre-todos-os-candidatos-de-2016","tag-informacoes-sobre-todos-os-candidatos","tag-informacoes-sobre-todos-os-candidatos-de-2016","tag-itacarambi","tag-januaria","tag-juvenilia","tag-lista-candidaturas-eleicoes-2016","tag-lista-candidaturas-eleicoes-2016-minas-gerais","tag-lista-de-todos-os-candidatos-eleicoes-2016","tag-lista-de-todos-os-candidatos-eleicoes-2016-minas-gerais","tag-manga","tag-matias-cardoso","tag-miravania","tag-montalvania","tag-pedras-de-maria-da-cruz","tag-pintopolis","tag-relacao-candidaturas-eleicoes-2016","tag-relacao-candidaturas-eleicoes-2016-minas-gerais","tag-relacao-de-todos-os-candidatos-eleicoes-2016","tag-relacao-de-todos-os-candidatos-eleicoes-2016-minas-gerais","tag-resultados-das-eleicoes-2016","tag-resultados-das-eleicoes-municipais-2016","tag-sao-francisco","tag-sao-joao-das-missoes","tag-urucuia","tag-ver-apuracao-eleicoes-2016","tag-ver-apuracao-eleicoes-municipais-2016","tag-ver-resultados-das-eleicoes-2016","tag-ver-resultados-das-eleicoes-municipais-2016"],"_links":{"self":[{"href":"https:\/\/aconteceunovale.com.br\/portal\/index.php?rest_route=\/wp\/v2\/posts\/98316","targetHints":{"allow":["GET"]}}],"collection":[{"href":"https:\/\/aconteceunovale.com.br\/portal\/index.php?rest_route=\/wp\/v2\/posts"}],"about":[{"href":"https:\/\/aconteceunovale.com.br\/portal\/index.php?rest_route=\/wp\/v2\/types\/post"}],"author":[{"embeddable":true,"href":"https:\/\/aconteceunovale.com.br\/portal\/index.php?rest_route=\/wp\/v2\/users\/1"}],"replies":[{"embeddable":true,"href":"https:\/\/aconteceunovale.com.br\/portal\/index.php?rest_route=%2Fwp%2Fv2%2Fcomments&post=98316"}],"version-history":[{"count":0,"href":"https:\/\/aconteceunovale.com.br\/portal\/index.php?rest_route=\/wp\/v2\/posts\/98316\/revisions"}],"wp:featuredmedia":[{"embeddable":true,"href":"https:\/\/aconteceunovale.com.br\/portal\/index.php?rest_route=\/wp\/v2\/media\/98317"}],"wp:attachment":[{"href":"https:\/\/aconteceunovale.com.br\/portal\/index.php?rest_route=%2Fwp%2Fv2%2Fmedia&parent=98316"}],"wp:term":[{"taxonomy":"category","embeddable":true,"href":"https:\/\/aconteceunovale.com.br\/portal\/index.php?rest_route=%2Fwp%2Fv2%2Fcategories&post=98316"},{"taxonomy":"post_tag","embeddable":true,"href":"https:\/\/aconteceunovale.com.br\/portal\/index.php?rest_route=%2Fwp%2Fv2%2Ftags&post=98316"}],"curies":[{"name":"wp","href":"https:\/\/api.w.org\/{rel}","templated":true}]}}