{"id":98235,"date":"2016-10-02T23:04:32","date_gmt":"2016-10-03T02:04:32","guid":{"rendered":"http:\/\/aconteceunovale.com.br\/portal\/?p=98235"},"modified":"2016-10-02T23:04:32","modified_gmt":"2016-10-03T02:04:32","slug":"aecio-rodrigues-e-reeleito-prefeito-de-jose-goncalves-de-minas","status":"publish","type":"post","link":"https:\/\/aconteceunovale.com.br\/portal\/?p=98235","title":{"rendered":"A\u00e9cio Rodrigues \u00e9 reeleito prefeito de Jos\u00e9 Gon\u00e7alves de Minas"},"content":{"rendered":"<p>A\u00e9cio Rodrigues Motoso (PV) est\u00e1 reeleito prefeito de Jos\u00e9 Gon\u00e7alves de Minas (MG). Com 100% das se\u00e7\u00f5es apuradas, ele recebeu 1.787 (59,85%) dos votos v\u00e1lidos e venceu a dona de casa Maria Gomes Motoso Rocha, a Dona Lia (PDT), que obteve 1.199 (40,15%).<\/p>\n<p>A popula\u00e7\u00e3o de Jos\u00e9 Gon\u00e7alves de Minas tamb\u00e9m escolheu nove vereadores nas elei\u00e7\u00f5es deste domingo (02\/10\/2016). Confira abaixo:<\/p>\n<p>1 &#8211; Russinho: 178 votos<br \/>\n2 &#8211; Dema: 154 votos<br \/>\n3 &#8211; Jos\u00e9 Geraldo de Mauro: 137 votos<br \/>\n4 &#8211; Roni de Fatinha: 131 votos<br \/>\n5 &#8211; Enfermeira Kenia: 130 votos<br \/>\n6 &#8211; Tonim de Chiquim: 117 votos<br \/>\n7 &#8211; Stanacio: 101 votos<br \/>\n8 &#8211; Natalino: 101 votos<br \/>\n9 &#8211; Paul\u00e3o: 92 votos<\/p>\n<p>Confira a apura\u00e7\u00e3o completa em <a href=\"http:\/\/eleicoesnobrasil.com.br\/\" target=\"_blank\">www.eleicoesnobrasil.com.br<\/a><\/p>\n","protected":false},"excerpt":{"rendered":"<p>A\u00e9cio Rodrigues Motoso (PV) est\u00e1 reeleito prefeito de Jos\u00e9 Gon\u00e7alves de Minas (MG). Com 100% das se\u00e7\u00f5es apuradas, ele recebeu 1.787 (59,85%) dos votos v\u00e1lidos e venceu a dona de casa Maria Gomes Motoso Rocha, a Dona Lia (PDT), que obteve 1.199 (40,15%). A popula\u00e7\u00e3o de Jos\u00e9 Gon\u00e7alves de Minas tamb\u00e9m escolheu nove vereadores nas [&hellip;]<\/p>\n","protected":false},"author":1,"featured_media":98236,"comment_status":"open","ping_status":"closed","sticky":false,"template":"","format":"standard","meta":{"amp_status":"","footnotes":""},"categories":[79927,120],"tags":[117968,109048,117706,117713,117969,117970,107337,117971,107336,107342,107338,107339,107335,107341,107340,107334,107316,107325,107321,107331,117972,109046,107322,107332,117705,117715,117703,117712,107347,117973,117716,117708,107343,107315,107323,117701,117709,109047,59515,117974,107324,78864,107333,117975,107330,117976,107344,107345,107346,917,107320,107329,117980,107318,107327,117981,117977,107319,107328,107317,107326,117702,117710,117707,117714,117704,117711,117978,117979],"class_list":["post-98235","post","type-post","status-publish","format-standard","has-post-thumbnail","hentry","category-eleicoes-2016-2","category-jequi","tag-aecio-rodrigues-e-reeleito-prefeito-de-jose-goncalves-de-minas","tag-aplicativo-candidaturas-2016","tag-apuracao-eleicoes-2016","tag-apuracao-eleicoes-municipais-2016","tag-candidato-a-prefeito-de-jose-goncalves-de-minas","tag-candidato-a-prefeito-eleicoes-2016-jose-goncalves-de-minas","tag-candidatos-a-prefeito-de","tag-candidatos-a-prefeito-de-jose-goncalves-de-minas","tag-candidatos-a-prefeito-eleicoes-2016","tag-candidatos-a-prefeito-eleicoes-municipais-2016","tag-candidatos-a-prefeito-em","tag-candidatos-a-vereador-de","tag-candidatos-a-vereador-eleicoes-2016","tag-candidatos-a-vereador-eleicoes-municipais-2016","tag-candidatos-a-vereador-em","tag-candidatos-a-vereador-em-2016","tag-candidatos-eleicoes-2016","tag-candidatos-eleicoes-2016-minas-gerais","tag-candidatos-eleicoes-municipais-2016","tag-candidatos-eleicoes-municipais-2016-minas-gerais","tag-candidatos-em-jose-goncalves-de-minas","tag-candidaturas-2016","tag-candidaturas-eleicoes-municipais-2016","tag-candidaturas-eleicoes-municipais-2016-minas-gerais","tag-consultar-apuracao-eleicoes-2016","tag-consultar-apuracao-eleicoes-municipais-2016","tag-consultar-resultados-das-eleicoes-2016","tag-consultar-resultados-das-eleicoes-municipais-2016","tag-consultas-sobre-candidatos-2016","tag-disputa-eleitoral-jose-goncalves-de-minas","tag-divulgacao-apuracao-eleicoes-municipais-2016","tag-divulgacao-da-apuracao-eleicoes-2016","tag-divulgacao-de-candidaturas-2016","tag-divulgacao-de-candidaturas-eleicoes-2016","tag-divulgacao-de-candidaturas-eleicoes-2016-minas-gerais","tag-divulgacao-dos-resultados-das-eleicoes-2016","tag-divulgacao-dos-resultados-das-eleicoes-municipais-2016","tag-download-aplicativo-candidaturas-2016","tag-eleicoes-2016","tag-eleicoes-2016-jose-goncalves-de-minas","tag-eleicoes-2016-minas-gerais","tag-eleicoes-municipais-2016","tag-eleicoes-municipais-2016-divulgacao-de-candidaturas","tag-eleicoes-municipais-2016-em-jose-goncalves-de-minas","tag-eleicoes-municipais-2016-minas-gerais","tag-eleitos-em-jose-goncalves-de-minas","tag-informacoes-detalhadas-sobre-todos-os-candidatos-de-2016","tag-informacoes-sobre-todos-os-candidatos","tag-informacoes-sobre-todos-os-candidatos-de-2016","tag-jose-goncalves-de-minas","tag-lista-candidaturas-eleicoes-2016","tag-lista-candidaturas-eleicoes-2016-minas-gerais","tag-lista-de-eleitos-em-jose-goncalves-de-minas","tag-lista-de-todos-os-candidatos-eleicoes-2016","tag-lista-de-todos-os-candidatos-eleicoes-2016-minas-gerais","tag-lista-de-vereadores-eleitos-em-jose-goncalves-de-minas","tag-prefeito-eleito-em-jose-goncalves-de-minas","tag-relacao-candidaturas-eleicoes-2016","tag-relacao-candidaturas-eleicoes-2016-minas-gerais","tag-relacao-de-todos-os-candidatos-eleicoes-2016","tag-relacao-de-todos-os-candidatos-eleicoes-2016-minas-gerais","tag-resultados-das-eleicoes-2016","tag-resultados-das-eleicoes-municipais-2016","tag-ver-apuracao-eleicoes-2016","tag-ver-apuracao-eleicoes-municipais-2016","tag-ver-resultados-das-eleicoes-2016","tag-ver-resultados-das-eleicoes-municipais-2016","tag-vereador-eleito-em-jose-goncalves-de-minas","tag-vereadores-eleitos-em-jose-goncalves-de-minas"],"_links":{"self":[{"href":"https:\/\/aconteceunovale.com.br\/portal\/index.php?rest_route=\/wp\/v2\/posts\/98235","targetHints":{"allow":["GET"]}}],"collection":[{"href":"https:\/\/aconteceunovale.com.br\/portal\/index.php?rest_route=\/wp\/v2\/posts"}],"about":[{"href":"https:\/\/aconteceunovale.com.br\/portal\/index.php?rest_route=\/wp\/v2\/types\/post"}],"author":[{"embeddable":true,"href":"https:\/\/aconteceunovale.com.br\/portal\/index.php?rest_route=\/wp\/v2\/users\/1"}],"replies":[{"embeddable":true,"href":"https:\/\/aconteceunovale.com.br\/portal\/index.php?rest_route=%2Fwp%2Fv2%2Fcomments&post=98235"}],"version-history":[{"count":0,"href":"https:\/\/aconteceunovale.com.br\/portal\/index.php?rest_route=\/wp\/v2\/posts\/98235\/revisions"}],"wp:featuredmedia":[{"embeddable":true,"href":"https:\/\/aconteceunovale.com.br\/portal\/index.php?rest_route=\/wp\/v2\/media\/98236"}],"wp:attachment":[{"href":"https:\/\/aconteceunovale.com.br\/portal\/index.php?rest_route=%2Fwp%2Fv2%2Fmedia&parent=98235"}],"wp:term":[{"taxonomy":"category","embeddable":true,"href":"https:\/\/aconteceunovale.com.br\/portal\/index.php?rest_route=%2Fwp%2Fv2%2Fcategories&post=98235"},{"taxonomy":"post_tag","embeddable":true,"href":"https:\/\/aconteceunovale.com.br\/portal\/index.php?rest_route=%2Fwp%2Fv2%2Ftags&post=98235"}],"curies":[{"name":"wp","href":"https:\/\/api.w.org\/{rel}","templated":true}]}}