{"id":98229,"date":"2016-10-02T22:46:10","date_gmt":"2016-10-03T01:46:10","guid":{"rendered":"http:\/\/aconteceunovale.com.br\/portal\/?p=98229"},"modified":"2026-09-02T12:25:49","modified_gmt":"2026-09-02T15:25:49","slug":"orlando-cordeiro-e-eleito-prefeito-de-aricanduva","status":"publish","type":"post","link":"https:\/\/aconteceunovale.com.br\/portal\/?p=98229","title":{"rendered":"Orlando Cordeiro \u00e9 eleito prefeito de Aricanduva"},"content":{"rendered":"<p>O t\u00e9cnico em agronomia Orlando Cordeiro Oliveira (PDT) est\u00e1 eleito prefeito de Aricanduva (MG). Com 100% das se\u00e7\u00f5es apuradas, ele recebeu 1.865 (53,33%) dos votos v\u00e1lidos e venceu a atual prefeita Maria Arlete dos Santos Azevedo, a Arlete (PPS), que obteve 1.569 (44,87%). O vereador Renato Wagner (Solidariedade) recebeu 63 (1,80%) votos e ficou em terceiro lugar.<\/p>\n<p>A popula\u00e7\u00e3o de Aricanduva tamb\u00e9m escolheu nove vereadores nas elei\u00e7\u00f5es deste domingo (02\/10\/2016). Confira abaixo:<\/p>\n<p>1 &#8211; Felisberto: 308 votos<br \/>\n2 &#8211; Bator\u00e9: 291 votos<br \/>\n3 &#8211; M\u00f4nica Cordeiro: 246 votos<br \/>\n4 &#8211; Tamirim: 213 votos<br \/>\n5 &#8211; Fernando Monteiro: 200 votos<br \/>\n6 &#8211; Cl\u00e1udio Monteiro: 173 votos<br \/>\n7 &#8211; Cl\u00e1udio Pixo: 169 votos<br \/>\n8 &#8211; Nenenz\u00e3o da Lada: 165 votos<br \/>\n9 &#8211; Donizete: 164 votos<\/p>\n<p>Confira a apura\u00e7\u00e3o completa em <a href=\"http:\/\/eleicoesnobrasil.com.br\/\" target=\"_blank\">www.eleicoesnobrasil.com.br<\/a><\/p>\n","protected":false},"excerpt":{"rendered":"<p>O t\u00e9cnico em agronomia Orlando Cordeiro Oliveira (PDT) est\u00e1 eleito prefeito de Aricanduva (MG). Com 100% das se\u00e7\u00f5es apuradas, ele recebeu 1.865 (53,33%) dos votos v\u00e1lidos e venceu a atual prefeita Maria Arlete dos Santos Azevedo, a Arlete (PPS), que obteve 1.569 (44,87%). O vereador Renato Wagner (Solidariedade) recebeu 63 (1,80%) votos e ficou em [&hellip;]<\/p>\n","protected":false},"author":1,"featured_media":98230,"comment_status":"open","ping_status":"closed","sticky":false,"template":"","format":"standard","meta":{"amp_status":"","footnotes":""},"categories":[272531,79927,120],"tags":[109048,117706,117713,551,109020,109025,107337,109021,107336,107342,107338,107339,107335,107341,107340,107334,107316,107325,107321,107331,109022,109046,107322,107332,117705,117715,117703,117712,107347,109023,117716,117708,107343,107315,107323,117701,117709,109047,59515,109024,107324,78864,107333,109026,107330,117949,107344,107345,107346,107320,107329,117959,107318,107327,117960,117955,117956,107319,107328,107317,107326,117702,117710,117707,117714,117704,117711,117957,117958],"class_list":["post-98229","post","type-post","status-publish","format-standard","has-post-thumbnail","hentry","category-aricanduva","category-eleicoes-2016-2","category-jequi","tag-aplicativo-candidaturas-2016","tag-apuracao-eleicoes-2016","tag-apuracao-eleicoes-municipais-2016","tag-aricanduva","tag-candidato-a-prefeito-de-aricanduva","tag-candidato-a-prefeito-eleicoes-2016-aricanduva","tag-candidatos-a-prefeito-de","tag-candidatos-a-prefeito-de-aricanduva","tag-candidatos-a-prefeito-eleicoes-2016","tag-candidatos-a-prefeito-eleicoes-municipais-2016","tag-candidatos-a-prefeito-em","tag-candidatos-a-vereador-de","tag-candidatos-a-vereador-eleicoes-2016","tag-candidatos-a-vereador-eleicoes-municipais-2016","tag-candidatos-a-vereador-em","tag-candidatos-a-vereador-em-2016","tag-candidatos-eleicoes-2016","tag-candidatos-eleicoes-2016-minas-gerais","tag-candidatos-eleicoes-municipais-2016","tag-candidatos-eleicoes-municipais-2016-minas-gerais","tag-candidatos-em-aricanduva","tag-candidaturas-2016","tag-candidaturas-eleicoes-municipais-2016","tag-candidaturas-eleicoes-municipais-2016-minas-gerais","tag-consultar-apuracao-eleicoes-2016","tag-consultar-apuracao-eleicoes-municipais-2016","tag-consultar-resultados-das-eleicoes-2016","tag-consultar-resultados-das-eleicoes-municipais-2016","tag-consultas-sobre-candidatos-2016","tag-disputa-eleitoral-aricanduva","tag-divulgacao-apuracao-eleicoes-municipais-2016","tag-divulgacao-da-apuracao-eleicoes-2016","tag-divulgacao-de-candidaturas-2016","tag-divulgacao-de-candidaturas-eleicoes-2016","tag-divulgacao-de-candidaturas-eleicoes-2016-minas-gerais","tag-divulgacao-dos-resultados-das-eleicoes-2016","tag-divulgacao-dos-resultados-das-eleicoes-municipais-2016","tag-download-aplicativo-candidaturas-2016","tag-eleicoes-2016","tag-eleicoes-2016-aricanduva","tag-eleicoes-2016-minas-gerais","tag-eleicoes-municipais-2016","tag-eleicoes-municipais-2016-divulgacao-de-candidaturas","tag-eleicoes-municipais-2016-em-aricanduva","tag-eleicoes-municipais-2016-minas-gerais","tag-eleitos-em-taiobeiras","tag-informacoes-detalhadas-sobre-todos-os-candidatos-de-2016","tag-informacoes-sobre-todos-os-candidatos","tag-informacoes-sobre-todos-os-candidatos-de-2016","tag-lista-candidaturas-eleicoes-2016","tag-lista-candidaturas-eleicoes-2016-minas-gerais","tag-lista-de-eleitos-em-aricanduva","tag-lista-de-todos-os-candidatos-eleicoes-2016","tag-lista-de-todos-os-candidatos-eleicoes-2016-minas-gerais","tag-lista-de-vereadores-eleitos-em-aricanduva","tag-orlando-cordeiro-e-eleito-prefeito-de-aricanduva","tag-prefeito-eleito-em-aricanduva","tag-relacao-candidaturas-eleicoes-2016","tag-relacao-candidaturas-eleicoes-2016-minas-gerais","tag-relacao-de-todos-os-candidatos-eleicoes-2016","tag-relacao-de-todos-os-candidatos-eleicoes-2016-minas-gerais","tag-resultados-das-eleicoes-2016","tag-resultados-das-eleicoes-municipais-2016","tag-ver-apuracao-eleicoes-2016","tag-ver-apuracao-eleicoes-municipais-2016","tag-ver-resultados-das-eleicoes-2016","tag-ver-resultados-das-eleicoes-municipais-2016","tag-vereador-eleito-em-aricanduva","tag-vereadores-eleitos-em-aricanduva"],"yoast_head":"<!-- This site is optimized with the Yoast SEO plugin v28.3 - https:\/\/yoast.com\/product\/yoast-seo-wordpress\/ -->\n<title>Orlando Cordeiro \u00e9 eleito prefeito de Aricanduva - Aconteceu no Vale<\/title>\n<meta name=\"robots\" content=\"index, follow, max-snippet:-1, max-image-preview:large, max-video-preview:-1\" \/>\n<link rel=\"canonical\" href=\"https:\/\/aconteceunovale.com.br\/portal\/?p=98229\" \/>\n<meta property=\"og:locale\" content=\"pt_BR\" \/>\n<meta property=\"og:type\" content=\"article\" \/>\n<meta property=\"og:title\" content=\"Orlando Cordeiro \u00e9 eleito prefeito de Aricanduva - Aconteceu no Vale\" \/>\n<meta property=\"og:description\" content=\"O t\u00e9cnico em agronomia Orlando Cordeiro Oliveira (PDT) est\u00e1 eleito prefeito de Aricanduva (MG). Com 100% das se\u00e7\u00f5es apuradas, ele recebeu 1.865 (53,33%) dos votos v\u00e1lidos e venceu a atual prefeita Maria Arlete dos Santos Azevedo, a Arlete (PPS), que obteve 1.569 (44,87%). O vereador Renato Wagner (Solidariedade) recebeu 63 (1,80%) votos e ficou em [&hellip;]\" \/>\n<meta property=\"og:url\" content=\"https:\/\/aconteceunovale.com.br\/portal\/?p=98229\" \/>\n<meta property=\"og:site_name\" content=\"Aconteceu no Vale\" \/>\n<meta property=\"article:publisher\" content=\"https:\/\/www.facebook.com\/aconteceunovale\/\" \/>\n<meta property=\"article:published_time\" content=\"2016-10-03T01:46:10+00:00\" \/>\n<meta property=\"article:modified_time\" content=\"2026-09-02T15:25:49+00:00\" \/>\n<meta property=\"og:image\" content=\"https:\/\/aconteceunovale.com.br\/portal\/wp-content\/uploads\/2016\/10\/orlandocordeiro.jpg\" \/>\n\t<meta property=\"og:image:width\" content=\"161\" \/>\n\t<meta property=\"og:image:height\" content=\"191\" \/>\n\t<meta property=\"og:image:type\" content=\"image\/jpeg\" \/>\n<meta name=\"author\" content=\"Aconteceu no Vale\" \/>\n<meta name=\"twitter:card\" content=\"summary_large_image\" \/>\n<meta name=\"twitter:creator\" content=\"@noticiadosvales\" \/>\n<meta name=\"twitter:site\" content=\"@noticiadosvales\" \/>\n<meta name=\"twitter:label1\" content=\"Escrito por\" \/>\n\t<meta name=\"twitter:data1\" content=\"Aconteceu no Vale\" \/>\n\t<meta name=\"twitter:label2\" content=\"Est. tempo de leitura\" \/>\n\t<meta name=\"twitter:data2\" content=\"1 minuto\" \/>\n<script type=\"application\/ld+json\" class=\"yoast-schema-graph\">{\"@context\":\"https:\\\/\\\/schema.org\",\"@graph\":[{\"@type\":\"Article\",\"@id\":\"https:\\\/\\\/aconteceunovale.com.br\\\/portal\\\/?p=98229#article\",\"isPartOf\":{\"@id\":\"https:\\\/\\\/aconteceunovale.com.br\\\/portal\\\/?p=98229\"},\"author\":{\"name\":\"Aconteceu no Vale\",\"@id\":\"https:\\\/\\\/aconteceunovale.com.br\\\/portal\\\/#\\\/schema\\\/person\\\/633529146f2c94272bef50ac2953d589\"},\"headline\":\"Orlando Cordeiro \u00e9 eleito prefeito de Aricanduva\",\"datePublished\":\"2016-10-03T01:46:10+00:00\",\"dateModified\":\"2026-09-02T15:25:49+00:00\",\"mainEntityOfPage\":{\"@id\":\"https:\\\/\\\/aconteceunovale.com.br\\\/portal\\\/?p=98229\"},\"wordCount\":123,\"commentCount\":0,\"image\":{\"@id\":\"https:\\\/\\\/aconteceunovale.com.br\\\/portal\\\/?p=98229#primaryimage\"},\"thumbnailUrl\":\"https:\\\/\\\/aconteceunovale.com.br\\\/portal\\\/wp-content\\\/uploads\\\/2016\\\/10\\\/orlandocordeiro.jpg\",\"keywords\":[\"Aplicativo Candidaturas 2016\",\"Apura\u00e7\u00e3o Elei\u00e7\u00f5es 2016\",\"Apura\u00e7\u00e3o Elei\u00e7\u00f5es Municipais 2016\",\"Aricanduva\",\"Candidato a prefeito de Aricanduva\",\"Candidato a prefeito elei\u00e7\u00f5es 2016 Aricanduva\",\"Candidatos a prefeito de\",\"Candidatos a prefeito de Aricanduva\",\"Candidatos a prefeito Elei\u00e7\u00f5es 2016\",\"Candidatos a prefeito Elei\u00e7\u00f5es Municipais 2016\",\"Candidatos a prefeito em\",\"Candidatos a vereador de\",\"Candidatos a vereador Elei\u00e7\u00f5es 2016\",\"Candidatos a vereador Elei\u00e7\u00f5es Municipais 2016\",\"Candidatos a vereador em\",\"candidatos a vereador em 2016\",\"Candidatos Elei\u00e7\u00f5es 2016\",\"Candidatos Elei\u00e7\u00f5es 2016 Minas Gerais\",\"Candidatos Elei\u00e7\u00f5es Municipais 2016\",\"Candidatos Elei\u00e7\u00f5es Municipais 2016 Minas Gerais\",\"Candidatos em Aricanduva\",\"Candidaturas 2016\",\"Candidaturas Elei\u00e7\u00f5es Municipais 2016\",\"Candidaturas Elei\u00e7\u00f5es Municipais 2016 Minas Gerais\",\"Consultar Apura\u00e7\u00e3o Elei\u00e7\u00f5es 2016\",\"Consultar Apura\u00e7\u00e3o Elei\u00e7\u00f5es Municipais 2016\",\"Consultar Resultados das Elei\u00e7\u00f5es 2016\",\"Consultar resultados das Elei\u00e7\u00f5es Municipais 2016\",\"Consultas sobre candidatos 2016\",\"Disputa eleitoral Aricanduva\",\"Divulga\u00e7\u00e3o Apura\u00e7\u00e3o Elei\u00e7\u00f5es Municipais 2016\",\"Divulga\u00e7\u00e3o da Apura\u00e7\u00e3o Elei\u00e7\u00f5es 2016\",\"Divulga\u00e7\u00e3o de Candidaturas 2016\",\"Divulga\u00e7\u00e3o de Candidaturas Elei\u00e7\u00f5es 2016\",\"Divulga\u00e7\u00e3o de Candidaturas Elei\u00e7\u00f5es 2016 Minas Gerais\",\"Divulga\u00e7\u00e3o dos resultados das Elei\u00e7\u00f5es 2016\",\"Divulga\u00e7\u00e3o dos resultados das Elei\u00e7\u00f5es Municipais 2016\",\"Download Aplicativo Candidaturas 2016\",\"elei\u00e7\u00f5es 2016\",\"Elei\u00e7\u00f5es 2016 Aricanduva\",\"Elei\u00e7\u00f5es 2016 Minas Gerais\",\"elei\u00e7\u00f5es municipais 2016\",\"Elei\u00e7\u00f5es Municipais 2016 Divulga\u00e7\u00e3o de Candidaturas\",\"Elei\u00e7\u00f5es municipais 2016 em Aricanduva\",\"Elei\u00e7\u00f5es Municipais 2016 Minas Gerais\",\"Eleitos em Taiobeiras\",\"informa\u00e7\u00f5es detalhadas sobre todos os candidatos de 2016\",\"informa\u00e7\u00f5es sobre todos os candidatos\",\"informa\u00e7\u00f5es sobre todos os candidatos de 2016\",\"Lista candidaturas Elei\u00e7\u00f5es 2016\",\"Lista candidaturas Elei\u00e7\u00f5es 2016 Minas Gerais\",\"Lista de eleitos em Aricanduva\",\"Lista de todos os candidatos Elei\u00e7\u00f5es 2016\",\"Lista de todos os candidatos Elei\u00e7\u00f5es 2016 Minas Gerais\",\"Lista de vereadores eleitos em Aricanduva\",\"Orlando Cordeiro \u00e9 eleito prefeito de Aricanduva\",\"Prefeito eleito em Aricanduva\",\"Rela\u00e7\u00e3o candidaturas Elei\u00e7\u00f5es 2016\",\"Rela\u00e7\u00e3o candidaturas Elei\u00e7\u00f5es 2016 Minas Gerais\",\"Rela\u00e7\u00e3o de todos os candidatos Elei\u00e7\u00f5es 2016\",\"Rela\u00e7\u00e3o de todos os candidatos Elei\u00e7\u00f5es 2016 Minas Gerais\",\"Resultados das Elei\u00e7\u00f5es 2016\",\"resultados das Elei\u00e7\u00f5es Municipais 2016\",\"Ver Apura\u00e7\u00e3o Elei\u00e7\u00f5es 2016\",\"Ver Apura\u00e7\u00e3o Elei\u00e7\u00f5es Municipais 2016\",\"Ver Resultados das Elei\u00e7\u00f5es 2016\",\"Ver resultados das Elei\u00e7\u00f5es Municipais 2016\",\"Vereador eleito em Aricanduva\",\"Vereadores eleitos em Aricanduva\"],\"articleSection\":[\"Aricanduva\",\"Elei\u00e7\u00f5es 2016\",\"Vale do Jequitinhonha\"],\"inLanguage\":\"pt-BR\",\"potentialAction\":[{\"@type\":\"CommentAction\",\"name\":\"Comment\",\"target\":[\"https:\\\/\\\/aconteceunovale.com.br\\\/portal\\\/?p=98229#respond\"]}]},{\"@type\":\"WebPage\",\"@id\":\"https:\\\/\\\/aconteceunovale.com.br\\\/portal\\\/?p=98229\",\"url\":\"https:\\\/\\\/aconteceunovale.com.br\\\/portal\\\/?p=98229\",\"name\":\"Orlando Cordeiro \u00e9 eleito prefeito de Aricanduva - Aconteceu no Vale\",\"isPartOf\":{\"@id\":\"https:\\\/\\\/aconteceunovale.com.br\\\/portal\\\/#website\"},\"primaryImageOfPage\":{\"@id\":\"https:\\\/\\\/aconteceunovale.com.br\\\/portal\\\/?p=98229#primaryimage\"},\"image\":{\"@id\":\"https:\\\/\\\/aconteceunovale.com.br\\\/portal\\\/?p=98229#primaryimage\"},\"thumbnailUrl\":\"https:\\\/\\\/aconteceunovale.com.br\\\/portal\\\/wp-content\\\/uploads\\\/2016\\\/10\\\/orlandocordeiro.jpg\",\"datePublished\":\"2016-10-03T01:46:10+00:00\",\"dateModified\":\"2026-09-02T15:25:49+00:00\",\"author\":{\"@id\":\"https:\\\/\\\/aconteceunovale.com.br\\\/portal\\\/#\\\/schema\\\/person\\\/633529146f2c94272bef50ac2953d589\"},\"breadcrumb\":{\"@id\":\"https:\\\/\\\/aconteceunovale.com.br\\\/portal\\\/?p=98229#breadcrumb\"},\"inLanguage\":\"pt-BR\",\"potentialAction\":[{\"@type\":\"ReadAction\",\"target\":[\"https:\\\/\\\/aconteceunovale.com.br\\\/portal\\\/?p=98229\"]}]},{\"@type\":\"ImageObject\",\"inLanguage\":\"pt-BR\",\"@id\":\"https:\\\/\\\/aconteceunovale.com.br\\\/portal\\\/?p=98229#primaryimage\",\"url\":\"https:\\\/\\\/aconteceunovale.com.br\\\/portal\\\/wp-content\\\/uploads\\\/2016\\\/10\\\/orlandocordeiro.jpg\",\"contentUrl\":\"https:\\\/\\\/aconteceunovale.com.br\\\/portal\\\/wp-content\\\/uploads\\\/2016\\\/10\\\/orlandocordeiro.jpg\",\"width\":161,\"height\":191},{\"@type\":\"BreadcrumbList\",\"@id\":\"https:\\\/\\\/aconteceunovale.com.br\\\/portal\\\/?p=98229#breadcrumb\",\"itemListElement\":[{\"@type\":\"ListItem\",\"position\":1,\"name\":\"In\u00edcio\",\"item\":\"https:\\\/\\\/aconteceunovale.com.br\\\/portal\\\/\"},{\"@type\":\"ListItem\",\"position\":2,\"name\":\"Orlando Cordeiro \u00e9 eleito prefeito de Aricanduva\"}]},{\"@type\":\"WebSite\",\"@id\":\"https:\\\/\\\/aconteceunovale.com.br\\\/portal\\\/#website\",\"url\":\"https:\\\/\\\/aconteceunovale.com.br\\\/portal\\\/\",\"name\":\"Aconteceu no Vale\",\"description\":\"Portal de Not\u00edcias\",\"potentialAction\":[{\"@type\":\"SearchAction\",\"target\":{\"@type\":\"EntryPoint\",\"urlTemplate\":\"https:\\\/\\\/aconteceunovale.com.br\\\/portal\\\/?s={search_term_string}\"},\"query-input\":{\"@type\":\"PropertyValueSpecification\",\"valueRequired\":true,\"valueName\":\"search_term_string\"}}],\"inLanguage\":\"pt-BR\"},{\"@type\":\"Person\",\"@id\":\"https:\\\/\\\/aconteceunovale.com.br\\\/portal\\\/#\\\/schema\\\/person\\\/633529146f2c94272bef50ac2953d589\",\"name\":\"Aconteceu no Vale\",\"description\":\"Equipe de reportagem do Aconteceu no Vale, portal de not\u00edcias do Vale do Jequitinhonha, em Minas Gerais. Cobrimos as 51 cidades do Vale desde 2013. Sugest\u00f5es de pauta e pedidos de corre\u00e7\u00e3o: contato@aconteceunovale.com.br\",\"sameAs\":[\"http:\\\/\\\/www.aconteceunovale.com.br\"],\"url\":\"https:\\\/\\\/aconteceunovale.com.br\\\/portal\\\/?author=1\"}]}<\/script>\n<!-- \/ Yoast SEO plugin. -->","yoast_head_json":{"title":"Orlando Cordeiro \u00e9 eleito prefeito de Aricanduva - Aconteceu no Vale","robots":{"index":"index","follow":"follow","max-snippet":"max-snippet:-1","max-image-preview":"max-image-preview:large","max-video-preview":"max-video-preview:-1"},"canonical":"https:\/\/aconteceunovale.com.br\/portal\/?p=98229","og_locale":"pt_BR","og_type":"article","og_title":"Orlando Cordeiro \u00e9 eleito prefeito de Aricanduva - Aconteceu no Vale","og_description":"O t\u00e9cnico em agronomia Orlando Cordeiro Oliveira (PDT) est\u00e1 eleito prefeito de Aricanduva (MG). Com 100% das se\u00e7\u00f5es apuradas, ele recebeu 1.865 (53,33%) dos votos v\u00e1lidos e venceu a atual prefeita Maria Arlete dos Santos Azevedo, a Arlete (PPS), que obteve 1.569 (44,87%). O vereador Renato Wagner (Solidariedade) recebeu 63 (1,80%) votos e ficou em [&hellip;]","og_url":"https:\/\/aconteceunovale.com.br\/portal\/?p=98229","og_site_name":"Aconteceu no Vale","article_publisher":"https:\/\/www.facebook.com\/aconteceunovale\/","article_published_time":"2016-10-03T01:46:10+00:00","article_modified_time":"2026-09-02T15:25:49+00:00","og_image":[{"width":161,"height":191,"url":"https:\/\/aconteceunovale.com.br\/portal\/wp-content\/uploads\/2016\/10\/orlandocordeiro.jpg","type":"image\/jpeg"}],"author":"Aconteceu no Vale","twitter_card":"summary_large_image","twitter_creator":"@noticiadosvales","twitter_site":"@noticiadosvales","twitter_misc":{"Escrito por":"Aconteceu no Vale","Est. tempo de leitura":"1 minuto"},"schema":{"@context":"https:\/\/schema.org","@graph":[{"@type":"Article","@id":"https:\/\/aconteceunovale.com.br\/portal\/?p=98229#article","isPartOf":{"@id":"https:\/\/aconteceunovale.com.br\/portal\/?p=98229"},"author":{"name":"Aconteceu no Vale","@id":"https:\/\/aconteceunovale.com.br\/portal\/#\/schema\/person\/633529146f2c94272bef50ac2953d589"},"headline":"Orlando Cordeiro \u00e9 eleito prefeito de Aricanduva","datePublished":"2016-10-03T01:46:10+00:00","dateModified":"2026-09-02T15:25:49+00:00","mainEntityOfPage":{"@id":"https:\/\/aconteceunovale.com.br\/portal\/?p=98229"},"wordCount":123,"commentCount":0,"image":{"@id":"https:\/\/aconteceunovale.com.br\/portal\/?p=98229#primaryimage"},"thumbnailUrl":"https:\/\/aconteceunovale.com.br\/portal\/wp-content\/uploads\/2016\/10\/orlandocordeiro.jpg","keywords":["Aplicativo Candidaturas 2016","Apura\u00e7\u00e3o Elei\u00e7\u00f5es 2016","Apura\u00e7\u00e3o Elei\u00e7\u00f5es Municipais 2016","Aricanduva","Candidato a prefeito de Aricanduva","Candidato a prefeito elei\u00e7\u00f5es 2016 Aricanduva","Candidatos a prefeito de","Candidatos a prefeito de Aricanduva","Candidatos a prefeito Elei\u00e7\u00f5es 2016","Candidatos a prefeito Elei\u00e7\u00f5es Municipais 2016","Candidatos a prefeito em","Candidatos a vereador de","Candidatos a vereador Elei\u00e7\u00f5es 2016","Candidatos a vereador Elei\u00e7\u00f5es Municipais 2016","Candidatos a vereador em","candidatos a vereador em 2016","Candidatos Elei\u00e7\u00f5es 2016","Candidatos Elei\u00e7\u00f5es 2016 Minas Gerais","Candidatos Elei\u00e7\u00f5es Municipais 2016","Candidatos Elei\u00e7\u00f5es Municipais 2016 Minas Gerais","Candidatos em Aricanduva","Candidaturas 2016","Candidaturas Elei\u00e7\u00f5es Municipais 2016","Candidaturas Elei\u00e7\u00f5es Municipais 2016 Minas Gerais","Consultar Apura\u00e7\u00e3o Elei\u00e7\u00f5es 2016","Consultar Apura\u00e7\u00e3o Elei\u00e7\u00f5es Municipais 2016","Consultar Resultados das Elei\u00e7\u00f5es 2016","Consultar resultados das Elei\u00e7\u00f5es Municipais 2016","Consultas sobre candidatos 2016","Disputa eleitoral Aricanduva","Divulga\u00e7\u00e3o Apura\u00e7\u00e3o Elei\u00e7\u00f5es Municipais 2016","Divulga\u00e7\u00e3o da Apura\u00e7\u00e3o Elei\u00e7\u00f5es 2016","Divulga\u00e7\u00e3o de Candidaturas 2016","Divulga\u00e7\u00e3o de Candidaturas Elei\u00e7\u00f5es 2016","Divulga\u00e7\u00e3o de Candidaturas Elei\u00e7\u00f5es 2016 Minas Gerais","Divulga\u00e7\u00e3o dos resultados das Elei\u00e7\u00f5es 2016","Divulga\u00e7\u00e3o dos resultados das Elei\u00e7\u00f5es Municipais 2016","Download Aplicativo Candidaturas 2016","elei\u00e7\u00f5es 2016","Elei\u00e7\u00f5es 2016 Aricanduva","Elei\u00e7\u00f5es 2016 Minas Gerais","elei\u00e7\u00f5es municipais 2016","Elei\u00e7\u00f5es Municipais 2016 Divulga\u00e7\u00e3o de Candidaturas","Elei\u00e7\u00f5es municipais 2016 em Aricanduva","Elei\u00e7\u00f5es Municipais 2016 Minas Gerais","Eleitos em Taiobeiras","informa\u00e7\u00f5es detalhadas sobre todos os candidatos de 2016","informa\u00e7\u00f5es sobre todos os candidatos","informa\u00e7\u00f5es sobre todos os candidatos de 2016","Lista candidaturas Elei\u00e7\u00f5es 2016","Lista candidaturas Elei\u00e7\u00f5es 2016 Minas Gerais","Lista de eleitos em Aricanduva","Lista de todos os candidatos Elei\u00e7\u00f5es 2016","Lista de todos os candidatos Elei\u00e7\u00f5es 2016 Minas Gerais","Lista de vereadores eleitos em Aricanduva","Orlando Cordeiro \u00e9 eleito prefeito de Aricanduva","Prefeito eleito em Aricanduva","Rela\u00e7\u00e3o candidaturas Elei\u00e7\u00f5es 2016","Rela\u00e7\u00e3o candidaturas Elei\u00e7\u00f5es 2016 Minas Gerais","Rela\u00e7\u00e3o de todos os candidatos Elei\u00e7\u00f5es 2016","Rela\u00e7\u00e3o de todos os candidatos Elei\u00e7\u00f5es 2016 Minas Gerais","Resultados das Elei\u00e7\u00f5es 2016","resultados das Elei\u00e7\u00f5es Municipais 2016","Ver Apura\u00e7\u00e3o Elei\u00e7\u00f5es 2016","Ver Apura\u00e7\u00e3o Elei\u00e7\u00f5es Municipais 2016","Ver Resultados das Elei\u00e7\u00f5es 2016","Ver resultados das Elei\u00e7\u00f5es Municipais 2016","Vereador eleito em Aricanduva","Vereadores eleitos em Aricanduva"],"articleSection":["Aricanduva","Elei\u00e7\u00f5es 2016","Vale do Jequitinhonha"],"inLanguage":"pt-BR","potentialAction":[{"@type":"CommentAction","name":"Comment","target":["https:\/\/aconteceunovale.com.br\/portal\/?p=98229#respond"]}]},{"@type":"WebPage","@id":"https:\/\/aconteceunovale.com.br\/portal\/?p=98229","url":"https:\/\/aconteceunovale.com.br\/portal\/?p=98229","name":"Orlando Cordeiro \u00e9 eleito prefeito de Aricanduva - Aconteceu no Vale","isPartOf":{"@id":"https:\/\/aconteceunovale.com.br\/portal\/#website"},"primaryImageOfPage":{"@id":"https:\/\/aconteceunovale.com.br\/portal\/?p=98229#primaryimage"},"image":{"@id":"https:\/\/aconteceunovale.com.br\/portal\/?p=98229#primaryimage"},"thumbnailUrl":"https:\/\/aconteceunovale.com.br\/portal\/wp-content\/uploads\/2016\/10\/orlandocordeiro.jpg","datePublished":"2016-10-03T01:46:10+00:00","dateModified":"2026-09-02T15:25:49+00:00","author":{"@id":"https:\/\/aconteceunovale.com.br\/portal\/#\/schema\/person\/633529146f2c94272bef50ac2953d589"},"breadcrumb":{"@id":"https:\/\/aconteceunovale.com.br\/portal\/?p=98229#breadcrumb"},"inLanguage":"pt-BR","potentialAction":[{"@type":"ReadAction","target":["https:\/\/aconteceunovale.com.br\/portal\/?p=98229"]}]},{"@type":"ImageObject","inLanguage":"pt-BR","@id":"https:\/\/aconteceunovale.com.br\/portal\/?p=98229#primaryimage","url":"https:\/\/aconteceunovale.com.br\/portal\/wp-content\/uploads\/2016\/10\/orlandocordeiro.jpg","contentUrl":"https:\/\/aconteceunovale.com.br\/portal\/wp-content\/uploads\/2016\/10\/orlandocordeiro.jpg","width":161,"height":191},{"@type":"BreadcrumbList","@id":"https:\/\/aconteceunovale.com.br\/portal\/?p=98229#breadcrumb","itemListElement":[{"@type":"ListItem","position":1,"name":"In\u00edcio","item":"https:\/\/aconteceunovale.com.br\/portal\/"},{"@type":"ListItem","position":2,"name":"Orlando Cordeiro \u00e9 eleito prefeito de Aricanduva"}]},{"@type":"WebSite","@id":"https:\/\/aconteceunovale.com.br\/portal\/#website","url":"https:\/\/aconteceunovale.com.br\/portal\/","name":"Aconteceu no Vale","description":"Portal de Not\u00edcias","potentialAction":[{"@type":"SearchAction","target":{"@type":"EntryPoint","urlTemplate":"https:\/\/aconteceunovale.com.br\/portal\/?s={search_term_string}"},"query-input":{"@type":"PropertyValueSpecification","valueRequired":true,"valueName":"search_term_string"}}],"inLanguage":"pt-BR"},{"@type":"Person","@id":"https:\/\/aconteceunovale.com.br\/portal\/#\/schema\/person\/633529146f2c94272bef50ac2953d589","name":"Aconteceu no Vale","description":"Equipe de reportagem do Aconteceu no Vale, portal de not\u00edcias do Vale do Jequitinhonha, em Minas Gerais. Cobrimos as 51 cidades do Vale desde 2013. Sugest\u00f5es de pauta e pedidos de corre\u00e7\u00e3o: contato@aconteceunovale.com.br","sameAs":["http:\/\/www.aconteceunovale.com.br"],"url":"https:\/\/aconteceunovale.com.br\/portal\/?author=1"}]}},"_links":{"self":[{"href":"https:\/\/aconteceunovale.com.br\/portal\/index.php?rest_route=\/wp\/v2\/posts\/98229","targetHints":{"allow":["GET"]}}],"collection":[{"href":"https:\/\/aconteceunovale.com.br\/portal\/index.php?rest_route=\/wp\/v2\/posts"}],"about":[{"href":"https:\/\/aconteceunovale.com.br\/portal\/index.php?rest_route=\/wp\/v2\/types\/post"}],"author":[{"embeddable":true,"href":"https:\/\/aconteceunovale.com.br\/portal\/index.php?rest_route=\/wp\/v2\/users\/1"}],"replies":[{"embeddable":true,"href":"https:\/\/aconteceunovale.com.br\/portal\/index.php?rest_route=%2Fwp%2Fv2%2Fcomments&post=98229"}],"version-history":[{"count":1,"href":"https:\/\/aconteceunovale.com.br\/portal\/index.php?rest_route=\/wp\/v2\/posts\/98229\/revisions"}],"predecessor-version":[{"id":199917,"href":"https:\/\/aconteceunovale.com.br\/portal\/index.php?rest_route=\/wp\/v2\/posts\/98229\/revisions\/199917"}],"wp:featuredmedia":[{"embeddable":true,"href":"https:\/\/aconteceunovale.com.br\/portal\/index.php?rest_route=\/wp\/v2\/media\/98230"}],"wp:attachment":[{"href":"https:\/\/aconteceunovale.com.br\/portal\/index.php?rest_route=%2Fwp%2Fv2%2Fmedia&parent=98229"}],"wp:term":[{"taxonomy":"category","embeddable":true,"href":"https:\/\/aconteceunovale.com.br\/portal\/index.php?rest_route=%2Fwp%2Fv2%2Fcategories&post=98229"},{"taxonomy":"post_tag","embeddable":true,"href":"https:\/\/aconteceunovale.com.br\/portal\/index.php?rest_route=%2Fwp%2Fv2%2Ftags&post=98229"}],"curies":[{"name":"wp","href":"https:\/\/api.w.org\/{rel}","templated":true}]}}