{"id":98223,"date":"2016-10-02T22:23:45","date_gmt":"2016-10-03T01:23:45","guid":{"rendered":"http:\/\/aconteceunovale.com.br\/portal\/?p=98223"},"modified":"2016-10-02T22:23:45","modified_gmt":"2016-10-03T01:23:45","slug":"ze-pratas-e-eleito-prefeito-de-salinas","status":"publish","type":"post","link":"https:\/\/aconteceunovale.com.br\/portal\/?p=98223","title":{"rendered":"Z\u00e9 Pratas \u00e9 eleito prefeito de Salinas"},"content":{"rendered":"<p>O arquiteto Jos\u00e9 Ant\u00f4nio Prates, o Z\u00e9 Prates (PHS), est\u00e1 eleito prefeito de Salinas (MG). Com 100% das se\u00e7\u00f5es apuradas, ele recebeu 11.994 (53,00%) dos votos v\u00e1lidos e venceu o atual chefe do Executivo Municipal, Joaquim Neres Xavier Dias, o Kinca (PT), que obteve 8.546 (37,76%). Benoni (PPS) ficou em terceiro lugar com 2.090 (9,24%) votos.<\/p>\n<p>A popula\u00e7\u00e3o de Salinas tamb\u00e9m escolheu treze vereadores nas elei\u00e7\u00f5es deste domingo (02\/10\/2016). Confira abaixo:<\/p>\n<p>1 &#8211; Junior Gar\u00e7on: 1.126 votos<br \/>\n2 &#8211; Tazinha: 988 votos<br \/>\n3 &#8211; Thiago Dur\u00e3es: 986 votos<br \/>\n4 &#8211; Eilton Santiago: 913 votos<br \/>\n5 &#8211; Dra. Beth: 664 votos<br \/>\n6 &#8211; Arthur Bastos: 652 votos<br \/>\n7 &#8211; Fernandes Vicente: 643 votos<br \/>\n8 &#8211; Dorinha: 629 votos<br \/>\n9 &#8211; Jo\u00e3o Pela: 628 votos<br \/>\n10 &#8211; Richarley: 621 votos<br \/>\n11 &#8211; J\u00fanior Pardim: 598 votos<br \/>\n12 &#8211; Davi Andrade: 586 votos<br \/>\n13 &#8211; Evandro: 468 votos<\/p>\n<p>Confira a apura\u00e7\u00e3o completa em <a href=\"http:\/\/eleicoesnobrasil.com.br\/\" target=\"_blank\">www.eleicoesnobrasil.com.br<\/a><\/p>\n","protected":false},"excerpt":{"rendered":"<p>O arquiteto Jos\u00e9 Ant\u00f4nio Prates, o Z\u00e9 Prates (PHS), est\u00e1 eleito prefeito de Salinas (MG). Com 100% das se\u00e7\u00f5es apuradas, ele recebeu 11.994 (53,00%) dos votos v\u00e1lidos e venceu o atual chefe do Executivo Municipal, Joaquim Neres Xavier Dias, o Kinca (PT), que obteve 8.546 (37,76%). Benoni (PPS) ficou em terceiro lugar com 2.090 (9,24%) [&hellip;]<\/p>\n","protected":false},"author":1,"featured_media":98224,"comment_status":"open","ping_status":"closed","sticky":false,"template":"","format":"standard","meta":{"amp_status":"","footnotes":""},"categories":[79927,1236],"tags":[109048,117706,117713,117928,117929,107337,117930,107336,107342,107338,107339,107335,107341,107340,107334,107316,107325,107321,107331,117931,109046,107322,107332,117705,117715,117703,117712,107347,117932,117716,117708,107343,107315,107323,117701,117709,109047,59515,107324,117933,78864,107333,117934,107330,117935,107344,107345,107346,107320,107329,117939,107318,107327,117940,117936,107319,107328,107317,107326,117702,117710,190,117707,117714,117704,117711,117937,117938,117927],"class_list":["post-98223","post","type-post","status-publish","format-standard","has-post-thumbnail","hentry","category-eleicoes-2016-2","category-norte_de_minas","tag-aplicativo-candidaturas-2016","tag-apuracao-eleicoes-2016","tag-apuracao-eleicoes-municipais-2016","tag-candidato-a-prefeito-de-salinas","tag-candidato-a-prefeito-eleicoes-2016-salinas","tag-candidatos-a-prefeito-de","tag-candidatos-a-prefeito-de-salinas","tag-candidatos-a-prefeito-eleicoes-2016","tag-candidatos-a-prefeito-eleicoes-municipais-2016","tag-candidatos-a-prefeito-em","tag-candidatos-a-vereador-de","tag-candidatos-a-vereador-eleicoes-2016","tag-candidatos-a-vereador-eleicoes-municipais-2016","tag-candidatos-a-vereador-em","tag-candidatos-a-vereador-em-2016","tag-candidatos-eleicoes-2016","tag-candidatos-eleicoes-2016-minas-gerais","tag-candidatos-eleicoes-municipais-2016","tag-candidatos-eleicoes-municipais-2016-minas-gerais","tag-candidatos-em-salinas","tag-candidaturas-2016","tag-candidaturas-eleicoes-municipais-2016","tag-candidaturas-eleicoes-municipais-2016-minas-gerais","tag-consultar-apuracao-eleicoes-2016","tag-consultar-apuracao-eleicoes-municipais-2016","tag-consultar-resultados-das-eleicoes-2016","tag-consultar-resultados-das-eleicoes-municipais-2016","tag-consultas-sobre-candidatos-2016","tag-disputa-eleitoral-salinas","tag-divulgacao-apuracao-eleicoes-municipais-2016","tag-divulgacao-da-apuracao-eleicoes-2016","tag-divulgacao-de-candidaturas-2016","tag-divulgacao-de-candidaturas-eleicoes-2016","tag-divulgacao-de-candidaturas-eleicoes-2016-minas-gerais","tag-divulgacao-dos-resultados-das-eleicoes-2016","tag-divulgacao-dos-resultados-das-eleicoes-municipais-2016","tag-download-aplicativo-candidaturas-2016","tag-eleicoes-2016","tag-eleicoes-2016-minas-gerais","tag-eleicoes-2016-salinas","tag-eleicoes-municipais-2016","tag-eleicoes-municipais-2016-divulgacao-de-candidaturas","tag-eleicoes-municipais-2016-em-salinas","tag-eleicoes-municipais-2016-minas-gerais","tag-eleitos-em-salinas","tag-informacoes-detalhadas-sobre-todos-os-candidatos-de-2016","tag-informacoes-sobre-todos-os-candidatos","tag-informacoes-sobre-todos-os-candidatos-de-2016","tag-lista-candidaturas-eleicoes-2016","tag-lista-candidaturas-eleicoes-2016-minas-gerais","tag-lista-de-eleitos-em-salinas","tag-lista-de-todos-os-candidatos-eleicoes-2016","tag-lista-de-todos-os-candidatos-eleicoes-2016-minas-gerais","tag-lista-de-vereadores-eleitos-em-salinas","tag-prefeito-eleito-em-salinas","tag-relacao-candidaturas-eleicoes-2016","tag-relacao-candidaturas-eleicoes-2016-minas-gerais","tag-relacao-de-todos-os-candidatos-eleicoes-2016","tag-relacao-de-todos-os-candidatos-eleicoes-2016-minas-gerais","tag-resultados-das-eleicoes-2016","tag-resultados-das-eleicoes-municipais-2016","tag-salinas","tag-ver-apuracao-eleicoes-2016","tag-ver-apuracao-eleicoes-municipais-2016","tag-ver-resultados-das-eleicoes-2016","tag-ver-resultados-das-eleicoes-municipais-2016","tag-vereador-eleito-em-salinas","tag-vereadores-eleitos-em-salinas","tag-ze-pratas-e-eleito-prefeito-de-salinas"],"_links":{"self":[{"href":"https:\/\/aconteceunovale.com.br\/portal\/index.php?rest_route=\/wp\/v2\/posts\/98223","targetHints":{"allow":["GET"]}}],"collection":[{"href":"https:\/\/aconteceunovale.com.br\/portal\/index.php?rest_route=\/wp\/v2\/posts"}],"about":[{"href":"https:\/\/aconteceunovale.com.br\/portal\/index.php?rest_route=\/wp\/v2\/types\/post"}],"author":[{"embeddable":true,"href":"https:\/\/aconteceunovale.com.br\/portal\/index.php?rest_route=\/wp\/v2\/users\/1"}],"replies":[{"embeddable":true,"href":"https:\/\/aconteceunovale.com.br\/portal\/index.php?rest_route=%2Fwp%2Fv2%2Fcomments&post=98223"}],"version-history":[{"count":0,"href":"https:\/\/aconteceunovale.com.br\/portal\/index.php?rest_route=\/wp\/v2\/posts\/98223\/revisions"}],"wp:featuredmedia":[{"embeddable":true,"href":"https:\/\/aconteceunovale.com.br\/portal\/index.php?rest_route=\/wp\/v2\/media\/98224"}],"wp:attachment":[{"href":"https:\/\/aconteceunovale.com.br\/portal\/index.php?rest_route=%2Fwp%2Fv2%2Fmedia&parent=98223"}],"wp:term":[{"taxonomy":"category","embeddable":true,"href":"https:\/\/aconteceunovale.com.br\/portal\/index.php?rest_route=%2Fwp%2Fv2%2Fcategories&post=98223"},{"taxonomy":"post_tag","embeddable":true,"href":"https:\/\/aconteceunovale.com.br\/portal\/index.php?rest_route=%2Fwp%2Fv2%2Ftags&post=98223"}],"curies":[{"name":"wp","href":"https:\/\/api.w.org\/{rel}","templated":true}]}}