{"id":98220,"date":"2016-10-02T22:11:50","date_gmt":"2016-10-03T01:11:50","guid":{"rendered":"http:\/\/aconteceunovale.com.br\/portal\/?p=98220"},"modified":"2016-10-02T22:11:50","modified_gmt":"2016-10-03T01:11:50","slug":"ademir-gobira-e-eleito-prefeito-de-almenara","status":"publish","type":"post","link":"https:\/\/aconteceunovale.com.br\/portal\/?p=98220","title":{"rendered":"Ademir Gobira \u00e9 eleito prefeito de Almenara"},"content":{"rendered":"<p>O servidor p\u00fablico Ademir Costa Gobira (PSD) est\u00e1 eleito prefeito de Almenara (MG). Com 100% das se\u00e7\u00f5es apuradas, ele recebeu 10.734 (51,97%) dos votos v\u00e1lidos e venceu a empres\u00e1ria Gercira Gomes Cardoso, a Cira (PMDB), que obteve 9.090 (44,01%). Doutor Anibinha (PDT) ficou em terceiro lugar com 404 (1,96%) votos, Fernando de Almenara em quarto com 215 (1,04%) e M\u00e1rcio Andr\u00e9 Tupy em quinto com 213 (1,03%).<\/p>\n<p>A popula\u00e7\u00e3o de Almenara tamb\u00e9m escolheu treze vereadores nas elei\u00e7\u00f5es deste domingo (02\/10\/2016). Confira abaixo:<\/p>\n<p>1 &#8211; Marcone da Sa\u00fade (Moreno): 717 votos<br \/>\n2 &#8211; Dilsim: 567 votos<br \/>\n3 &#8211; Luiz Boc\u00e3o: 565 votos<br \/>\n4 &#8211; Rom\u00e9rcio Gobira: 559 votos<br \/>\n5 &#8211; Nata CDN: 552 votos<br \/>\n6 &#8211; Mister Euler: 512 votos<br \/>\n7 &#8211; T\u00f4co: 503 votos<br \/>\n8 &#8211; Sandro Agostinho: 484 votos<br \/>\n9 &#8211; Catinha da Academia: 480 votos<br \/>\n10 &#8211; Peca: 468 votos<br \/>\n11 &#8211; Messias do Hospital: 459 votos<br \/>\n12 &#8211; Tim do S\u00e3o Francisco: 285 votos<br \/>\n13 &#8211; S\u00e9rgio Gois: 280 votos<\/p>\n<p>Confira a apura\u00e7\u00e3o completa em <a href=\"http:\/\/eleicoesnobrasil.com.br\/\" target=\"_blank\">www.eleicoesnobrasil.com.br<\/a><\/p>\n","protected":false},"excerpt":{"rendered":"<p>O servidor p\u00fablico Ademir Costa Gobira (PSD) est\u00e1 eleito prefeito de Almenara (MG). Com 100% das se\u00e7\u00f5es apuradas, ele recebeu 10.734 (51,97%) dos votos v\u00e1lidos e venceu a empres\u00e1ria Gercira Gomes Cardoso, a Cira (PMDB), que obteve 9.090 (44,01%). Doutor Anibinha (PDT) ficou em terceiro lugar com 404 (1,96%) votos, Fernando de Almenara em quarto [&hellip;]<\/p>\n","protected":false},"author":1,"featured_media":98221,"comment_status":"open","ping_status":"closed","sticky":false,"template":"","format":"standard","meta":{"amp_status":"","footnotes":""},"categories":[79927,120],"tags":[117913,142,109048,117706,117713,117914,117915,107337,117916,107336,107342,107338,107339,107335,107341,107340,107334,107316,107325,107321,107331,117917,109046,107322,107332,117705,117715,117703,117712,107347,117918,117716,117708,107343,107315,107323,117701,117709,109047,59515,117919,107324,78864,107333,117920,107330,117921,107344,107345,107346,107320,107329,117925,107318,107327,117926,117922,107319,107328,107317,107326,117702,117710,117707,117714,117704,117711,117923,117924],"class_list":["post-98220","post","type-post","status-publish","format-standard","has-post-thumbnail","hentry","category-eleicoes-2016-2","category-jequi","tag-ademir-gobira-e-eleito-prefeito-de-almenara","tag-almenara","tag-aplicativo-candidaturas-2016","tag-apuracao-eleicoes-2016","tag-apuracao-eleicoes-municipais-2016","tag-candidato-a-prefeito-de-almenara","tag-candidato-a-prefeito-eleicoes-2016-almenara","tag-candidatos-a-prefeito-de","tag-candidatos-a-prefeito-de-almenara","tag-candidatos-a-prefeito-eleicoes-2016","tag-candidatos-a-prefeito-eleicoes-municipais-2016","tag-candidatos-a-prefeito-em","tag-candidatos-a-vereador-de","tag-candidatos-a-vereador-eleicoes-2016","tag-candidatos-a-vereador-eleicoes-municipais-2016","tag-candidatos-a-vereador-em","tag-candidatos-a-vereador-em-2016","tag-candidatos-eleicoes-2016","tag-candidatos-eleicoes-2016-minas-gerais","tag-candidatos-eleicoes-municipais-2016","tag-candidatos-eleicoes-municipais-2016-minas-gerais","tag-candidatos-em-almenara","tag-candidaturas-2016","tag-candidaturas-eleicoes-municipais-2016","tag-candidaturas-eleicoes-municipais-2016-minas-gerais","tag-consultar-apuracao-eleicoes-2016","tag-consultar-apuracao-eleicoes-municipais-2016","tag-consultar-resultados-das-eleicoes-2016","tag-consultar-resultados-das-eleicoes-municipais-2016","tag-consultas-sobre-candidatos-2016","tag-disputa-eleitoral-almenara","tag-divulgacao-apuracao-eleicoes-municipais-2016","tag-divulgacao-da-apuracao-eleicoes-2016","tag-divulgacao-de-candidaturas-2016","tag-divulgacao-de-candidaturas-eleicoes-2016","tag-divulgacao-de-candidaturas-eleicoes-2016-minas-gerais","tag-divulgacao-dos-resultados-das-eleicoes-2016","tag-divulgacao-dos-resultados-das-eleicoes-municipais-2016","tag-download-aplicativo-candidaturas-2016","tag-eleicoes-2016","tag-eleicoes-2016-almenara","tag-eleicoes-2016-minas-gerais","tag-eleicoes-municipais-2016","tag-eleicoes-municipais-2016-divulgacao-de-candidaturas","tag-eleicoes-municipais-2016-em-almenara","tag-eleicoes-municipais-2016-minas-gerais","tag-eleitos-em-almenara","tag-informacoes-detalhadas-sobre-todos-os-candidatos-de-2016","tag-informacoes-sobre-todos-os-candidatos","tag-informacoes-sobre-todos-os-candidatos-de-2016","tag-lista-candidaturas-eleicoes-2016","tag-lista-candidaturas-eleicoes-2016-minas-gerais","tag-lista-de-eleitos-em-almenara","tag-lista-de-todos-os-candidatos-eleicoes-2016","tag-lista-de-todos-os-candidatos-eleicoes-2016-minas-gerais","tag-lista-de-vereadores-eleitos-em-almenara","tag-prefeito-eleito-em-almenara","tag-relacao-candidaturas-eleicoes-2016","tag-relacao-candidaturas-eleicoes-2016-minas-gerais","tag-relacao-de-todos-os-candidatos-eleicoes-2016","tag-relacao-de-todos-os-candidatos-eleicoes-2016-minas-gerais","tag-resultados-das-eleicoes-2016","tag-resultados-das-eleicoes-municipais-2016","tag-ver-apuracao-eleicoes-2016","tag-ver-apuracao-eleicoes-municipais-2016","tag-ver-resultados-das-eleicoes-2016","tag-ver-resultados-das-eleicoes-municipais-2016","tag-vereador-eleito-em-almenara","tag-vereadores-eleitos-em-almenara"],"_links":{"self":[{"href":"https:\/\/aconteceunovale.com.br\/portal\/index.php?rest_route=\/wp\/v2\/posts\/98220","targetHints":{"allow":["GET"]}}],"collection":[{"href":"https:\/\/aconteceunovale.com.br\/portal\/index.php?rest_route=\/wp\/v2\/posts"}],"about":[{"href":"https:\/\/aconteceunovale.com.br\/portal\/index.php?rest_route=\/wp\/v2\/types\/post"}],"author":[{"embeddable":true,"href":"https:\/\/aconteceunovale.com.br\/portal\/index.php?rest_route=\/wp\/v2\/users\/1"}],"replies":[{"embeddable":true,"href":"https:\/\/aconteceunovale.com.br\/portal\/index.php?rest_route=%2Fwp%2Fv2%2Fcomments&post=98220"}],"version-history":[{"count":0,"href":"https:\/\/aconteceunovale.com.br\/portal\/index.php?rest_route=\/wp\/v2\/posts\/98220\/revisions"}],"wp:featuredmedia":[{"embeddable":true,"href":"https:\/\/aconteceunovale.com.br\/portal\/index.php?rest_route=\/wp\/v2\/media\/98221"}],"wp:attachment":[{"href":"https:\/\/aconteceunovale.com.br\/portal\/index.php?rest_route=%2Fwp%2Fv2%2Fmedia&parent=98220"}],"wp:term":[{"taxonomy":"category","embeddable":true,"href":"https:\/\/aconteceunovale.com.br\/portal\/index.php?rest_route=%2Fwp%2Fv2%2Fcategories&post=98220"},{"taxonomy":"post_tag","embeddable":true,"href":"https:\/\/aconteceunovale.com.br\/portal\/index.php?rest_route=%2Fwp%2Fv2%2Ftags&post=98220"}],"curies":[{"name":"wp","href":"https:\/\/api.w.org\/{rel}","templated":true}]}}