{"id":98217,"date":"2016-10-02T22:02:55","date_gmt":"2016-10-03T01:02:55","guid":{"rendered":"http:\/\/aconteceunovale.com.br\/portal\/?p=98217"},"modified":"2016-10-03T00:19:23","modified_gmt":"2016-10-03T03:19:23","slug":"dona-lia-e-eleita-prefeita-de-coronel-murta","status":"publish","type":"post","link":"https:\/\/aconteceunovale.com.br\/portal\/?p=98217","title":{"rendered":"Dona Fia \u00e9 eleita prefeita de Coronel Murta"},"content":{"rendered":"<p>A professora Amariles Santos Lima, a Dona Fia (PSDB), est\u00e1 eleita prefeita de Coronel Murta (MG). Com 100% das se\u00e7\u00f5es apuradas, ela recebeu 3.150 (55,24%) dos votos v\u00e1lidos e desbancou o atual chefe do Executivo Municipal, Francisco Elet\u00e2ncio Freire Murta (PMN), que obteve 2.552 (44,76%).<\/p>\n<p>A popula\u00e7\u00e3o de Coronel Murta tamb\u00e9m escolheu nove vereadores nas elei\u00e7\u00f5es deste domingo (02\/10\/2016). Confira abaixo:<\/p>\n<p>1 &#8211; Chico de Maur\u00edcio: 342 votos<br \/>\n2 &#8211; Ailton de Dovinha: 334 votos<br \/>\n3 &#8211; Douglas de D\u00e9lio: 267 votos<br \/>\n4 &#8211; Nenz\u00e3o: 242 votos<br \/>\n5 &#8211; Dindol: 238 votos<br \/>\n6 &#8211; Cl\u00e9sio Freire: 227 votos<br \/>\n7 &#8211; Geraldinho da Barra: 208 votos<br \/>\n8 &#8211; Tico Moto T\u00e1xi: 153 votos<br \/>\n9 &#8211; R\u00f3 da Vereda: 146 votos<\/p>\n<p>Confira a apura\u00e7\u00e3o completa em <a href=\"http:\/\/eleicoesnobrasil.com.br\/\" target=\"_blank\">www.eleicoesnobrasil.com.br<\/a><\/p>\n","protected":false},"excerpt":{"rendered":"<p>A professora Amariles Santos Lima, a Dona Fia (PSDB), est\u00e1 eleita prefeita de Coronel Murta (MG). Com 100% das se\u00e7\u00f5es apuradas, ela recebeu 3.150 (55,24%) dos votos v\u00e1lidos e desbancou o atual chefe do Executivo Municipal, Francisco Elet\u00e2ncio Freire Murta (PMN), que obteve 2.552 (44,76%). A popula\u00e7\u00e3o de Coronel Murta tamb\u00e9m escolheu nove vereadores nas [&hellip;]<\/p>\n","protected":false},"author":1,"featured_media":98218,"comment_status":"open","ping_status":"closed","sticky":false,"template":"","format":"standard","meta":{"amp_status":"","footnotes":""},"categories":[79927,120],"tags":[109048,117706,117713,109036,109037,107337,109038,107336,107342,107338,107339,107335,107341,107340,107334,107316,107325,107321,107331,109039,109046,107322,107332,117705,117715,117703,117712,107347,483,109040,117716,117708,107343,107315,107323,117701,117709,118038,117906,109047,59515,109041,107324,78864,107333,109042,107330,117907,107344,107345,107346,107320,107329,117911,107318,107327,117912,117908,107319,107328,107317,107326,117702,117710,117707,117714,117704,117711,117909,117910],"class_list":["post-98217","post","type-post","status-publish","format-standard","has-post-thumbnail","hentry","category-eleicoes-2016-2","category-jequi","tag-aplicativo-candidaturas-2016","tag-apuracao-eleicoes-2016","tag-apuracao-eleicoes-municipais-2016","tag-candidato-a-prefeito-de-coronel-murta","tag-candidato-a-prefeito-eleicoes-2016-coronel-murta","tag-candidatos-a-prefeito-de","tag-candidatos-a-prefeito-de-coronel-murta","tag-candidatos-a-prefeito-eleicoes-2016","tag-candidatos-a-prefeito-eleicoes-municipais-2016","tag-candidatos-a-prefeito-em","tag-candidatos-a-vereador-de","tag-candidatos-a-vereador-eleicoes-2016","tag-candidatos-a-vereador-eleicoes-municipais-2016","tag-candidatos-a-vereador-em","tag-candidatos-a-vereador-em-2016","tag-candidatos-eleicoes-2016","tag-candidatos-eleicoes-2016-minas-gerais","tag-candidatos-eleicoes-municipais-2016","tag-candidatos-eleicoes-municipais-2016-minas-gerais","tag-candidatos-em-coronel-murta","tag-candidaturas-2016","tag-candidaturas-eleicoes-municipais-2016","tag-candidaturas-eleicoes-municipais-2016-minas-gerais","tag-consultar-apuracao-eleicoes-2016","tag-consultar-apuracao-eleicoes-municipais-2016","tag-consultar-resultados-das-eleicoes-2016","tag-consultar-resultados-das-eleicoes-municipais-2016","tag-consultas-sobre-candidatos-2016","tag-coronel-murta","tag-disputa-eleitoral-coronel-murta","tag-divulgacao-apuracao-eleicoes-municipais-2016","tag-divulgacao-da-apuracao-eleicoes-2016","tag-divulgacao-de-candidaturas-2016","tag-divulgacao-de-candidaturas-eleicoes-2016","tag-divulgacao-de-candidaturas-eleicoes-2016-minas-gerais","tag-divulgacao-dos-resultados-das-eleicoes-2016","tag-divulgacao-dos-resultados-das-eleicoes-municipais-2016","tag-dona-fia-e-eleita-prefeita-de-coronel-murta","tag-dona-lia-e-eleita-prefeita-de-coronel-murta","tag-download-aplicativo-candidaturas-2016","tag-eleicoes-2016","tag-eleicoes-2016-coronel-murta","tag-eleicoes-2016-minas-gerais","tag-eleicoes-municipais-2016","tag-eleicoes-municipais-2016-divulgacao-de-candidaturas","tag-eleicoes-municipais-2016-em-coronel-murta","tag-eleicoes-municipais-2016-minas-gerais","tag-eleitos-em-coronel-murta","tag-informacoes-detalhadas-sobre-todos-os-candidatos-de-2016","tag-informacoes-sobre-todos-os-candidatos","tag-informacoes-sobre-todos-os-candidatos-de-2016","tag-lista-candidaturas-eleicoes-2016","tag-lista-candidaturas-eleicoes-2016-minas-gerais","tag-lista-de-eleitos-em-coronel-murta","tag-lista-de-todos-os-candidatos-eleicoes-2016","tag-lista-de-todos-os-candidatos-eleicoes-2016-minas-gerais","tag-lista-de-vereadores-eleitos-em-coronel-murta","tag-prefeito-eleito-em-coronel-murta","tag-relacao-candidaturas-eleicoes-2016","tag-relacao-candidaturas-eleicoes-2016-minas-gerais","tag-relacao-de-todos-os-candidatos-eleicoes-2016","tag-relacao-de-todos-os-candidatos-eleicoes-2016-minas-gerais","tag-resultados-das-eleicoes-2016","tag-resultados-das-eleicoes-municipais-2016","tag-ver-apuracao-eleicoes-2016","tag-ver-apuracao-eleicoes-municipais-2016","tag-ver-resultados-das-eleicoes-2016","tag-ver-resultados-das-eleicoes-municipais-2016","tag-vereador-eleito-em-coronel-murta","tag-vereadores-eleitos-em-coronel-murta"],"_links":{"self":[{"href":"https:\/\/aconteceunovale.com.br\/portal\/index.php?rest_route=\/wp\/v2\/posts\/98217","targetHints":{"allow":["GET"]}}],"collection":[{"href":"https:\/\/aconteceunovale.com.br\/portal\/index.php?rest_route=\/wp\/v2\/posts"}],"about":[{"href":"https:\/\/aconteceunovale.com.br\/portal\/index.php?rest_route=\/wp\/v2\/types\/post"}],"author":[{"embeddable":true,"href":"https:\/\/aconteceunovale.com.br\/portal\/index.php?rest_route=\/wp\/v2\/users\/1"}],"replies":[{"embeddable":true,"href":"https:\/\/aconteceunovale.com.br\/portal\/index.php?rest_route=%2Fwp%2Fv2%2Fcomments&post=98217"}],"version-history":[{"count":0,"href":"https:\/\/aconteceunovale.com.br\/portal\/index.php?rest_route=\/wp\/v2\/posts\/98217\/revisions"}],"wp:featuredmedia":[{"embeddable":true,"href":"https:\/\/aconteceunovale.com.br\/portal\/index.php?rest_route=\/wp\/v2\/media\/98218"}],"wp:attachment":[{"href":"https:\/\/aconteceunovale.com.br\/portal\/index.php?rest_route=%2Fwp%2Fv2%2Fmedia&parent=98217"}],"wp:term":[{"taxonomy":"category","embeddable":true,"href":"https:\/\/aconteceunovale.com.br\/portal\/index.php?rest_route=%2Fwp%2Fv2%2Fcategories&post=98217"},{"taxonomy":"post_tag","embeddable":true,"href":"https:\/\/aconteceunovale.com.br\/portal\/index.php?rest_route=%2Fwp%2Fv2%2Ftags&post=98217"}],"curies":[{"name":"wp","href":"https:\/\/api.w.org\/{rel}","templated":true}]}}