{"id":98214,"date":"2016-10-02T21:54:00","date_gmt":"2016-10-03T00:54:00","guid":{"rendered":"http:\/\/aconteceunovale.com.br\/portal\/?p=98214"},"modified":"2016-10-02T21:54:00","modified_gmt":"2016-10-03T00:54:00","slug":"dr-armando-e-reeleito-prefeito-de-aracuai","status":"publish","type":"post","link":"https:\/\/aconteceunovale.com.br\/portal\/?p=98214","title":{"rendered":"Dr. Armando \u00e9 reeleito prefeito de Ara\u00e7ua\u00ed"},"content":{"rendered":"<p>Armando Jardim Paix\u00e3o, o Dr. Armando (PT), est\u00e1 reeleito prefeito de Ara\u00e7ua\u00ed (MG). Com 100% das se\u00e7\u00f5es apuradas, ele recebeu 8.851 (47,25%) dos votos v\u00e1lidos e venceu Dr. A\u00e9cio (PMDB), que obteve 7.687 (41,04%). Tadeu do Posto (PSD) ficou em terceiro lugar com 2.194 (11,71%) votos.<\/p>\n<p>A popula\u00e7\u00e3o de Ara\u00e7ua\u00ed tamb\u00e9m escolheu onze vereadores nas elei\u00e7\u00f5es deste domingo (02\/10\/2016). Confira abaixo:<\/p>\n<p>1 &#8211; Vereador Cl\u00e1udio: 870 votos<br \/>\n2 &#8211; Doming\u00e3o Ramalho: 684 votos<br \/>\n3 &#8211; Jucelia (Sinha): 622 votos<br \/>\n4 &#8211; Guilherme Kokeiro: 555 votos<br \/>\n5 &#8211; Leo Onnis: 536 votos<br \/>\n6 &#8211; Kok\u00e1 Vereador: 514 votos<br \/>\n7 &#8211; Dem\u00e1rio Batista: 491 votos<br \/>\n8 &#8211; Vereador Asdubal: 446 votos<br \/>\n9 &#8211; Carlinho Dourado: 443 votos<br \/>\n10 &#8211; Ti\u00e3ozinho: 436 votos<br \/>\n11 &#8211; Erotindes Filho Tidinho: 375 votos<\/p>\n<p>Confira a apura\u00e7\u00e3o completa em <a href=\"http:\/\/eleicoesnobrasil.com.br\/\" target=\"_blank\">www.eleicoesnobrasil.com.br<\/a><\/p>\n","protected":false},"excerpt":{"rendered":"<p>Armando Jardim Paix\u00e3o, o Dr. Armando (PT), est\u00e1 reeleito prefeito de Ara\u00e7ua\u00ed (MG). Com 100% das se\u00e7\u00f5es apuradas, ele recebeu 8.851 (47,25%) dos votos v\u00e1lidos e venceu Dr. A\u00e9cio (PMDB), que obteve 7.687 (41,04%). Tadeu do Posto (PSD) ficou em terceiro lugar com 2.194 (11,71%) votos. A popula\u00e7\u00e3o de Ara\u00e7ua\u00ed tamb\u00e9m escolheu onze vereadores nas [&hellip;]<\/p>\n","protected":false},"author":1,"featured_media":98215,"comment_status":"open","ping_status":"closed","sticky":false,"template":"","format":"standard","meta":{"amp_status":"","footnotes":""},"categories":[79927,120],"tags":[109048,117706,117713,186,110847,110848,107337,110849,107336,107342,107338,107339,107335,107341,107340,107334,107316,107325,107321,107331,110850,109046,107322,107332,117705,117715,117703,117712,107347,110851,117716,117708,107343,107315,107323,117701,117709,109047,117899,59515,110852,107324,78864,107333,110853,107330,117900,107344,107345,107346,107320,107329,117904,107318,107327,117905,117901,107319,107328,107317,107326,117702,117710,117707,117714,117704,117711,117902,117903],"class_list":["post-98214","post","type-post","status-publish","format-standard","has-post-thumbnail","hentry","category-eleicoes-2016-2","category-jequi","tag-aplicativo-candidaturas-2016","tag-apuracao-eleicoes-2016","tag-apuracao-eleicoes-municipais-2016","tag-aracuai","tag-candidato-a-prefeito-de-aracuai","tag-candidato-a-prefeito-eleicoes-2016-aracuai","tag-candidatos-a-prefeito-de","tag-candidatos-a-prefeito-de-aracuai","tag-candidatos-a-prefeito-eleicoes-2016","tag-candidatos-a-prefeito-eleicoes-municipais-2016","tag-candidatos-a-prefeito-em","tag-candidatos-a-vereador-de","tag-candidatos-a-vereador-eleicoes-2016","tag-candidatos-a-vereador-eleicoes-municipais-2016","tag-candidatos-a-vereador-em","tag-candidatos-a-vereador-em-2016","tag-candidatos-eleicoes-2016","tag-candidatos-eleicoes-2016-minas-gerais","tag-candidatos-eleicoes-municipais-2016","tag-candidatos-eleicoes-municipais-2016-minas-gerais","tag-candidatos-em-aracuai","tag-candidaturas-2016","tag-candidaturas-eleicoes-municipais-2016","tag-candidaturas-eleicoes-municipais-2016-minas-gerais","tag-consultar-apuracao-eleicoes-2016","tag-consultar-apuracao-eleicoes-municipais-2016","tag-consultar-resultados-das-eleicoes-2016","tag-consultar-resultados-das-eleicoes-municipais-2016","tag-consultas-sobre-candidatos-2016","tag-disputa-eleitoral-aracuai","tag-divulgacao-apuracao-eleicoes-municipais-2016","tag-divulgacao-da-apuracao-eleicoes-2016","tag-divulgacao-de-candidaturas-2016","tag-divulgacao-de-candidaturas-eleicoes-2016","tag-divulgacao-de-candidaturas-eleicoes-2016-minas-gerais","tag-divulgacao-dos-resultados-das-eleicoes-2016","tag-divulgacao-dos-resultados-das-eleicoes-municipais-2016","tag-download-aplicativo-candidaturas-2016","tag-dr-armando-e-reeleito-prefeito-de-aracuai","tag-eleicoes-2016","tag-eleicoes-2016-aracuai","tag-eleicoes-2016-minas-gerais","tag-eleicoes-municipais-2016","tag-eleicoes-municipais-2016-divulgacao-de-candidaturas","tag-eleicoes-municipais-2016-em-aracuai","tag-eleicoes-municipais-2016-minas-gerais","tag-eleitos-em-aracuai","tag-informacoes-detalhadas-sobre-todos-os-candidatos-de-2016","tag-informacoes-sobre-todos-os-candidatos","tag-informacoes-sobre-todos-os-candidatos-de-2016","tag-lista-candidaturas-eleicoes-2016","tag-lista-candidaturas-eleicoes-2016-minas-gerais","tag-lista-de-eleitos-em-aracuai","tag-lista-de-todos-os-candidatos-eleicoes-2016","tag-lista-de-todos-os-candidatos-eleicoes-2016-minas-gerais","tag-lista-de-vereadores-eleitos-em-aracuai","tag-prefeito-eleito-em-aracuai","tag-relacao-candidaturas-eleicoes-2016","tag-relacao-candidaturas-eleicoes-2016-minas-gerais","tag-relacao-de-todos-os-candidatos-eleicoes-2016","tag-relacao-de-todos-os-candidatos-eleicoes-2016-minas-gerais","tag-resultados-das-eleicoes-2016","tag-resultados-das-eleicoes-municipais-2016","tag-ver-apuracao-eleicoes-2016","tag-ver-apuracao-eleicoes-municipais-2016","tag-ver-resultados-das-eleicoes-2016","tag-ver-resultados-das-eleicoes-municipais-2016","tag-vereador-eleito-em-aracuai","tag-vereadores-eleitos-em-aracuai"],"_links":{"self":[{"href":"https:\/\/aconteceunovale.com.br\/portal\/index.php?rest_route=\/wp\/v2\/posts\/98214","targetHints":{"allow":["GET"]}}],"collection":[{"href":"https:\/\/aconteceunovale.com.br\/portal\/index.php?rest_route=\/wp\/v2\/posts"}],"about":[{"href":"https:\/\/aconteceunovale.com.br\/portal\/index.php?rest_route=\/wp\/v2\/types\/post"}],"author":[{"embeddable":true,"href":"https:\/\/aconteceunovale.com.br\/portal\/index.php?rest_route=\/wp\/v2\/users\/1"}],"replies":[{"embeddable":true,"href":"https:\/\/aconteceunovale.com.br\/portal\/index.php?rest_route=%2Fwp%2Fv2%2Fcomments&post=98214"}],"version-history":[{"count":0,"href":"https:\/\/aconteceunovale.com.br\/portal\/index.php?rest_route=\/wp\/v2\/posts\/98214\/revisions"}],"wp:featuredmedia":[{"embeddable":true,"href":"https:\/\/aconteceunovale.com.br\/portal\/index.php?rest_route=\/wp\/v2\/media\/98215"}],"wp:attachment":[{"href":"https:\/\/aconteceunovale.com.br\/portal\/index.php?rest_route=%2Fwp%2Fv2%2Fmedia&parent=98214"}],"wp:term":[{"taxonomy":"category","embeddable":true,"href":"https:\/\/aconteceunovale.com.br\/portal\/index.php?rest_route=%2Fwp%2Fv2%2Fcategories&post=98214"},{"taxonomy":"post_tag","embeddable":true,"href":"https:\/\/aconteceunovale.com.br\/portal\/index.php?rest_route=%2Fwp%2Fv2%2Ftags&post=98214"}],"curies":[{"name":"wp","href":"https:\/\/api.w.org\/{rel}","templated":true}]}}