{"id":98210,"date":"2016-10-02T21:43:15","date_gmt":"2016-10-03T00:43:15","guid":{"rendered":"http:\/\/aconteceunovale.com.br\/portal\/?p=98210"},"modified":"2016-10-02T21:43:15","modified_gmt":"2016-10-03T00:43:15","slug":"andre-merlo-e-eleito-prefeito-de-governador-valadares","status":"publish","type":"post","link":"https:\/\/aconteceunovale.com.br\/portal\/?p=98210","title":{"rendered":"Andr\u00e9 Merlo \u00e9 eleito prefeito de Governador Valadares"},"content":{"rendered":"<p>O engenheiro Andr\u00e9 Luiz Coelho Merlo (PSDB) est\u00e1 eleito prefeito de Governador Valadares (MG). Com 100% das se\u00e7\u00f5es apuradas, ele recebeu 106.905 (81,03%) dos votos v\u00e1lidos e venceu Ricardo Pedrosa (PEN), que obteve 14.167 (10,74%). Gl\u00eadston Guet\u00e3o (PT) ficou em terceiro lugar com 9.752 (7,39%) votos e Kenned Prefeito (PRP) em quarto com 1.115 (0,85%).<\/p>\n<p>A popula\u00e7\u00e3o de Governador Valadares tamb\u00e9m escolheu vinte e um vereadores nas elei\u00e7\u00f5es deste domingo (02\/10\/2016). Confira abaixo:<\/p>\n<p>1 &#8211; Enes C\u00e2ndido: 3.340 votos<br \/>\n2 &#8211; Paulinho Costa: 2.915 votos<br \/>\n3 &#8211; Iracy de Matos: 2.151 votos<br \/>\n4 &#8211; Juninho da Farm\u00e1cia: 2.013 votos<br \/>\n5 &#8211; Betinho Detetive: 1.972 votos<br \/>\n6 &#8211; Coronel Wagner: 1.902 votos<br \/>\n7 &#8211; Jacob do Sal\u00e3o: 1.779 votos<br \/>\n8 &#8211; Pastor Elias de Jesus: 1.704 votos<br \/>\n9 &#8211; Rosemary Mafra: 1.632 votos<br \/>\n10 &#8211; Alessandro Ferraz Al\u00ea: 1.479 votos<br \/>\n11 &#8211; Geremias Brito: 1.382 votos<br \/>\n12 &#8211; Valdecy Barcellos: 1.338 votos<br \/>\n13 &#8211; Regino Cruz: 1.337 votos<br \/>\n14 &#8211; Rildo do Hospital: 1.311 votos<br \/>\n15 &#8211; Nenem do Desid\u00e9rio: 1.304 votos<br \/>\n16 &#8211; Robinho Mifarreg: 1.227 votos<br \/>\n17 &#8211; J\u00falio Avelar: 1.142 votos<br \/>\n18 &#8211; Ant\u00f4nio Carlos: 1.085 votos<br \/>\n19 &#8211; Dr. Marc\u00edlio: 1.079 votos<br \/>\n20 &#8211; Dandan Ces\u00e1rio: 928 votos<br \/>\n21 &#8211; Leonardo Gl\u00f3ria: 904 votos<\/p>\n<p><img decoding=\"async\" src=\"http:\/\/aconteceunovale.com.br\/portal\/wp-content\/uploads\/2016\/10\/andre_merlo.jpg\" alt=\"\" \/><em>Andr\u00e9 Merlo \u00e9 eleito prefeito de Governador Valadares (Divulga\u00e7\u00e3o)<\/em><br \/>\n<\/br><\/p>\n<p>Confira a apura\u00e7\u00e3o completa em <a href=\"http:\/\/eleicoesnobrasil.com.br\/\" target=\"_blank\">www.eleicoesnobrasil.com.br<\/a><\/p>\n","protected":false},"excerpt":{"rendered":"<p>O engenheiro Andr\u00e9 Luiz Coelho Merlo (PSDB) est\u00e1 eleito prefeito de Governador Valadares (MG). Com 100% das se\u00e7\u00f5es apuradas, ele recebeu 106.905 (81,03%) dos votos v\u00e1lidos e venceu Ricardo Pedrosa (PEN), que obteve 14.167 (10,74%). Gl\u00eadston Guet\u00e3o (PT) ficou em terceiro lugar com 9.752 (7,39%) votos e Kenned Prefeito (PRP) em quarto com 1.115 (0,85%). [&hellip;]<\/p>\n","protected":false},"author":1,"featured_media":98212,"comment_status":"open","ping_status":"closed","sticky":false,"template":"","format":"standard","meta":{"amp_status":"","footnotes":""},"categories":[79927,121],"tags":[117892,109048,117706,117713,110676,110677,107337,110678,107336,107342,107338,107339,107335,107341,107340,107334,107316,107325,107321,107331,110679,109046,107322,107332,117705,117715,117703,117712,107347,110680,117716,117708,107343,107315,107323,117701,117709,109047,59515,110681,107324,78864,107333,110682,107330,117893,247,107344,107345,107346,107320,107329,117897,107318,107327,117898,117894,107319,107328,107317,107326,117702,117710,117707,117714,117704,117711,117895,117896],"class_list":["post-98210","post","type-post","status-publish","format-standard","has-post-thumbnail","hentry","category-eleicoes-2016-2","category-leste","tag-andre-merlo-e-eleito-prefeito-de-governador-valadares","tag-aplicativo-candidaturas-2016","tag-apuracao-eleicoes-2016","tag-apuracao-eleicoes-municipais-2016","tag-candidato-a-prefeito-de-governador-valadares","tag-candidato-a-prefeito-eleicoes-2016-governador-valadares","tag-candidatos-a-prefeito-de","tag-candidatos-a-prefeito-de-governador-valadares","tag-candidatos-a-prefeito-eleicoes-2016","tag-candidatos-a-prefeito-eleicoes-municipais-2016","tag-candidatos-a-prefeito-em","tag-candidatos-a-vereador-de","tag-candidatos-a-vereador-eleicoes-2016","tag-candidatos-a-vereador-eleicoes-municipais-2016","tag-candidatos-a-vereador-em","tag-candidatos-a-vereador-em-2016","tag-candidatos-eleicoes-2016","tag-candidatos-eleicoes-2016-minas-gerais","tag-candidatos-eleicoes-municipais-2016","tag-candidatos-eleicoes-municipais-2016-minas-gerais","tag-candidatos-em-governador-valadares","tag-candidaturas-2016","tag-candidaturas-eleicoes-municipais-2016","tag-candidaturas-eleicoes-municipais-2016-minas-gerais","tag-consultar-apuracao-eleicoes-2016","tag-consultar-apuracao-eleicoes-municipais-2016","tag-consultar-resultados-das-eleicoes-2016","tag-consultar-resultados-das-eleicoes-municipais-2016","tag-consultas-sobre-candidatos-2016","tag-disputa-eleitoral-governador-valadares","tag-divulgacao-apuracao-eleicoes-municipais-2016","tag-divulgacao-da-apuracao-eleicoes-2016","tag-divulgacao-de-candidaturas-2016","tag-divulgacao-de-candidaturas-eleicoes-2016","tag-divulgacao-de-candidaturas-eleicoes-2016-minas-gerais","tag-divulgacao-dos-resultados-das-eleicoes-2016","tag-divulgacao-dos-resultados-das-eleicoes-municipais-2016","tag-download-aplicativo-candidaturas-2016","tag-eleicoes-2016","tag-eleicoes-2016-governador-valadares","tag-eleicoes-2016-minas-gerais","tag-eleicoes-municipais-2016","tag-eleicoes-municipais-2016-divulgacao-de-candidaturas","tag-eleicoes-municipais-2016-em-governador-valadares","tag-eleicoes-municipais-2016-minas-gerais","tag-eleitos-em-governador-valadares","tag-governador-valadares","tag-informacoes-detalhadas-sobre-todos-os-candidatos-de-2016","tag-informacoes-sobre-todos-os-candidatos","tag-informacoes-sobre-todos-os-candidatos-de-2016","tag-lista-candidaturas-eleicoes-2016","tag-lista-candidaturas-eleicoes-2016-minas-gerais","tag-lista-de-eleitos-em-governador-valadares","tag-lista-de-todos-os-candidatos-eleicoes-2016","tag-lista-de-todos-os-candidatos-eleicoes-2016-minas-gerais","tag-lista-de-vereadores-eleitos-em-governador-valadares","tag-prefeito-eleito-em-governador-valadares","tag-relacao-candidaturas-eleicoes-2016","tag-relacao-candidaturas-eleicoes-2016-minas-gerais","tag-relacao-de-todos-os-candidatos-eleicoes-2016","tag-relacao-de-todos-os-candidatos-eleicoes-2016-minas-gerais","tag-resultados-das-eleicoes-2016","tag-resultados-das-eleicoes-municipais-2016","tag-ver-apuracao-eleicoes-2016","tag-ver-apuracao-eleicoes-municipais-2016","tag-ver-resultados-das-eleicoes-2016","tag-ver-resultados-das-eleicoes-municipais-2016","tag-vereador-eleito-em-governador-valadares","tag-vereadores-eleitos-em-governador-valadares"],"_links":{"self":[{"href":"https:\/\/aconteceunovale.com.br\/portal\/index.php?rest_route=\/wp\/v2\/posts\/98210","targetHints":{"allow":["GET"]}}],"collection":[{"href":"https:\/\/aconteceunovale.com.br\/portal\/index.php?rest_route=\/wp\/v2\/posts"}],"about":[{"href":"https:\/\/aconteceunovale.com.br\/portal\/index.php?rest_route=\/wp\/v2\/types\/post"}],"author":[{"embeddable":true,"href":"https:\/\/aconteceunovale.com.br\/portal\/index.php?rest_route=\/wp\/v2\/users\/1"}],"replies":[{"embeddable":true,"href":"https:\/\/aconteceunovale.com.br\/portal\/index.php?rest_route=%2Fwp%2Fv2%2Fcomments&post=98210"}],"version-history":[{"count":0,"href":"https:\/\/aconteceunovale.com.br\/portal\/index.php?rest_route=\/wp\/v2\/posts\/98210\/revisions"}],"wp:featuredmedia":[{"embeddable":true,"href":"https:\/\/aconteceunovale.com.br\/portal\/index.php?rest_route=\/wp\/v2\/media\/98212"}],"wp:attachment":[{"href":"https:\/\/aconteceunovale.com.br\/portal\/index.php?rest_route=%2Fwp%2Fv2%2Fmedia&parent=98210"}],"wp:term":[{"taxonomy":"category","embeddable":true,"href":"https:\/\/aconteceunovale.com.br\/portal\/index.php?rest_route=%2Fwp%2Fv2%2Fcategories&post=98210"},{"taxonomy":"post_tag","embeddable":true,"href":"https:\/\/aconteceunovale.com.br\/portal\/index.php?rest_route=%2Fwp%2Fv2%2Ftags&post=98210"}],"curies":[{"name":"wp","href":"https:\/\/api.w.org\/{rel}","templated":true}]}}