{"id":98207,"date":"2016-10-02T21:18:57","date_gmt":"2016-10-03T00:18:57","guid":{"rendered":"http:\/\/aconteceunovale.com.br\/portal\/?p=98207"},"modified":"2016-10-02T21:18:57","modified_gmt":"2016-10-03T00:18:57","slug":"humberto-souto-e-eleito-prefeito-de-montes-claros","status":"publish","type":"post","link":"https:\/\/aconteceunovale.com.br\/portal\/?p=98207","title":{"rendered":"Humberto Souto \u00e9 eleito prefeito de Montes Claros"},"content":{"rendered":"<p>O advogado Humberto Guimar\u00e3es Souto (PPS) est\u00e1 eleito prefeito de Montes Claros (MG). Com 100% das se\u00e7\u00f5es apuradas, ele recebeu 79.595 (54,89%) dos votos v\u00e1lidos e venceu Leninha (PT), que obteve 36.030 (25,82%). Jairo Ata\u00edde (DEM) ficou em terceiro lugar com 25.636 (18,37%) votos e Gl\u00e1ucia Eliana (PMB) em quarto com 1.271 (0,91%). Os 48.834 votos de Ruy Muniz (PSB) e os 850 de J\u00e9ssica Vianna (PSOL) foram cancelados pela Justi\u00e7a Eleitoral por cancelamento de candidatura e indeferimento, respectivamente.<\/p>\n<p>A popula\u00e7\u00e3o de Montes Claros tamb\u00e9m escolheu vinte e tr\u00eas vereadores nas elei\u00e7\u00f5es deste domingo (02\/10\/2016). Confira abaixo:<\/p>\n<p>1 &#8211; Cl\u00e1udio Prates: 3.191 votos<br \/>\n2 &#8211; Soter Magno: 3.111 votos<br \/>\n3 &#8211; Claudim da Prefeitura: 3.101 votos<br \/>\n4 &#8211; Raimundo do INSS: 2.980 votos<br \/>\n5 &#8211; Marcons Nem: 2.940 votos<br \/>\n6 &#8211; Valcir da Ademoc: 2.892 votos<br \/>\n7 &#8211; Gra\u00e7a da Casa do Motor: 2.725 votos<br \/>\n8 &#8211; Ildeu Maia: 2.722 votos<br \/>\n9 &#8211; Dr. Marlon: 2.546 votos<br \/>\n10 &#8211; Wilton Dias: 2.375 votos<br \/>\n11 &#8211; Ailton do Vilage 2: 2.342 votos<br \/>\n12 &#8211; Valdecy Contador: 2.189 votos<br \/>\n13 &#8211; Pastor Elair: 2.186 votos<br \/>\n14 &#8211; Edmilson Magalh\u00e3es: 2.097 votos<br \/>\n15 &#8211; Rodrigo Cadeirante: 2.081 votos<br \/>\n16 &#8211; Dr. Valdivino: 1.948 votos<br \/>\n17 &#8211; Le\u00e3o: 1.854 votos<br \/>\n18 &#8211; Idelfonso da Sa\u00fade: 1.823 votos<br \/>\n19 &#8211; Maria Helena Lopes: 1.775 votos<br \/>\n20 &#8211; Oliveira L\u00eaga PM: 1.743 votos<br \/>\n21 &#8211; Daniel Dias: 1.629 votos<br \/>\n22 &#8211; Aldair Fagundes: 1.620 votos<br \/>\n23 &#8211; Neia do Crian\u00e7a Feliz: 1.432 votos<\/p>\n<p><img decoding=\"async\" src=\"http:\/\/aconteceunovale.com.br\/portal\/wp-content\/uploads\/2016\/10\/humberto_souto.png\" alt=\"\" \/><em>Humberto Souto \u00e9 eleito prefeito de Montes Claros (Divulga\u00e7\u00e3o)<\/em><br \/>\n<\/br><\/p>\n<p>Confira a apura\u00e7\u00e3o completa em <a href=\"http:\/\/eleicoesnobrasil.com.br\/\" target=\"_blank\">www.eleicoesnobrasil.com.br<\/a><\/p>\n","protected":false},"excerpt":{"rendered":"<p>O advogado Humberto Guimar\u00e3es Souto (PPS) est\u00e1 eleito prefeito de Montes Claros (MG). Com 100% das se\u00e7\u00f5es apuradas, ele recebeu 79.595 (54,89%) dos votos v\u00e1lidos e venceu Leninha (PT), que obteve 36.030 (25,82%). Jairo Ata\u00edde (DEM) ficou em terceiro lugar com 25.636 (18,37%) votos e Gl\u00e1ucia Eliana (PMB) em quarto com 1.271 (0,91%). Os 48.834 [&hellip;]<\/p>\n","protected":false},"author":1,"featured_media":98208,"comment_status":"open","ping_status":"closed","sticky":false,"template":"","format":"standard","meta":{"amp_status":"","footnotes":""},"categories":[79927,1236],"tags":[109048,117706,117713,112461,112462,107337,112463,107336,107342,107338,107339,107335,107341,107340,107334,107316,107325,107321,107331,112464,109046,107322,107332,117705,117715,117703,117712,107347,112465,117716,117708,107343,107315,107323,117701,117709,109047,59515,107324,112466,78864,107333,112467,107330,117886,117885,107344,107345,107346,107320,107329,117890,107318,107327,117891,210,117887,107319,107328,107317,107326,117702,117710,117707,117714,117704,117711,117888,117889],"class_list":["post-98207","post","type-post","status-publish","format-standard","has-post-thumbnail","hentry","category-eleicoes-2016-2","category-norte_de_minas","tag-aplicativo-candidaturas-2016","tag-apuracao-eleicoes-2016","tag-apuracao-eleicoes-municipais-2016","tag-candidato-a-prefeito-de-montes-claros","tag-candidato-a-prefeito-eleicoes-2016-montes-claros","tag-candidatos-a-prefeito-de","tag-candidatos-a-prefeito-de-montes-claros","tag-candidatos-a-prefeito-eleicoes-2016","tag-candidatos-a-prefeito-eleicoes-municipais-2016","tag-candidatos-a-prefeito-em","tag-candidatos-a-vereador-de","tag-candidatos-a-vereador-eleicoes-2016","tag-candidatos-a-vereador-eleicoes-municipais-2016","tag-candidatos-a-vereador-em","tag-candidatos-a-vereador-em-2016","tag-candidatos-eleicoes-2016","tag-candidatos-eleicoes-2016-minas-gerais","tag-candidatos-eleicoes-municipais-2016","tag-candidatos-eleicoes-municipais-2016-minas-gerais","tag-candidatos-em-montes-claros","tag-candidaturas-2016","tag-candidaturas-eleicoes-municipais-2016","tag-candidaturas-eleicoes-municipais-2016-minas-gerais","tag-consultar-apuracao-eleicoes-2016","tag-consultar-apuracao-eleicoes-municipais-2016","tag-consultar-resultados-das-eleicoes-2016","tag-consultar-resultados-das-eleicoes-municipais-2016","tag-consultas-sobre-candidatos-2016","tag-disputa-eleitoral-montes-claros","tag-divulgacao-apuracao-eleicoes-municipais-2016","tag-divulgacao-da-apuracao-eleicoes-2016","tag-divulgacao-de-candidaturas-2016","tag-divulgacao-de-candidaturas-eleicoes-2016","tag-divulgacao-de-candidaturas-eleicoes-2016-minas-gerais","tag-divulgacao-dos-resultados-das-eleicoes-2016","tag-divulgacao-dos-resultados-das-eleicoes-municipais-2016","tag-download-aplicativo-candidaturas-2016","tag-eleicoes-2016","tag-eleicoes-2016-minas-gerais","tag-eleicoes-2016-montes-claros","tag-eleicoes-municipais-2016","tag-eleicoes-municipais-2016-divulgacao-de-candidaturas","tag-eleicoes-municipais-2016-em-montes-claros","tag-eleicoes-municipais-2016-minas-gerais","tag-eleitos-em-montes-claros","tag-humberto-souto-e-eleito-prefeito-de-montes-claros","tag-informacoes-detalhadas-sobre-todos-os-candidatos-de-2016","tag-informacoes-sobre-todos-os-candidatos","tag-informacoes-sobre-todos-os-candidatos-de-2016","tag-lista-candidaturas-eleicoes-2016","tag-lista-candidaturas-eleicoes-2016-minas-gerais","tag-lista-de-eleitos-em-montes-claros","tag-lista-de-todos-os-candidatos-eleicoes-2016","tag-lista-de-todos-os-candidatos-eleicoes-2016-minas-gerais","tag-lista-de-vereadores-eleitos-em-montes-claros","tag-montes-claros","tag-prefeito-eleito-em-montes-claros","tag-relacao-candidaturas-eleicoes-2016","tag-relacao-candidaturas-eleicoes-2016-minas-gerais","tag-relacao-de-todos-os-candidatos-eleicoes-2016","tag-relacao-de-todos-os-candidatos-eleicoes-2016-minas-gerais","tag-resultados-das-eleicoes-2016","tag-resultados-das-eleicoes-municipais-2016","tag-ver-apuracao-eleicoes-2016","tag-ver-apuracao-eleicoes-municipais-2016","tag-ver-resultados-das-eleicoes-2016","tag-ver-resultados-das-eleicoes-municipais-2016","tag-vereador-eleito-em-montes-claros","tag-vereadores-eleitos-em-montes-claros"],"_links":{"self":[{"href":"https:\/\/aconteceunovale.com.br\/portal\/index.php?rest_route=\/wp\/v2\/posts\/98207","targetHints":{"allow":["GET"]}}],"collection":[{"href":"https:\/\/aconteceunovale.com.br\/portal\/index.php?rest_route=\/wp\/v2\/posts"}],"about":[{"href":"https:\/\/aconteceunovale.com.br\/portal\/index.php?rest_route=\/wp\/v2\/types\/post"}],"author":[{"embeddable":true,"href":"https:\/\/aconteceunovale.com.br\/portal\/index.php?rest_route=\/wp\/v2\/users\/1"}],"replies":[{"embeddable":true,"href":"https:\/\/aconteceunovale.com.br\/portal\/index.php?rest_route=%2Fwp%2Fv2%2Fcomments&post=98207"}],"version-history":[{"count":0,"href":"https:\/\/aconteceunovale.com.br\/portal\/index.php?rest_route=\/wp\/v2\/posts\/98207\/revisions"}],"wp:featuredmedia":[{"embeddable":true,"href":"https:\/\/aconteceunovale.com.br\/portal\/index.php?rest_route=\/wp\/v2\/media\/98208"}],"wp:attachment":[{"href":"https:\/\/aconteceunovale.com.br\/portal\/index.php?rest_route=%2Fwp%2Fv2%2Fmedia&parent=98207"}],"wp:term":[{"taxonomy":"category","embeddable":true,"href":"https:\/\/aconteceunovale.com.br\/portal\/index.php?rest_route=%2Fwp%2Fv2%2Fcategories&post=98207"},{"taxonomy":"post_tag","embeddable":true,"href":"https:\/\/aconteceunovale.com.br\/portal\/index.php?rest_route=%2Fwp%2Fv2%2Ftags&post=98207"}],"curies":[{"name":"wp","href":"https:\/\/api.w.org\/{rel}","templated":true}]}}