{"id":98202,"date":"2016-10-02T20:50:33","date_gmt":"2016-10-02T23:50:33","guid":{"rendered":"http:\/\/aconteceunovale.com.br\/portal\/?p=98202"},"modified":"2016-10-02T20:50:33","modified_gmt":"2016-10-02T23:50:33","slug":"laerth-vieira-e-reeleito-prefeito-de-agua-boa","status":"publish","type":"post","link":"https:\/\/aconteceunovale.com.br\/portal\/?p=98202","title":{"rendered":"Laerth Vieira \u00e9 reeleito prefeito de \u00c1gua Boa"},"content":{"rendered":"<p>O empres\u00e1rio Laerth Vieira Filho (PSB) est\u00e1 reeleito prefeito de \u00c1gua Boa (MG). Com 100% das se\u00e7\u00f5es apuradas, ele recebeu 4.395 (50,84%) dos votos v\u00e1lidos e venceu a advogada Alessandra Silvestrini Lacerda, a Dra. Alessandra do Dr. Elim\u00e1rcius (PMN), que obteve 4.249 (49,16%).<\/p>\n<p>A popula\u00e7\u00e3o de \u00c1gua Boa tamb\u00e9m escolheu onze vereadores nas elei\u00e7\u00f5es deste domingo (02\/10\/2016). Confira abaixo:<\/p>\n<p>1 &#8211; Fab\u00e3o: 581 votos<br \/>\n2 &#8211; Tiago do Pedro: 491 votos<br \/>\n3 &#8211; Ito do Z\u00e9 Biscoito: 346 votos<br \/>\n4 &#8211; Ladim do \u00d4nibus: 320 votos<br \/>\n5 &#8211; Adriano do Fac\u00e3o: 317 votos<br \/>\n6 &#8211; Elias do Toni Branco: 308 votos<br \/>\n7 &#8211; Garcia: 305 votos<br \/>\n8 &#8211; Adeilto: 292 votos<br \/>\n9 &#8211; Rafa: 280 votos<br \/>\n10 &#8211; Lenis: 279 votos<br \/>\n11 &#8211; Marquim da Zica: 204 votos<\/p>\n<p>Confira a apura\u00e7\u00e3o completa em <a href=\"http:\/\/eleicoesnobrasil.com.br\/\" target=\"_blank\">www.eleicoesnobrasil.com.br<\/a><\/p>\n","protected":false},"excerpt":{"rendered":"<p>O empres\u00e1rio Laerth Vieira Filho (PSB) est\u00e1 reeleito prefeito de \u00c1gua Boa (MG). Com 100% das se\u00e7\u00f5es apuradas, ele recebeu 4.395 (50,84%) dos votos v\u00e1lidos e venceu a advogada Alessandra Silvestrini Lacerda, a Dra. Alessandra do Dr. Elim\u00e1rcius (PMN), que obteve 4.249 (49,16%). A popula\u00e7\u00e3o de \u00c1gua Boa tamb\u00e9m escolheu onze vereadores nas elei\u00e7\u00f5es deste [&hellip;]<\/p>\n","protected":false},"author":1,"featured_media":98203,"comment_status":"open","ping_status":"closed","sticky":false,"template":"","format":"standard","meta":{"amp_status":"","footnotes":""},"categories":[79927,121],"tags":[130,109048,117706,117713,111063,111064,107337,111065,107336,107342,107338,107339,107335,107341,107340,107334,107316,107325,107321,107331,111066,109046,107322,107332,117705,117715,117703,117712,107347,111067,117716,117708,107343,107315,107323,117701,117709,109047,59515,111068,107324,78864,107333,111069,107330,117871,107344,107345,107346,117877,107320,107329,117875,107318,107327,117876,117872,107319,107328,107317,107326,117702,117710,117707,117714,117704,117711,117873,117874],"class_list":["post-98202","post","type-post","status-publish","format-standard","has-post-thumbnail","hentry","category-eleicoes-2016-2","category-leste","tag-agua-boa","tag-aplicativo-candidaturas-2016","tag-apuracao-eleicoes-2016","tag-apuracao-eleicoes-municipais-2016","tag-candidato-a-prefeito-de-agua-boa","tag-candidato-a-prefeito-eleicoes-2016-agua-boa","tag-candidatos-a-prefeito-de","tag-candidatos-a-prefeito-de-agua-boa","tag-candidatos-a-prefeito-eleicoes-2016","tag-candidatos-a-prefeito-eleicoes-municipais-2016","tag-candidatos-a-prefeito-em","tag-candidatos-a-vereador-de","tag-candidatos-a-vereador-eleicoes-2016","tag-candidatos-a-vereador-eleicoes-municipais-2016","tag-candidatos-a-vereador-em","tag-candidatos-a-vereador-em-2016","tag-candidatos-eleicoes-2016","tag-candidatos-eleicoes-2016-minas-gerais","tag-candidatos-eleicoes-municipais-2016","tag-candidatos-eleicoes-municipais-2016-minas-gerais","tag-candidatos-em-agua-boa","tag-candidaturas-2016","tag-candidaturas-eleicoes-municipais-2016","tag-candidaturas-eleicoes-municipais-2016-minas-gerais","tag-consultar-apuracao-eleicoes-2016","tag-consultar-apuracao-eleicoes-municipais-2016","tag-consultar-resultados-das-eleicoes-2016","tag-consultar-resultados-das-eleicoes-municipais-2016","tag-consultas-sobre-candidatos-2016","tag-disputa-eleitoral-agua-boa","tag-divulgacao-apuracao-eleicoes-municipais-2016","tag-divulgacao-da-apuracao-eleicoes-2016","tag-divulgacao-de-candidaturas-2016","tag-divulgacao-de-candidaturas-eleicoes-2016","tag-divulgacao-de-candidaturas-eleicoes-2016-minas-gerais","tag-divulgacao-dos-resultados-das-eleicoes-2016","tag-divulgacao-dos-resultados-das-eleicoes-municipais-2016","tag-download-aplicativo-candidaturas-2016","tag-eleicoes-2016","tag-eleicoes-2016-agua-boa","tag-eleicoes-2016-minas-gerais","tag-eleicoes-municipais-2016","tag-eleicoes-municipais-2016-divulgacao-de-candidaturas","tag-eleicoes-municipais-2016-em-agua-boa","tag-eleicoes-municipais-2016-minas-gerais","tag-eleitos-em-agua-boa","tag-informacoes-detalhadas-sobre-todos-os-candidatos-de-2016","tag-informacoes-sobre-todos-os-candidatos","tag-informacoes-sobre-todos-os-candidatos-de-2016","tag-laerth-vieira-e-reeleito-prefeito-de-agua-boa","tag-lista-candidaturas-eleicoes-2016","tag-lista-candidaturas-eleicoes-2016-minas-gerais","tag-lista-de-eleitos-em-agua-boa","tag-lista-de-todos-os-candidatos-eleicoes-2016","tag-lista-de-todos-os-candidatos-eleicoes-2016-minas-gerais","tag-lista-de-vereadores-eleitos-em-agua-boa","tag-prefeito-eleito-em-agua-boa","tag-relacao-candidaturas-eleicoes-2016","tag-relacao-candidaturas-eleicoes-2016-minas-gerais","tag-relacao-de-todos-os-candidatos-eleicoes-2016","tag-relacao-de-todos-os-candidatos-eleicoes-2016-minas-gerais","tag-resultados-das-eleicoes-2016","tag-resultados-das-eleicoes-municipais-2016","tag-ver-apuracao-eleicoes-2016","tag-ver-apuracao-eleicoes-municipais-2016","tag-ver-resultados-das-eleicoes-2016","tag-ver-resultados-das-eleicoes-municipais-2016","tag-vereador-eleito-em-agua-boa","tag-vereadores-eleitos-em-agua-boa"],"_links":{"self":[{"href":"https:\/\/aconteceunovale.com.br\/portal\/index.php?rest_route=\/wp\/v2\/posts\/98202","targetHints":{"allow":["GET"]}}],"collection":[{"href":"https:\/\/aconteceunovale.com.br\/portal\/index.php?rest_route=\/wp\/v2\/posts"}],"about":[{"href":"https:\/\/aconteceunovale.com.br\/portal\/index.php?rest_route=\/wp\/v2\/types\/post"}],"author":[{"embeddable":true,"href":"https:\/\/aconteceunovale.com.br\/portal\/index.php?rest_route=\/wp\/v2\/users\/1"}],"replies":[{"embeddable":true,"href":"https:\/\/aconteceunovale.com.br\/portal\/index.php?rest_route=%2Fwp%2Fv2%2Fcomments&post=98202"}],"version-history":[{"count":0,"href":"https:\/\/aconteceunovale.com.br\/portal\/index.php?rest_route=\/wp\/v2\/posts\/98202\/revisions"}],"wp:featuredmedia":[{"embeddable":true,"href":"https:\/\/aconteceunovale.com.br\/portal\/index.php?rest_route=\/wp\/v2\/media\/98203"}],"wp:attachment":[{"href":"https:\/\/aconteceunovale.com.br\/portal\/index.php?rest_route=%2Fwp%2Fv2%2Fmedia&parent=98202"}],"wp:term":[{"taxonomy":"category","embeddable":true,"href":"https:\/\/aconteceunovale.com.br\/portal\/index.php?rest_route=%2Fwp%2Fv2%2Fcategories&post=98202"},{"taxonomy":"post_tag","embeddable":true,"href":"https:\/\/aconteceunovale.com.br\/portal\/index.php?rest_route=%2Fwp%2Fv2%2Ftags&post=98202"}],"curies":[{"name":"wp","href":"https:\/\/api.w.org\/{rel}","templated":true}]}}