{"id":98199,"date":"2016-10-02T20:42:40","date_gmt":"2016-10-02T23:42:40","guid":{"rendered":"http:\/\/aconteceunovale.com.br\/portal\/?p=98199"},"modified":"2016-10-02T20:42:40","modified_gmt":"2016-10-02T23:42:40","slug":"wilton-da-agrologica-e-eleito-prefeito-de-malacacheta","status":"publish","type":"post","link":"https:\/\/aconteceunovale.com.br\/portal\/?p=98199","title":{"rendered":"Wilton da Agrol\u00f3gica \u00e9 eleito prefeito de Malacacheta"},"content":{"rendered":"<p>O empres\u00e1rio Wilton Pereira da Silva, o Ilton da Agrol\u00f3gica (PTN), est\u00e1 eleito prefeito de Malacacheta (MG). Com 100% das se\u00e7\u00f5es apuradas, ele recebeu 5.614 (56,25%) dos votos v\u00e1lidos e desbancou o comerciante Te\u00f3filo Barbosa Neto, o T\u00e9o Barbosa (PHS), que obteve 4.367 (36,45%).<\/p>\n<p>A popula\u00e7\u00e3o de Malacacheta tamb\u00e9m escolheu onze vereadores nas elei\u00e7\u00f5es deste domingo (02\/10\/2016). Confira abaixo:<\/p>\n<p>1 &#8211; La\u00e9rcio Catu\u00e1: 587 votos<br \/>\n2 &#8211; Russo do \u00d4nibus: 456 votos<br \/>\n3 &#8211; Caica: 454 votos<br \/>\n4 &#8211; DJ Cobra: 413 votos<br \/>\n5 &#8211; Dica do Sindicato: 402 votos<br \/>\n6 &#8211; Adilson: 398 votos<br \/>\n7 &#8211; Deliane Barbosa: 366 votos<br \/>\n8 &#8211; Denejando: 363 votos<br \/>\n9 &#8211; C\u00f3 de Jo\u00e3o Bernadino: 304 votos<br \/>\n10 &#8211; Fred: 186 votos<br \/>\n11 &#8211; Roberto da Kombi: 153 votos<\/p>\n<p>Confira a apura\u00e7\u00e3o completa em <a href=\"http:\/\/eleicoesnobrasil.com.br\/\" target=\"_blank\">www.eleicoesnobrasil.com.br<\/a><\/p>\n","protected":false},"excerpt":{"rendered":"<p>O empres\u00e1rio Wilton Pereira da Silva, o Ilton da Agrol\u00f3gica (PTN), est\u00e1 eleito prefeito de Malacacheta (MG). Com 100% das se\u00e7\u00f5es apuradas, ele recebeu 5.614 (56,25%) dos votos v\u00e1lidos e desbancou o comerciante Te\u00f3filo Barbosa Neto, o T\u00e9o Barbosa (PHS), que obteve 4.367 (36,45%). A popula\u00e7\u00e3o de Malacacheta tamb\u00e9m escolheu onze vereadores nas elei\u00e7\u00f5es deste [&hellip;]<\/p>\n","protected":false},"author":1,"featured_media":98200,"comment_status":"open","ping_status":"closed","sticky":false,"template":"","format":"standard","meta":{"amp_status":"","footnotes":""},"categories":[79927,122],"tags":[109048,117706,117713,117858,117859,107337,117860,107336,107342,107338,107339,107335,107341,107340,107334,107316,107325,107321,107331,117861,109046,107322,107332,117705,117715,117703,117712,107347,117862,117716,117708,107343,107315,107323,117701,117709,109047,59515,117863,107324,78864,107333,117864,107330,117865,107344,107345,107346,107320,107329,117869,107318,107327,117870,226,117866,107319,107328,107317,107326,117702,117710,117707,117714,117704,117711,117867,117868,117857],"class_list":["post-98199","post","type-post","status-publish","format-standard","has-post-thumbnail","hentry","category-eleicoes-2016-2","category-mucuri","tag-aplicativo-candidaturas-2016","tag-apuracao-eleicoes-2016","tag-apuracao-eleicoes-municipais-2016","tag-candidato-a-prefeito-de-malacacheta","tag-candidato-a-prefeito-eleicoes-2016-malacacheta","tag-candidatos-a-prefeito-de","tag-candidatos-a-prefeito-de-malacacheta","tag-candidatos-a-prefeito-eleicoes-2016","tag-candidatos-a-prefeito-eleicoes-municipais-2016","tag-candidatos-a-prefeito-em","tag-candidatos-a-vereador-de","tag-candidatos-a-vereador-eleicoes-2016","tag-candidatos-a-vereador-eleicoes-municipais-2016","tag-candidatos-a-vereador-em","tag-candidatos-a-vereador-em-2016","tag-candidatos-eleicoes-2016","tag-candidatos-eleicoes-2016-minas-gerais","tag-candidatos-eleicoes-municipais-2016","tag-candidatos-eleicoes-municipais-2016-minas-gerais","tag-candidatos-em-malacacheta","tag-candidaturas-2016","tag-candidaturas-eleicoes-municipais-2016","tag-candidaturas-eleicoes-municipais-2016-minas-gerais","tag-consultar-apuracao-eleicoes-2016","tag-consultar-apuracao-eleicoes-municipais-2016","tag-consultar-resultados-das-eleicoes-2016","tag-consultar-resultados-das-eleicoes-municipais-2016","tag-consultas-sobre-candidatos-2016","tag-disputa-eleitoral-malacacheta","tag-divulgacao-apuracao-eleicoes-municipais-2016","tag-divulgacao-da-apuracao-eleicoes-2016","tag-divulgacao-de-candidaturas-2016","tag-divulgacao-de-candidaturas-eleicoes-2016","tag-divulgacao-de-candidaturas-eleicoes-2016-minas-gerais","tag-divulgacao-dos-resultados-das-eleicoes-2016","tag-divulgacao-dos-resultados-das-eleicoes-municipais-2016","tag-download-aplicativo-candidaturas-2016","tag-eleicoes-2016","tag-eleicoes-2016-malacacheta","tag-eleicoes-2016-minas-gerais","tag-eleicoes-municipais-2016","tag-eleicoes-municipais-2016-divulgacao-de-candidaturas","tag-eleicoes-municipais-2016-em-malacacheta","tag-eleicoes-municipais-2016-minas-gerais","tag-eleitos-em-malacacheta","tag-informacoes-detalhadas-sobre-todos-os-candidatos-de-2016","tag-informacoes-sobre-todos-os-candidatos","tag-informacoes-sobre-todos-os-candidatos-de-2016","tag-lista-candidaturas-eleicoes-2016","tag-lista-candidaturas-eleicoes-2016-minas-gerais","tag-lista-de-eleitos-em-malacacheta","tag-lista-de-todos-os-candidatos-eleicoes-2016","tag-lista-de-todos-os-candidatos-eleicoes-2016-minas-gerais","tag-lista-de-vereadores-eleitos-em-malacacheta","tag-malacacheta","tag-prefeito-eleito-em-malacacheta","tag-relacao-candidaturas-eleicoes-2016","tag-relacao-candidaturas-eleicoes-2016-minas-gerais","tag-relacao-de-todos-os-candidatos-eleicoes-2016","tag-relacao-de-todos-os-candidatos-eleicoes-2016-minas-gerais","tag-resultados-das-eleicoes-2016","tag-resultados-das-eleicoes-municipais-2016","tag-ver-apuracao-eleicoes-2016","tag-ver-apuracao-eleicoes-municipais-2016","tag-ver-resultados-das-eleicoes-2016","tag-ver-resultados-das-eleicoes-municipais-2016","tag-vereador-eleito-em-malacacheta","tag-vereadores-eleitos-em-malacacheta","tag-wilton-da-agrologica-e-eleito-prefeito-de-malacacheta"],"_links":{"self":[{"href":"https:\/\/aconteceunovale.com.br\/portal\/index.php?rest_route=\/wp\/v2\/posts\/98199","targetHints":{"allow":["GET"]}}],"collection":[{"href":"https:\/\/aconteceunovale.com.br\/portal\/index.php?rest_route=\/wp\/v2\/posts"}],"about":[{"href":"https:\/\/aconteceunovale.com.br\/portal\/index.php?rest_route=\/wp\/v2\/types\/post"}],"author":[{"embeddable":true,"href":"https:\/\/aconteceunovale.com.br\/portal\/index.php?rest_route=\/wp\/v2\/users\/1"}],"replies":[{"embeddable":true,"href":"https:\/\/aconteceunovale.com.br\/portal\/index.php?rest_route=%2Fwp%2Fv2%2Fcomments&post=98199"}],"version-history":[{"count":0,"href":"https:\/\/aconteceunovale.com.br\/portal\/index.php?rest_route=\/wp\/v2\/posts\/98199\/revisions"}],"wp:featuredmedia":[{"embeddable":true,"href":"https:\/\/aconteceunovale.com.br\/portal\/index.php?rest_route=\/wp\/v2\/media\/98200"}],"wp:attachment":[{"href":"https:\/\/aconteceunovale.com.br\/portal\/index.php?rest_route=%2Fwp%2Fv2%2Fmedia&parent=98199"}],"wp:term":[{"taxonomy":"category","embeddable":true,"href":"https:\/\/aconteceunovale.com.br\/portal\/index.php?rest_route=%2Fwp%2Fv2%2Fcategories&post=98199"},{"taxonomy":"post_tag","embeddable":true,"href":"https:\/\/aconteceunovale.com.br\/portal\/index.php?rest_route=%2Fwp%2Fv2%2Ftags&post=98199"}],"curies":[{"name":"wp","href":"https:\/\/api.w.org\/{rel}","templated":true}]}}