{"id":98193,"date":"2016-10-02T20:22:31","date_gmt":"2016-10-02T23:22:31","guid":{"rendered":"http:\/\/aconteceunovale.com.br\/portal\/?p=98193"},"modified":"2016-10-02T20:22:31","modified_gmt":"2016-10-02T23:22:31","slug":"luiz-fernando-e-eleito-prefeito-de-itamarandiba","status":"publish","type":"post","link":"https:\/\/aconteceunovale.com.br\/portal\/?p=98193","title":{"rendered":"Luiz Fernando \u00e9 eleito prefeito de Itamarandiba"},"content":{"rendered":"<p>O advogado Luiz Fernando Alves (PT do B) est\u00e1 eleito prefeito de Itamarandiba (MG). Com 100% das se\u00e7\u00f5es apuradas, ele recebeu 6.850 (37,67%) dos votos v\u00e1lidos e venceu Afonso Gandra (PP), que obteve 5.770 (31,73%). O ex-prefeito Tom Costa (PR) ficou em terceiro lugar com 4.883 (26,85%) votos, Luiz Ant\u00f4nio do Hospital (PRB) em quarto com 648 (3,56%) e Itamar Lopes Alves (PMDB) em quinto 35 (0,19%).<\/p>\n<p>A popula\u00e7\u00e3o de Itamarandiba tamb\u00e9m escolheu treze vereadores nas elei\u00e7\u00f5es deste domingo (02\/10\/2016). Confira abaixo:<\/p>\n<p>1 &#8211; Valdir Pedreiro: 926 votos<br \/>\n2 &#8211; Douglas Gandra: 676 votos<br \/>\n3 &#8211; Delei do Contrato: 601 votos<br \/>\n4 &#8211; Ciderley do Celular: 501 votos<br \/>\n5 &#8211; Mauro do \u00d4nibus: 472 votos<br \/>\n6 &#8211; Marcinho do Valt\u00e3o: 465 votos<br \/>\n7 &#8211; Eduardo Moreira: 453 votos<br \/>\n8 &#8211; Lourdes do Hospital: 423 votos<br \/>\n9 &#8211; Marlene Moreira: 409 votos<br \/>\n10 &#8211; Vicentinho Mec\u00e2nico: 369 votos<br \/>\n11 &#8211; Heli Nunes: 321 votos<br \/>\n12 &#8211; Ney Barrela: 313 votos<br \/>\n13 &#8211; Juvenal Pedreiro: 268 votos<\/p>\n<p>Confira a apura\u00e7\u00e3o completa em <a href=\"http:\/\/eleicoesnobrasil.com.br\/\" target=\"_blank\">www.eleicoesnobrasil.com.br<\/a><\/p>\n","protected":false},"excerpt":{"rendered":"<p>O advogado Luiz Fernando Alves (PT do B) est\u00e1 eleito prefeito de Itamarandiba (MG). Com 100% das se\u00e7\u00f5es apuradas, ele recebeu 6.850 (37,67%) dos votos v\u00e1lidos e venceu Afonso Gandra (PP), que obteve 5.770 (31,73%). O ex-prefeito Tom Costa (PR) ficou em terceiro lugar com 4.883 (26,85%) votos, Luiz Ant\u00f4nio do Hospital (PRB) em quarto [&hellip;]<\/p>\n","protected":false},"author":1,"featured_media":98194,"comment_status":"open","ping_status":"closed","sticky":false,"template":"","format":"standard","meta":{"amp_status":"","footnotes":""},"categories":[79927,120],"tags":[109048,117706,117713,110321,110323,107337,110322,107336,107342,107338,107339,107335,107341,107340,107334,107316,107325,107321,107331,110324,109046,107322,107332,117705,117715,117703,117712,107347,110325,117716,117708,107343,107315,107323,117701,117709,109047,59515,110326,107324,78864,107333,110327,107330,117837,107344,107345,107346,149,107320,107329,117841,107318,107327,117842,117836,117838,107319,107328,107317,107326,117702,117710,117707,117714,117704,117711,117839,117840],"class_list":["post-98193","post","type-post","status-publish","format-standard","has-post-thumbnail","hentry","category-eleicoes-2016-2","category-jequi","tag-aplicativo-candidaturas-2016","tag-apuracao-eleicoes-2016","tag-apuracao-eleicoes-municipais-2016","tag-candidato-a-prefeito-de-itamarandiba","tag-candidato-a-prefeito-eleicoes-2016-itamarandiba","tag-candidatos-a-prefeito-de","tag-candidatos-a-prefeito-de-itamarandiba","tag-candidatos-a-prefeito-eleicoes-2016","tag-candidatos-a-prefeito-eleicoes-municipais-2016","tag-candidatos-a-prefeito-em","tag-candidatos-a-vereador-de","tag-candidatos-a-vereador-eleicoes-2016","tag-candidatos-a-vereador-eleicoes-municipais-2016","tag-candidatos-a-vereador-em","tag-candidatos-a-vereador-em-2016","tag-candidatos-eleicoes-2016","tag-candidatos-eleicoes-2016-minas-gerais","tag-candidatos-eleicoes-municipais-2016","tag-candidatos-eleicoes-municipais-2016-minas-gerais","tag-candidatos-em-itamarandiba","tag-candidaturas-2016","tag-candidaturas-eleicoes-municipais-2016","tag-candidaturas-eleicoes-municipais-2016-minas-gerais","tag-consultar-apuracao-eleicoes-2016","tag-consultar-apuracao-eleicoes-municipais-2016","tag-consultar-resultados-das-eleicoes-2016","tag-consultar-resultados-das-eleicoes-municipais-2016","tag-consultas-sobre-candidatos-2016","tag-disputa-eleitoral-itamarandiba","tag-divulgacao-apuracao-eleicoes-municipais-2016","tag-divulgacao-da-apuracao-eleicoes-2016","tag-divulgacao-de-candidaturas-2016","tag-divulgacao-de-candidaturas-eleicoes-2016","tag-divulgacao-de-candidaturas-eleicoes-2016-minas-gerais","tag-divulgacao-dos-resultados-das-eleicoes-2016","tag-divulgacao-dos-resultados-das-eleicoes-municipais-2016","tag-download-aplicativo-candidaturas-2016","tag-eleicoes-2016","tag-eleicoes-2016-itamarandiba","tag-eleicoes-2016-minas-gerais","tag-eleicoes-municipais-2016","tag-eleicoes-municipais-2016-divulgacao-de-candidaturas","tag-eleicoes-municipais-2016-em-itamarandiba","tag-eleicoes-municipais-2016-minas-gerais","tag-eleitos-em-itamarandiba","tag-informacoes-detalhadas-sobre-todos-os-candidatos-de-2016","tag-informacoes-sobre-todos-os-candidatos","tag-informacoes-sobre-todos-os-candidatos-de-2016","tag-itamarandiba","tag-lista-candidaturas-eleicoes-2016","tag-lista-candidaturas-eleicoes-2016-minas-gerais","tag-lista-de-eleitos-em-itamarandiba","tag-lista-de-todos-os-candidatos-eleicoes-2016","tag-lista-de-todos-os-candidatos-eleicoes-2016-minas-gerais","tag-lista-de-vereadores-eleitos-em-itamarandiba","tag-luiz-fernando-e-eleito-prefeito-de-itamarandiba","tag-prefeito-eleito-em-itamarandiba","tag-relacao-candidaturas-eleicoes-2016","tag-relacao-candidaturas-eleicoes-2016-minas-gerais","tag-relacao-de-todos-os-candidatos-eleicoes-2016","tag-relacao-de-todos-os-candidatos-eleicoes-2016-minas-gerais","tag-resultados-das-eleicoes-2016","tag-resultados-das-eleicoes-municipais-2016","tag-ver-apuracao-eleicoes-2016","tag-ver-apuracao-eleicoes-municipais-2016","tag-ver-resultados-das-eleicoes-2016","tag-ver-resultados-das-eleicoes-municipais-2016","tag-vereador-eleito-em-itamarandiba","tag-vereadores-eleitos-em-itamarandiba"],"_links":{"self":[{"href":"https:\/\/aconteceunovale.com.br\/portal\/index.php?rest_route=\/wp\/v2\/posts\/98193","targetHints":{"allow":["GET"]}}],"collection":[{"href":"https:\/\/aconteceunovale.com.br\/portal\/index.php?rest_route=\/wp\/v2\/posts"}],"about":[{"href":"https:\/\/aconteceunovale.com.br\/portal\/index.php?rest_route=\/wp\/v2\/types\/post"}],"author":[{"embeddable":true,"href":"https:\/\/aconteceunovale.com.br\/portal\/index.php?rest_route=\/wp\/v2\/users\/1"}],"replies":[{"embeddable":true,"href":"https:\/\/aconteceunovale.com.br\/portal\/index.php?rest_route=%2Fwp%2Fv2%2Fcomments&post=98193"}],"version-history":[{"count":0,"href":"https:\/\/aconteceunovale.com.br\/portal\/index.php?rest_route=\/wp\/v2\/posts\/98193\/revisions"}],"wp:featuredmedia":[{"embeddable":true,"href":"https:\/\/aconteceunovale.com.br\/portal\/index.php?rest_route=\/wp\/v2\/media\/98194"}],"wp:attachment":[{"href":"https:\/\/aconteceunovale.com.br\/portal\/index.php?rest_route=%2Fwp%2Fv2%2Fmedia&parent=98193"}],"wp:term":[{"taxonomy":"category","embeddable":true,"href":"https:\/\/aconteceunovale.com.br\/portal\/index.php?rest_route=%2Fwp%2Fv2%2Fcategories&post=98193"},{"taxonomy":"post_tag","embeddable":true,"href":"https:\/\/aconteceunovale.com.br\/portal\/index.php?rest_route=%2Fwp%2Fv2%2Ftags&post=98193"}],"curies":[{"name":"wp","href":"https:\/\/api.w.org\/{rel}","templated":true}]}}