{"id":98190,"date":"2016-10-02T20:12:51","date_gmt":"2016-10-02T23:12:51","guid":{"rendered":"http:\/\/aconteceunovale.com.br\/portal\/?p=98190"},"modified":"2016-10-02T20:12:51","modified_gmt":"2016-10-02T23:12:51","slug":"juscelino-roque-e-eleito-prefeito-de-diamantina","status":"publish","type":"post","link":"https:\/\/aconteceunovale.com.br\/portal\/?p=98190","title":{"rendered":"Juscelino Roque \u00e9 eleito prefeito de Diamantina"},"content":{"rendered":"<p>O empres\u00e1rio Juscelino Brasiliano Roque (PMDB) est\u00e1 eleito prefeito de Diamantina (MG). Com 100% das se\u00e7\u00f5es apuradas, ele recebeu 8.800 (35,21%) dos votos v\u00e1lidos e venceu Luiz Henrique (PSDB), que obteve 7.901 (31,61%). Maur\u00edcio Maia (Solidariedade) ficou em terceiro lugar com 5.437 (21,75%) votos e Fernando Santos (PEN) em quarto com 2.854 (11,42%).<\/p>\n<p>A popula\u00e7\u00e3o de Diamantina tamb\u00e9m escolheu treze vereadores nas elei\u00e7\u00f5es deste domingo (02\/10\/2016). Confira abaixo:<\/p>\n<p>1 &#8211; Toninho do Guinda: 889 votos<br \/>\n2 &#8211; Lourival: 582 votos<br \/>\n3 &#8211; Valdir Mec\u00e2nico &#8220;Didi&#8221;: 580 votos<br \/>\n4 &#8211; Kim da Mercearia: 552 votos<br \/>\n5 &#8211; Gilson Batista: 543 votos<br \/>\n6 &#8211; Marcos Fonseca: 495 votos<br \/>\n7 &#8211; Edivan de Maria Nunes: 461 votos<br \/>\n8 &#8211; Evaldo do Pinheiro: 459 votos<br \/>\n9 &#8211; Tarc\u00edsio: 449 votos<br \/>\n10 &#8211; Toco do Inha\u00ed: 422 votos<br \/>\n11 &#8211; Diego Porto: 408 votos<br \/>\n12 &#8211; F\u00e1 da Lan House: 399 votos<br \/>\n13 &#8211; Joariza: 321 votos<\/p>\n<p>Confira a apura\u00e7\u00e3o completa em <a href=\"http:\/\/eleicoesnobrasil.com.br\/\" target=\"_blank\">www.eleicoesnobrasil.com.br<\/a><\/p>\n","protected":false},"excerpt":{"rendered":"<p>O empres\u00e1rio Juscelino Brasiliano Roque (PMDB) est\u00e1 eleito prefeito de Diamantina (MG). Com 100% das se\u00e7\u00f5es apuradas, ele recebeu 8.800 (35,21%) dos votos v\u00e1lidos e venceu Luiz Henrique (PSDB), que obteve 7.901 (31,61%). Maur\u00edcio Maia (Solidariedade) ficou em terceiro lugar com 5.437 (21,75%) votos e Fernando Santos (PEN) em quarto com 2.854 (11,42%). A popula\u00e7\u00e3o [&hellip;]<\/p>\n","protected":false},"author":1,"featured_media":98191,"comment_status":"open","ping_status":"closed","sticky":false,"template":"","format":"standard","meta":{"amp_status":"","footnotes":""},"categories":[79927,120],"tags":[109048,117706,117713,110337,110339,107337,110338,107336,107342,107338,107339,107335,107341,107340,107334,107316,107325,107321,107331,110340,109046,107322,107332,117705,117715,117703,117712,107347,198,110341,117716,117708,107343,107315,107323,117701,117709,109047,59515,110342,107324,78864,107333,110343,107330,117830,107344,107345,107346,117829,107320,107329,117834,107318,107327,117835,117831,107319,107328,107317,107326,117702,117710,117707,117714,117704,117711,117832,117833],"class_list":["post-98190","post","type-post","status-publish","format-standard","has-post-thumbnail","hentry","category-eleicoes-2016-2","category-jequi","tag-aplicativo-candidaturas-2016","tag-apuracao-eleicoes-2016","tag-apuracao-eleicoes-municipais-2016","tag-candidato-a-prefeito-de-diamantina","tag-candidato-a-prefeito-eleicoes-2016-diamantina","tag-candidatos-a-prefeito-de","tag-candidatos-a-prefeito-de-diamantina","tag-candidatos-a-prefeito-eleicoes-2016","tag-candidatos-a-prefeito-eleicoes-municipais-2016","tag-candidatos-a-prefeito-em","tag-candidatos-a-vereador-de","tag-candidatos-a-vereador-eleicoes-2016","tag-candidatos-a-vereador-eleicoes-municipais-2016","tag-candidatos-a-vereador-em","tag-candidatos-a-vereador-em-2016","tag-candidatos-eleicoes-2016","tag-candidatos-eleicoes-2016-minas-gerais","tag-candidatos-eleicoes-municipais-2016","tag-candidatos-eleicoes-municipais-2016-minas-gerais","tag-candidatos-em-diamantina","tag-candidaturas-2016","tag-candidaturas-eleicoes-municipais-2016","tag-candidaturas-eleicoes-municipais-2016-minas-gerais","tag-consultar-apuracao-eleicoes-2016","tag-consultar-apuracao-eleicoes-municipais-2016","tag-consultar-resultados-das-eleicoes-2016","tag-consultar-resultados-das-eleicoes-municipais-2016","tag-consultas-sobre-candidatos-2016","tag-diamantina","tag-disputa-eleitoral-diamantina","tag-divulgacao-apuracao-eleicoes-municipais-2016","tag-divulgacao-da-apuracao-eleicoes-2016","tag-divulgacao-de-candidaturas-2016","tag-divulgacao-de-candidaturas-eleicoes-2016","tag-divulgacao-de-candidaturas-eleicoes-2016-minas-gerais","tag-divulgacao-dos-resultados-das-eleicoes-2016","tag-divulgacao-dos-resultados-das-eleicoes-municipais-2016","tag-download-aplicativo-candidaturas-2016","tag-eleicoes-2016","tag-eleicoes-2016-diamantina","tag-eleicoes-2016-minas-gerais","tag-eleicoes-municipais-2016","tag-eleicoes-municipais-2016-divulgacao-de-candidaturas","tag-eleicoes-municipais-2016-em-diamantina","tag-eleicoes-municipais-2016-minas-gerais","tag-eleitos-em-diamantina","tag-informacoes-detalhadas-sobre-todos-os-candidatos-de-2016","tag-informacoes-sobre-todos-os-candidatos","tag-informacoes-sobre-todos-os-candidatos-de-2016","tag-juscelino-roque-e-eleito-prefeito-de-diamantina","tag-lista-candidaturas-eleicoes-2016","tag-lista-candidaturas-eleicoes-2016-minas-gerais","tag-lista-de-eleitos-em-diamantina","tag-lista-de-todos-os-candidatos-eleicoes-2016","tag-lista-de-todos-os-candidatos-eleicoes-2016-minas-gerais","tag-lista-de-vereadores-eleitos-em-diamantina","tag-prefeito-eleito-em-diamantina","tag-relacao-candidaturas-eleicoes-2016","tag-relacao-candidaturas-eleicoes-2016-minas-gerais","tag-relacao-de-todos-os-candidatos-eleicoes-2016","tag-relacao-de-todos-os-candidatos-eleicoes-2016-minas-gerais","tag-resultados-das-eleicoes-2016","tag-resultados-das-eleicoes-municipais-2016","tag-ver-apuracao-eleicoes-2016","tag-ver-apuracao-eleicoes-municipais-2016","tag-ver-resultados-das-eleicoes-2016","tag-ver-resultados-das-eleicoes-municipais-2016","tag-vereador-eleito-em-diamantina","tag-vereadores-eleitos-em-diamantina"],"_links":{"self":[{"href":"https:\/\/aconteceunovale.com.br\/portal\/index.php?rest_route=\/wp\/v2\/posts\/98190","targetHints":{"allow":["GET"]}}],"collection":[{"href":"https:\/\/aconteceunovale.com.br\/portal\/index.php?rest_route=\/wp\/v2\/posts"}],"about":[{"href":"https:\/\/aconteceunovale.com.br\/portal\/index.php?rest_route=\/wp\/v2\/types\/post"}],"author":[{"embeddable":true,"href":"https:\/\/aconteceunovale.com.br\/portal\/index.php?rest_route=\/wp\/v2\/users\/1"}],"replies":[{"embeddable":true,"href":"https:\/\/aconteceunovale.com.br\/portal\/index.php?rest_route=%2Fwp%2Fv2%2Fcomments&post=98190"}],"version-history":[{"count":0,"href":"https:\/\/aconteceunovale.com.br\/portal\/index.php?rest_route=\/wp\/v2\/posts\/98190\/revisions"}],"wp:featuredmedia":[{"embeddable":true,"href":"https:\/\/aconteceunovale.com.br\/portal\/index.php?rest_route=\/wp\/v2\/media\/98191"}],"wp:attachment":[{"href":"https:\/\/aconteceunovale.com.br\/portal\/index.php?rest_route=%2Fwp%2Fv2%2Fmedia&parent=98190"}],"wp:term":[{"taxonomy":"category","embeddable":true,"href":"https:\/\/aconteceunovale.com.br\/portal\/index.php?rest_route=%2Fwp%2Fv2%2Fcategories&post=98190"},{"taxonomy":"post_tag","embeddable":true,"href":"https:\/\/aconteceunovale.com.br\/portal\/index.php?rest_route=%2Fwp%2Fv2%2Ftags&post=98190"}],"curies":[{"name":"wp","href":"https:\/\/api.w.org\/{rel}","templated":true}]}}