{"id":98180,"date":"2016-10-02T19:43:35","date_gmt":"2016-10-02T22:43:35","guid":{"rendered":"http:\/\/aconteceunovale.com.br\/portal\/?p=98180"},"modified":"2016-10-02T19:43:35","modified_gmt":"2016-10-02T22:43:35","slug":"carlinhos-barbosa-e-eleito-prefeito-de-turmalina","status":"publish","type":"post","link":"https:\/\/aconteceunovale.com.br\/portal\/?p=98180","title":{"rendered":"Carlinhos Barbosa \u00e9 eleito prefeito de Turmalina"},"content":{"rendered":"<p>Carlinhos Barbosa Xavier, o Carlinhos Barbosa (PTB), est\u00e1 eleito prefeito de Turmalina (MG). Com 100% das se\u00e7\u00f5es apuradas, ele recebeu 5.614 (49,37%) dos votos v\u00e1lidos e venceu o atual chefe do Executivo municipal, Zilmar Lopes (PHS), que obteve 5.497 (48,34%). Lena do Birosca (PMDB) ficou em terceiro lugar com 260 (2,29%) votos.<\/p>\n<p>A popula\u00e7\u00e3o de Turmalina tamb\u00e9m escolheu onze vereadores nas elei\u00e7\u00f5es deste domingo (02\/10\/2016). Confira abaixo:<\/p>\n<p>1 &#8211; Beto da Canuta: 941 votos<br \/>\n2 &#8211; Belo: 551 votos<br \/>\n3 &#8211; Warlen da Mercearia: 545 votos<br \/>\n4 &#8211; Geraldinho: 532 votos<br \/>\n5 &#8211; Tibinha: 477 votos<br \/>\n6 &#8211; Petr\u00f4nio: 458 votos<br \/>\n7 &#8211; Osmano da Patrol: 366 votos<br \/>\n8 &#8211; Leninha do Carlim: 347 votos<br \/>\n9 &#8211; Jos\u00e9 Geraldo Rocha: 328 votos<br \/>\n10 &#8211; Edinho: 296 votos<br \/>\n11 &#8211; Noraldino Gon\u00e7alves: 263 votos<\/p>\n<p>Confira a apura\u00e7\u00e3o completa em <a href=\"http:\/\/eleicoesnobrasil.com.br\/\" target=\"_blank\">www.eleicoesnobrasil.com.br<\/a><\/p>\n","protected":false},"excerpt":{"rendered":"<p>Carlinhos Barbosa Xavier, o Carlinhos Barbosa (PTB), est\u00e1 eleito prefeito de Turmalina (MG). Com 100% das se\u00e7\u00f5es apuradas, ele recebeu 5.614 (49,37%) dos votos v\u00e1lidos e venceu o atual chefe do Executivo municipal, Zilmar Lopes (PHS), que obteve 5.497 (48,34%). Lena do Birosca (PMDB) ficou em terceiro lugar com 260 (2,29%) votos. A popula\u00e7\u00e3o de [&hellip;]<\/p>\n","protected":false},"author":1,"featured_media":98181,"comment_status":"open","ping_status":"closed","sticky":false,"template":"","format":"standard","meta":{"amp_status":"","footnotes":""},"categories":[79927,120],"tags":[109048,117706,117713,110837,110838,107337,110839,107336,107342,107338,107339,107335,107341,107340,107334,107316,107325,107321,107331,110840,109046,107322,107332,117801,117705,117715,117703,117712,107347,110841,117716,117708,107343,107315,107323,117701,117709,109047,59515,107324,110842,78864,107333,110843,107330,117802,107344,107345,107346,107320,107329,117806,107318,107327,117807,117803,107319,107328,107317,107326,117702,117710,178,117707,117714,117704,117711,117804,117805],"class_list":["post-98180","post","type-post","status-publish","format-standard","has-post-thumbnail","hentry","category-eleicoes-2016-2","category-jequi","tag-aplicativo-candidaturas-2016","tag-apuracao-eleicoes-2016","tag-apuracao-eleicoes-municipais-2016","tag-candidato-a-prefeito-de-turmalina","tag-candidato-a-prefeito-eleicoes-2016-turmalina","tag-candidatos-a-prefeito-de","tag-candidatos-a-prefeito-de-turmalina","tag-candidatos-a-prefeito-eleicoes-2016","tag-candidatos-a-prefeito-eleicoes-municipais-2016","tag-candidatos-a-prefeito-em","tag-candidatos-a-vereador-de","tag-candidatos-a-vereador-eleicoes-2016","tag-candidatos-a-vereador-eleicoes-municipais-2016","tag-candidatos-a-vereador-em","tag-candidatos-a-vereador-em-2016","tag-candidatos-eleicoes-2016","tag-candidatos-eleicoes-2016-minas-gerais","tag-candidatos-eleicoes-municipais-2016","tag-candidatos-eleicoes-municipais-2016-minas-gerais","tag-candidatos-em-turmalina","tag-candidaturas-2016","tag-candidaturas-eleicoes-municipais-2016","tag-candidaturas-eleicoes-municipais-2016-minas-gerais","tag-carlinhos-barbosa-e-eleito-prefeito-de-turmalina","tag-consultar-apuracao-eleicoes-2016","tag-consultar-apuracao-eleicoes-municipais-2016","tag-consultar-resultados-das-eleicoes-2016","tag-consultar-resultados-das-eleicoes-municipais-2016","tag-consultas-sobre-candidatos-2016","tag-disputa-eleitoral-turmalina","tag-divulgacao-apuracao-eleicoes-municipais-2016","tag-divulgacao-da-apuracao-eleicoes-2016","tag-divulgacao-de-candidaturas-2016","tag-divulgacao-de-candidaturas-eleicoes-2016","tag-divulgacao-de-candidaturas-eleicoes-2016-minas-gerais","tag-divulgacao-dos-resultados-das-eleicoes-2016","tag-divulgacao-dos-resultados-das-eleicoes-municipais-2016","tag-download-aplicativo-candidaturas-2016","tag-eleicoes-2016","tag-eleicoes-2016-minas-gerais","tag-eleicoes-2016-turmalina","tag-eleicoes-municipais-2016","tag-eleicoes-municipais-2016-divulgacao-de-candidaturas","tag-eleicoes-municipais-2016-em-turmalina","tag-eleicoes-municipais-2016-minas-gerais","tag-eleitos-em-turmalina","tag-informacoes-detalhadas-sobre-todos-os-candidatos-de-2016","tag-informacoes-sobre-todos-os-candidatos","tag-informacoes-sobre-todos-os-candidatos-de-2016","tag-lista-candidaturas-eleicoes-2016","tag-lista-candidaturas-eleicoes-2016-minas-gerais","tag-lista-de-eleitos-em-turmalina","tag-lista-de-todos-os-candidatos-eleicoes-2016","tag-lista-de-todos-os-candidatos-eleicoes-2016-minas-gerais","tag-lista-de-vereadores-eleitos-em-turmalina","tag-prefeito-eleito-em-turmalina","tag-relacao-candidaturas-eleicoes-2016","tag-relacao-candidaturas-eleicoes-2016-minas-gerais","tag-relacao-de-todos-os-candidatos-eleicoes-2016","tag-relacao-de-todos-os-candidatos-eleicoes-2016-minas-gerais","tag-resultados-das-eleicoes-2016","tag-resultados-das-eleicoes-municipais-2016","tag-turmalina","tag-ver-apuracao-eleicoes-2016","tag-ver-apuracao-eleicoes-municipais-2016","tag-ver-resultados-das-eleicoes-2016","tag-ver-resultados-das-eleicoes-municipais-2016","tag-vereador-eleito-em-turmalina","tag-vereadores-eleitos-em-turmalina"],"_links":{"self":[{"href":"https:\/\/aconteceunovale.com.br\/portal\/index.php?rest_route=\/wp\/v2\/posts\/98180","targetHints":{"allow":["GET"]}}],"collection":[{"href":"https:\/\/aconteceunovale.com.br\/portal\/index.php?rest_route=\/wp\/v2\/posts"}],"about":[{"href":"https:\/\/aconteceunovale.com.br\/portal\/index.php?rest_route=\/wp\/v2\/types\/post"}],"author":[{"embeddable":true,"href":"https:\/\/aconteceunovale.com.br\/portal\/index.php?rest_route=\/wp\/v2\/users\/1"}],"replies":[{"embeddable":true,"href":"https:\/\/aconteceunovale.com.br\/portal\/index.php?rest_route=%2Fwp%2Fv2%2Fcomments&post=98180"}],"version-history":[{"count":0,"href":"https:\/\/aconteceunovale.com.br\/portal\/index.php?rest_route=\/wp\/v2\/posts\/98180\/revisions"}],"wp:featuredmedia":[{"embeddable":true,"href":"https:\/\/aconteceunovale.com.br\/portal\/index.php?rest_route=\/wp\/v2\/media\/98181"}],"wp:attachment":[{"href":"https:\/\/aconteceunovale.com.br\/portal\/index.php?rest_route=%2Fwp%2Fv2%2Fmedia&parent=98180"}],"wp:term":[{"taxonomy":"category","embeddable":true,"href":"https:\/\/aconteceunovale.com.br\/portal\/index.php?rest_route=%2Fwp%2Fv2%2Fcategories&post=98180"},{"taxonomy":"post_tag","embeddable":true,"href":"https:\/\/aconteceunovale.com.br\/portal\/index.php?rest_route=%2Fwp%2Fv2%2Ftags&post=98180"}],"curies":[{"name":"wp","href":"https:\/\/api.w.org\/{rel}","templated":true}]}}