{"id":98165,"date":"2016-10-02T11:42:40","date_gmt":"2016-10-02T14:42:40","guid":{"rendered":"http:\/\/aconteceunovale.com.br\/portal\/?p=98165"},"modified":"2016-10-02T11:42:40","modified_gmt":"2016-10-02T14:42:40","slug":"homem-e-preso-por-fazer-boca-de-urna-em-ipanema-no-vale-do-rio-doce","status":"publish","type":"post","link":"https:\/\/aconteceunovale.com.br\/portal\/?p=98165","title":{"rendered":"Homem \u00e9 preso por fazer boca de urna em Ipanema, no Vale do Rio Doce"},"content":{"rendered":"<p>Um homem de 52 anos foi preso na manh\u00e3 deste domingo, 02 de outubro de 2016, por fazer boca de urna na Rua Edwaldo Miranda, Centro de Ipanema, no Vale do Rio Doce. De acordo com a Pol\u00edcia Militar (PM), uma mulher de 34 anos flagrou R.S.C entregando santinho de um candidato a vereador e acionou a corpora\u00e7\u00e3o.<\/p>\n<p>Militares se deslocaram at\u00e9 o local informado pela denunciante e durante busca no suspeito, encontraram 89 santinhos de um candidato a vereador pela coliga\u00e7\u00e3o &#8220;Ipanema quer mais e n\u00f3s podemos fazer&#8221; e um papelote de coca\u00edna. O homem foi preso em flagrante e conduzido \u00e0 Delegacia para demais provid\u00eancias.<\/p>\n<p><strong>Pris\u00e3o em flagrante no dia da elei\u00e7\u00e3o<\/strong><\/p>\n<p>O eleitor poder\u00e1 ser preso em flagrante delito se arregimentar outros eleitores ou fizer propaganda de boca de urna no dia da elei\u00e7\u00e3o. Tamb\u00e9m constitui crime usar alto-falante e amplificador de som, promover com\u00edcio ou carreata e divulgar qualquer esp\u00e9cie de propaganda de partido pol\u00edtico ou candidato.<\/p>\n<p>O eleitor que for flagrado praticando tais crimes ser\u00e1 punido com deten\u00e7\u00e3o de seis meses a um ano, com a alternativa de presta\u00e7\u00e3o de servi\u00e7os \u00e0 comunidade pelo mesmo per\u00edodo, e multa no valor de 5 mil a 15 mil UFIR.<\/p>\n","protected":false},"excerpt":{"rendered":"<p>Um homem de 52 anos foi preso na manh\u00e3 deste domingo, 02 de outubro de 2016, por fazer boca de urna na Rua Edwaldo Miranda, Centro de Ipanema, no Vale do Rio Doce. De acordo com a Pol\u00edcia Militar (PM), uma mulher de 34 anos flagrou R.S.C entregando santinho de um candidato a vereador e [&hellip;]<\/p>\n","protected":false},"author":1,"featured_media":92935,"comment_status":"open","ping_status":"closed","sticky":false,"template":"","format":"standard","meta":{"amp_status":"","footnotes":""},"categories":[79927,121],"tags":[109048,117773,107337,107336,107342,107338,107339,107335,107341,107340,107334,107316,107325,107321,107331,109046,107322,107332,107347,107343,107315,107323,109047,59515,107324,78864,107333,107330,117771,107344,107345,107346,1732,107320,107329,107318,107327,117774,117772,117776,117775,107319,107328,107317,107326,117777],"class_list":["post-98165","post","type-post","status-publish","format-standard","has-post-thumbnail","hentry","category-eleicoes-2016-2","category-leste","tag-aplicativo-candidaturas-2016","tag-boca-de-urna-em-ipanema","tag-candidatos-a-prefeito-de","tag-candidatos-a-prefeito-eleicoes-2016","tag-candidatos-a-prefeito-eleicoes-municipais-2016","tag-candidatos-a-prefeito-em","tag-candidatos-a-vereador-de","tag-candidatos-a-vereador-eleicoes-2016","tag-candidatos-a-vereador-eleicoes-municipais-2016","tag-candidatos-a-vereador-em","tag-candidatos-a-vereador-em-2016","tag-candidatos-eleicoes-2016","tag-candidatos-eleicoes-2016-minas-gerais","tag-candidatos-eleicoes-municipais-2016","tag-candidatos-eleicoes-municipais-2016-minas-gerais","tag-candidaturas-2016","tag-candidaturas-eleicoes-municipais-2016","tag-candidaturas-eleicoes-municipais-2016-minas-gerais","tag-consultas-sobre-candidatos-2016","tag-divulgacao-de-candidaturas-2016","tag-divulgacao-de-candidaturas-eleicoes-2016","tag-divulgacao-de-candidaturas-eleicoes-2016-minas-gerais","tag-download-aplicativo-candidaturas-2016","tag-eleicoes-2016","tag-eleicoes-2016-minas-gerais","tag-eleicoes-municipais-2016","tag-eleicoes-municipais-2016-divulgacao-de-candidaturas","tag-eleicoes-municipais-2016-minas-gerais","tag-homem-e-preso-por-fazer-boca-de-urna-em-ipanema","tag-informacoes-detalhadas-sobre-todos-os-candidatos-de-2016","tag-informacoes-sobre-todos-os-candidatos","tag-informacoes-sobre-todos-os-candidatos-de-2016","tag-ipanema","tag-lista-candidaturas-eleicoes-2016","tag-lista-candidaturas-eleicoes-2016-minas-gerais","tag-lista-de-todos-os-candidatos-eleicoes-2016","tag-lista-de-todos-os-candidatos-eleicoes-2016-minas-gerais","tag-preso-por-fazer-boca-de-urna","tag-preso-por-fazer-boca-de-urna-em-ipanema","tag-prisao-em-flagrante-no-dia-da-eleicao","tag-prisao-por-fazer-boca-de-urna","tag-relacao-candidaturas-eleicoes-2016","tag-relacao-candidaturas-eleicoes-2016-minas-gerais","tag-relacao-de-todos-os-candidatos-eleicoes-2016","tag-relacao-de-todos-os-candidatos-eleicoes-2016-minas-gerais","tag-rogerio-da-silva-costa"],"_links":{"self":[{"href":"https:\/\/aconteceunovale.com.br\/portal\/index.php?rest_route=\/wp\/v2\/posts\/98165","targetHints":{"allow":["GET"]}}],"collection":[{"href":"https:\/\/aconteceunovale.com.br\/portal\/index.php?rest_route=\/wp\/v2\/posts"}],"about":[{"href":"https:\/\/aconteceunovale.com.br\/portal\/index.php?rest_route=\/wp\/v2\/types\/post"}],"author":[{"embeddable":true,"href":"https:\/\/aconteceunovale.com.br\/portal\/index.php?rest_route=\/wp\/v2\/users\/1"}],"replies":[{"embeddable":true,"href":"https:\/\/aconteceunovale.com.br\/portal\/index.php?rest_route=%2Fwp%2Fv2%2Fcomments&post=98165"}],"version-history":[{"count":0,"href":"https:\/\/aconteceunovale.com.br\/portal\/index.php?rest_route=\/wp\/v2\/posts\/98165\/revisions"}],"wp:featuredmedia":[{"embeddable":true,"href":"https:\/\/aconteceunovale.com.br\/portal\/index.php?rest_route=\/wp\/v2\/media\/92935"}],"wp:attachment":[{"href":"https:\/\/aconteceunovale.com.br\/portal\/index.php?rest_route=%2Fwp%2Fv2%2Fmedia&parent=98165"}],"wp:term":[{"taxonomy":"category","embeddable":true,"href":"https:\/\/aconteceunovale.com.br\/portal\/index.php?rest_route=%2Fwp%2Fv2%2Fcategories&post=98165"},{"taxonomy":"post_tag","embeddable":true,"href":"https:\/\/aconteceunovale.com.br\/portal\/index.php?rest_route=%2Fwp%2Fv2%2Ftags&post=98165"}],"curies":[{"name":"wp","href":"https:\/\/api.w.org\/{rel}","templated":true}]}}