{"id":98160,"date":"2016-10-02T10:49:07","date_gmt":"2016-10-02T13:49:07","guid":{"rendered":"http:\/\/aconteceunovale.com.br\/portal\/?p=98160"},"modified":"2016-10-02T10:49:07","modified_gmt":"2016-10-02T13:49:07","slug":"deputado-estadual-sofre-acidente-na-br-367-no-vale-do-jequitinhonha","status":"publish","type":"post","link":"https:\/\/aconteceunovale.com.br\/portal\/?p=98160","title":{"rendered":"Deputado estadual sofre acidente na BR-367, no Vale do Jequitinhonha"},"content":{"rendered":"<p>O deputado estadual Jean Mark Freire Silva, o Dr. Jean Freire (PT), sofreu um acidente no fim da noite de s\u00e1bado, 01 de outubro de 2016, na altura do quil\u00f4metro 121 da BR-367, munic\u00edpio de Jequitinhonha, no Vale do Jequitinhonha. De acordo com a Pol\u00edcia Militar (PM), o deputado relatou que seguia sentido Almenara\/Jequitinhonha, quando tr\u00eas bovinos atravessaram na pista de rolamento.<\/p>\n<p>Ainda conforme o relato de Dr. Jean Freire \u00e0 PM, n\u00e3o foi poss\u00edvel desviar e colidiu o ve\u00edculo Chevrolet S10 contra um dos animais. Apesar do susto, o deputado saiu ileso do acidente. A Pol\u00edcia Militar informou que os animais possuem carimbo e o propriet\u00e1rio \u00e9 procurado.<\/p>\n<p><img decoding=\"async\" src=\"http:\/\/aconteceunovale.com.br\/portal\/wp-content\/uploads\/2016\/10\/dr_jean_freire.jpg\" alt=\"\" \/><em>Dr. Jean Freire \u00e9 deputado estadual em Minas Gerais (Foto: Divulga\u00e7\u00e3o\/Dr. Jean Freire)<\/em><\/p>\n","protected":false},"excerpt":{"rendered":"<p>O deputado estadual Jean Mark Freire Silva, o Dr. Jean Freire (PT), sofreu um acidente no fim da noite de s\u00e1bado, 01 de outubro de 2016, na altura do quil\u00f4metro 121 da BR-367, munic\u00edpio de Jequitinhonha, no Vale do Jequitinhonha. De acordo com a Pol\u00edcia Militar (PM), o deputado relatou que seguia sentido Almenara\/Jequitinhonha, quando [&hellip;]<\/p>\n","protected":false},"author":1,"featured_media":98161,"comment_status":"open","ping_status":"closed","sticky":false,"template":"","format":"standard","meta":{"amp_status":"","footnotes":""},"categories":[120],"tags":[117757,117760,117758,117761,52963,117759,81800,2016,117763,117764,117756,117762,17463,17464,34252],"class_list":["post-98160","post","type-post","status-publish","format-standard","has-post-thumbnail","hentry","category-jequi","tag-acidente-br-367","tag-acidente-com-deputado-jean-freire-em-jequitinhonha","tag-acidente-deputado-br-367","tag-acidente-dr-jean-freire","tag-acidente-em-jequitinhonha","tag-acidente-jean-freire","tag-acidente-na-br-367-em-jequitinhonha","tag-br-367","tag-deputado-dr-jean-freire-sofre-acidente-na-br-367","tag-deputado-dr-jean-freire-sofre-acidente-na-br-367-no-vale-do-jequitinhonha","tag-deputado-estadual-sofre-acidente-na-br-367","tag-deputado-estadual-sofre-acidente-na-br-367-no-vale-do-jequitinhonha","tag-dr-jean-freire","tag-jean-mark-freire-silva","tag-jequitinhonha"],"_links":{"self":[{"href":"https:\/\/aconteceunovale.com.br\/portal\/index.php?rest_route=\/wp\/v2\/posts\/98160","targetHints":{"allow":["GET"]}}],"collection":[{"href":"https:\/\/aconteceunovale.com.br\/portal\/index.php?rest_route=\/wp\/v2\/posts"}],"about":[{"href":"https:\/\/aconteceunovale.com.br\/portal\/index.php?rest_route=\/wp\/v2\/types\/post"}],"author":[{"embeddable":true,"href":"https:\/\/aconteceunovale.com.br\/portal\/index.php?rest_route=\/wp\/v2\/users\/1"}],"replies":[{"embeddable":true,"href":"https:\/\/aconteceunovale.com.br\/portal\/index.php?rest_route=%2Fwp%2Fv2%2Fcomments&post=98160"}],"version-history":[{"count":0,"href":"https:\/\/aconteceunovale.com.br\/portal\/index.php?rest_route=\/wp\/v2\/posts\/98160\/revisions"}],"wp:featuredmedia":[{"embeddable":true,"href":"https:\/\/aconteceunovale.com.br\/portal\/index.php?rest_route=\/wp\/v2\/media\/98161"}],"wp:attachment":[{"href":"https:\/\/aconteceunovale.com.br\/portal\/index.php?rest_route=%2Fwp%2Fv2%2Fmedia&parent=98160"}],"wp:term":[{"taxonomy":"category","embeddable":true,"href":"https:\/\/aconteceunovale.com.br\/portal\/index.php?rest_route=%2Fwp%2Fv2%2Fcategories&post=98160"},{"taxonomy":"post_tag","embeddable":true,"href":"https:\/\/aconteceunovale.com.br\/portal\/index.php?rest_route=%2Fwp%2Fv2%2Ftags&post=98160"}],"curies":[{"name":"wp","href":"https:\/\/api.w.org\/{rel}","templated":true}]}}