{"id":98158,"date":"2016-10-02T10:31:04","date_gmt":"2016-10-02T13:31:04","guid":{"rendered":"http:\/\/aconteceunovale.com.br\/portal\/?p=98158"},"modified":"2016-10-02T10:31:04","modified_gmt":"2016-10-02T13:31:04","slug":"candidata-a-vereadora-e-esfaqueada-durante-discussao-politica-em-setubinha","status":"publish","type":"post","link":"https:\/\/aconteceunovale.com.br\/portal\/?p=98158","title":{"rendered":"Candidata \u00e0 vereadora \u00e9 esfaqueada durante discuss\u00e3o pol\u00edtica em Setubinha"},"content":{"rendered":"<p>Uma candidata \u00e0 vereadora foi esfaqueada no in\u00edcio da madrugada deste domingo, 02 de outubro de 2016, em Setubinha, no Vale do Mucuri. M.A.F.A, de 33 anos, foi atingida por tr\u00eas golpes de canivete. O principal suspeito do crime \u00e9 o pr\u00f3prio irm\u00e3o da v\u00edtima.<\/p>\n<p>De acordo com a Pol\u00edcia Militar (PM), a candidata relatou que estava em um bar na Avenida Nossa Senhora da Concei\u00e7\u00e3o, no Bairro Jacinta Ambrosina, juntamente com outras pessoas e o pr\u00f3prio autor, consumindo bebidas alco\u00f3licas. Em determinado momento, conforme a v\u00edtima, ela e o irm\u00e3o se desentenderam por causa de um adesivo de campanha. Os envolvidos apoiam candidatos opostos para o cargo de prefeito.<\/p>\n<p>Na sequ\u00eancia, o autor teria sa\u00eddo do local e ao retornar, golpeou a irm\u00e3, atingindo-a no bra\u00e7o. Ainda segundo a PM, a mulher revidou e empurrou o autor com as m\u00e3os e os p\u00e9s. <\/p>\n<p>Pessoas presentes no local intervieram para colocar fim na briga. A v\u00edtima foi socorrida por terceiros e encaminhada para uma unidade b\u00e1sica de sa\u00fade, onde a m\u00e9dica de plant\u00e3o constatou tr\u00eas pequenos cortes no antebra\u00e7o esquerdo. <\/p>\n<p>Ap\u00f3s atendimento, a candidata foi liberada. O autor da tentativa de homic\u00eddio evadiu sentido a rodovia MG-211 e \u00e9 procurado pela pol\u00edcia.<\/p>\n","protected":false},"excerpt":{"rendered":"<p>Uma candidata \u00e0 vereadora foi esfaqueada no in\u00edcio da madrugada deste domingo, 02 de outubro de 2016, em Setubinha, no Vale do Mucuri. M.A.F.A, de 33 anos, foi atingida por tr\u00eas golpes de canivete. O principal suspeito do crime \u00e9 o pr\u00f3prio irm\u00e3o da v\u00edtima. De acordo com a Pol\u00edcia Militar (PM), a candidata relatou [&hellip;]<\/p>\n","protected":false},"author":1,"featured_media":54281,"comment_status":"open","ping_status":"closed","sticky":false,"template":"","format":"standard","meta":{"amp_status":"","footnotes":""},"categories":[122],"tags":[109048,117751,117753,117750,117752,107337,107336,107342,107338,107339,107335,107341,107340,107334,107316,107325,107321,107331,109046,107322,107332,107347,107343,107315,107323,109047,59515,107324,78864,107333,107330,107344,107345,107346,107320,107329,107318,107327,117754,107319,107328,107317,107326,168,117755],"class_list":["post-98158","post","type-post","status-publish","format-standard","has-post-thumbnail","hentry","category-mucuri","tag-aplicativo-candidaturas-2016","tag-briga-politica-em-setubinha","tag-briga-por-politica-em-setubinha","tag-candidata-a-vereadora-e-esfaqueada-durante-discussao-politica-em-setubinha","tag-candidata-esfaqueada-em-setubinha","tag-candidatos-a-prefeito-de","tag-candidatos-a-prefeito-eleicoes-2016","tag-candidatos-a-prefeito-eleicoes-municipais-2016","tag-candidatos-a-prefeito-em","tag-candidatos-a-vereador-de","tag-candidatos-a-vereador-eleicoes-2016","tag-candidatos-a-vereador-eleicoes-municipais-2016","tag-candidatos-a-vereador-em","tag-candidatos-a-vereador-em-2016","tag-candidatos-eleicoes-2016","tag-candidatos-eleicoes-2016-minas-gerais","tag-candidatos-eleicoes-municipais-2016","tag-candidatos-eleicoes-municipais-2016-minas-gerais","tag-candidaturas-2016","tag-candidaturas-eleicoes-municipais-2016","tag-candidaturas-eleicoes-municipais-2016-minas-gerais","tag-consultas-sobre-candidatos-2016","tag-divulgacao-de-candidaturas-2016","tag-divulgacao-de-candidaturas-eleicoes-2016","tag-divulgacao-de-candidaturas-eleicoes-2016-minas-gerais","tag-download-aplicativo-candidaturas-2016","tag-eleicoes-2016","tag-eleicoes-2016-minas-gerais","tag-eleicoes-municipais-2016","tag-eleicoes-municipais-2016-divulgacao-de-candidaturas","tag-eleicoes-municipais-2016-minas-gerais","tag-informacoes-detalhadas-sobre-todos-os-candidatos-de-2016","tag-informacoes-sobre-todos-os-candidatos","tag-informacoes-sobre-todos-os-candidatos-de-2016","tag-lista-candidaturas-eleicoes-2016","tag-lista-candidaturas-eleicoes-2016-minas-gerais","tag-lista-de-todos-os-candidatos-eleicoes-2016","tag-lista-de-todos-os-candidatos-eleicoes-2016-minas-gerais","tag-maria-aparecida-ferreira-de-andrade","tag-relacao-candidaturas-eleicoes-2016","tag-relacao-candidaturas-eleicoes-2016-minas-gerais","tag-relacao-de-todos-os-candidatos-eleicoes-2016","tag-relacao-de-todos-os-candidatos-eleicoes-2016-minas-gerais","tag-setubinha","tag-sinval-ferreira-de-andrade"],"_links":{"self":[{"href":"https:\/\/aconteceunovale.com.br\/portal\/index.php?rest_route=\/wp\/v2\/posts\/98158","targetHints":{"allow":["GET"]}}],"collection":[{"href":"https:\/\/aconteceunovale.com.br\/portal\/index.php?rest_route=\/wp\/v2\/posts"}],"about":[{"href":"https:\/\/aconteceunovale.com.br\/portal\/index.php?rest_route=\/wp\/v2\/types\/post"}],"author":[{"embeddable":true,"href":"https:\/\/aconteceunovale.com.br\/portal\/index.php?rest_route=\/wp\/v2\/users\/1"}],"replies":[{"embeddable":true,"href":"https:\/\/aconteceunovale.com.br\/portal\/index.php?rest_route=%2Fwp%2Fv2%2Fcomments&post=98158"}],"version-history":[{"count":0,"href":"https:\/\/aconteceunovale.com.br\/portal\/index.php?rest_route=\/wp\/v2\/posts\/98158\/revisions"}],"wp:featuredmedia":[{"embeddable":true,"href":"https:\/\/aconteceunovale.com.br\/portal\/index.php?rest_route=\/wp\/v2\/media\/54281"}],"wp:attachment":[{"href":"https:\/\/aconteceunovale.com.br\/portal\/index.php?rest_route=%2Fwp%2Fv2%2Fmedia&parent=98158"}],"wp:term":[{"taxonomy":"category","embeddable":true,"href":"https:\/\/aconteceunovale.com.br\/portal\/index.php?rest_route=%2Fwp%2Fv2%2Fcategories&post=98158"},{"taxonomy":"post_tag","embeddable":true,"href":"https:\/\/aconteceunovale.com.br\/portal\/index.php?rest_route=%2Fwp%2Fv2%2Ftags&post=98158"}],"curies":[{"name":"wp","href":"https:\/\/api.w.org\/{rel}","templated":true}]}}