{"id":98102,"date":"2016-09-30T23:14:46","date_gmt":"2016-10-01T02:14:46","guid":{"rendered":"http:\/\/aconteceunovale.com.br\/portal\/?p=98102"},"modified":"2016-09-30T23:14:46","modified_gmt":"2016-10-01T02:14:46","slug":"dez-pessoas-sao-atropeladas-durante-evento-politico-em-fruta-de-leite-no-norte-de-minas","status":"publish","type":"post","link":"https:\/\/aconteceunovale.com.br\/portal\/?p=98102","title":{"rendered":"Dez pessoas s\u00e3o atropeladas durante evento pol\u00edtico em Fruta de Leite, no Norte de Minas"},"content":{"rendered":"<p>Dez pessoas foram atropeladas enquanto participavam de um evento pol\u00edtico em Fruta de Leite, munic\u00edpio da regi\u00e3o Norte de Minas Gerais, nessa quinta-feira (29\/09\/2016). Segundo informa\u00e7\u00f5es da Pol\u00edcia Militar (PM), motoristas e pedestres seguiam pela LMG-626, quando foram atingidas por um carro. O condutor, de 47 anos, abandonou o autom\u00f3vel e fugiu do local.<\/p>\n<p>Ainda de acordo com a PM, as pessoas que participavam do evento afirmaram que conheciam o homem e que ele tamb\u00e9m participaria da carreata. A maioria dos feridos teve fraturas, a mais jovem das v\u00edtimas \u00e9 uma adolescente de 15 anos. Cinco pessoas foram levadas para um hospital de Taiobeiras, quatro para Salinas e uma ficou em Fruta de Leite.<\/p>\n<p><img decoding=\"async\" src=\"http:\/\/aconteceunovale.com.br\/portal\/wp-content\/uploads\/2016\/09\/atropelamento_fl.jpeg\" alt=\"\" \/><em>Carro do homem que atropelou as v\u00edtimas em Fruta de Leite (Foto: Pol\u00edcia Militar\/Divulga\u00e7\u00e3o)<\/em><br \/>\n<\/br><\/p>\n<p>(G1 Grande Minas)<\/p>\n","protected":false},"excerpt":{"rendered":"<p>Dez pessoas foram atropeladas enquanto participavam de um evento pol\u00edtico em Fruta de Leite, munic\u00edpio da regi\u00e3o Norte de Minas Gerais, nessa quinta-feira (29\/09\/2016). Segundo informa\u00e7\u00f5es da Pol\u00edcia Militar (PM), motoristas e pedestres seguiam pela LMG-626, quando foram atingidas por um carro. O condutor, de 47 anos, abandonou o autom\u00f3vel e fugiu do local. Ainda [&hellip;]<\/p>\n","protected":false},"author":1,"featured_media":98103,"comment_status":"open","ping_status":"closed","sticky":false,"template":"","format":"standard","meta":{"amp_status":"","footnotes":""},"categories":[79927,1236],"tags":[109048,117670,117669,117668,117672,117673,107337,117674,107336,107342,107338,107339,107335,107341,107340,107334,107316,107325,107321,107331,117675,109046,107322,107332,107347,117667,117676,107343,107315,107323,109047,59515,117677,107324,78864,107333,117678,107330,1034,107344,107345,107346,107320,107329,107318,107327,117671,107319,107328,107317,107326,190,419],"class_list":["post-98102","post","type-post","status-publish","format-standard","has-post-thumbnail","hentry","category-eleicoes-2016-2","category-norte_de_minas","tag-aplicativo-candidaturas-2016","tag-atropelados-em-carreata-em-fruta-de-leite","tag-atropelados-em-fruta-de-leite","tag-atropelamento-em-fruta-de-leite","tag-candidato-a-prefeito-de-fruta-de-leite","tag-candidato-a-prefeito-eleicoes-2016-fruta-de-leite","tag-candidatos-a-prefeito-de","tag-candidatos-a-prefeito-de-fruta-de-leite","tag-candidatos-a-prefeito-eleicoes-2016","tag-candidatos-a-prefeito-eleicoes-municipais-2016","tag-candidatos-a-prefeito-em","tag-candidatos-a-vereador-de","tag-candidatos-a-vereador-eleicoes-2016","tag-candidatos-a-vereador-eleicoes-municipais-2016","tag-candidatos-a-vereador-em","tag-candidatos-a-vereador-em-2016","tag-candidatos-eleicoes-2016","tag-candidatos-eleicoes-2016-minas-gerais","tag-candidatos-eleicoes-municipais-2016","tag-candidatos-eleicoes-municipais-2016-minas-gerais","tag-candidatos-em-fruta-de-leite","tag-candidaturas-2016","tag-candidaturas-eleicoes-municipais-2016","tag-candidaturas-eleicoes-municipais-2016-minas-gerais","tag-consultas-sobre-candidatos-2016","tag-dez-pessoas-sao-atropeladas-durante-evento-politico-em-fruta-de-leite","tag-disputa-eleitoral-fruta-de-leite","tag-divulgacao-de-candidaturas-2016","tag-divulgacao-de-candidaturas-eleicoes-2016","tag-divulgacao-de-candidaturas-eleicoes-2016-minas-gerais","tag-download-aplicativo-candidaturas-2016","tag-eleicoes-2016","tag-eleicoes-2016-fruta-de-leite","tag-eleicoes-2016-minas-gerais","tag-eleicoes-municipais-2016","tag-eleicoes-municipais-2016-divulgacao-de-candidaturas","tag-eleicoes-municipais-2016-em-fruta-de-leite","tag-eleicoes-municipais-2016-minas-gerais","tag-fruta-de-leite","tag-informacoes-detalhadas-sobre-todos-os-candidatos-de-2016","tag-informacoes-sobre-todos-os-candidatos","tag-informacoes-sobre-todos-os-candidatos-de-2016","tag-lista-candidaturas-eleicoes-2016","tag-lista-candidaturas-eleicoes-2016-minas-gerais","tag-lista-de-todos-os-candidatos-eleicoes-2016","tag-lista-de-todos-os-candidatos-eleicoes-2016-minas-gerais","tag-politica-em-fruta-de-leite","tag-relacao-candidaturas-eleicoes-2016","tag-relacao-candidaturas-eleicoes-2016-minas-gerais","tag-relacao-de-todos-os-candidatos-eleicoes-2016","tag-relacao-de-todos-os-candidatos-eleicoes-2016-minas-gerais","tag-salinas","tag-taiobeiras"],"_links":{"self":[{"href":"https:\/\/aconteceunovale.com.br\/portal\/index.php?rest_route=\/wp\/v2\/posts\/98102","targetHints":{"allow":["GET"]}}],"collection":[{"href":"https:\/\/aconteceunovale.com.br\/portal\/index.php?rest_route=\/wp\/v2\/posts"}],"about":[{"href":"https:\/\/aconteceunovale.com.br\/portal\/index.php?rest_route=\/wp\/v2\/types\/post"}],"author":[{"embeddable":true,"href":"https:\/\/aconteceunovale.com.br\/portal\/index.php?rest_route=\/wp\/v2\/users\/1"}],"replies":[{"embeddable":true,"href":"https:\/\/aconteceunovale.com.br\/portal\/index.php?rest_route=%2Fwp%2Fv2%2Fcomments&post=98102"}],"version-history":[{"count":0,"href":"https:\/\/aconteceunovale.com.br\/portal\/index.php?rest_route=\/wp\/v2\/posts\/98102\/revisions"}],"wp:featuredmedia":[{"embeddable":true,"href":"https:\/\/aconteceunovale.com.br\/portal\/index.php?rest_route=\/wp\/v2\/media\/98103"}],"wp:attachment":[{"href":"https:\/\/aconteceunovale.com.br\/portal\/index.php?rest_route=%2Fwp%2Fv2%2Fmedia&parent=98102"}],"wp:term":[{"taxonomy":"category","embeddable":true,"href":"https:\/\/aconteceunovale.com.br\/portal\/index.php?rest_route=%2Fwp%2Fv2%2Fcategories&post=98102"},{"taxonomy":"post_tag","embeddable":true,"href":"https:\/\/aconteceunovale.com.br\/portal\/index.php?rest_route=%2Fwp%2Fv2%2Ftags&post=98102"}],"curies":[{"name":"wp","href":"https:\/\/api.w.org\/{rel}","templated":true}]}}