{"id":98096,"date":"2016-09-30T21:26:48","date_gmt":"2016-10-01T00:26:48","guid":{"rendered":"http:\/\/aconteceunovale.com.br\/portal\/?p=98096"},"modified":"2016-09-30T21:26:48","modified_gmt":"2016-10-01T00:26:48","slug":"apos-chamar-homem-de-aleijadinho-morador-de-malacacheta-tem-braco-decepado-com-facao","status":"publish","type":"post","link":"https:\/\/aconteceunovale.com.br\/portal\/?p=98096","title":{"rendered":"Ap\u00f3s chamar homem de \u201caleijadinho\u201d, morador de Malacacheta tem bra\u00e7o decepado com fac\u00e3o"},"content":{"rendered":"<p>Uma &#8220;brincadeira&#8221; custou o bra\u00e7o esquerdo de um homem, de 43 anos, em Malacacheta, na regi\u00e3o do Vale do Mucuri, nessa quinta-feira (29\/09\/2016). O suspeito, de 32 anos, foi preso e contou \u00e0 Pol\u00edcia Militar (PM) que a v\u00edtima o chamou de &#8220;aleijadinho&#8221; e o golpeou com uma cavadeira na perna direita dele. Ele n\u00e3o gostou, pegou um fac\u00e3o e desferiu golpes na cabe\u00e7a e no bra\u00e7o esquerdo do homem, que ficou sem a parte do membro.<\/p>\n<p>O caso aconteceu na casa do suspeito, no bairro Santa Rita, onde a parte cortada do bra\u00e7o ficou trancada. Com a chegada da PM e do Servi\u00e7o de Atendimento M\u00f3vel de Urg\u00eancia (Samu), a v\u00edtima foi encaminhada para o Hospital Municipal, junto com o bra\u00e7o. No local foi apreendido pela pol\u00edcia, p\u00e9s de maconha, um fac\u00e3o de 50 cent\u00edmetros de l\u00e2mina, uma faca tipo a\u00e7ougueiro e uma cavadeira de 40 cent\u00edmetros.<\/p>\n<p>O agressor foi encontrado na sa\u00edda para o munic\u00edpio de Setubinha e foi levado para uma delegacia. De acordo com a assessoria de imprensa da Pol\u00edcia Civil, o suspeito, que \u00e9 natural de S\u00e3o Paulo e n\u00e3o tinha antecedentes criminais, foi preso em flagrante e encaminhado ao sistema prisional. (O Tempo)<\/p>\n","protected":false},"excerpt":{"rendered":"<p>Uma &#8220;brincadeira&#8221; custou o bra\u00e7o esquerdo de um homem, de 43 anos, em Malacacheta, na regi\u00e3o do Vale do Mucuri, nessa quinta-feira (29\/09\/2016). O suspeito, de 32 anos, foi preso e contou \u00e0 Pol\u00edcia Militar (PM) que a v\u00edtima o chamou de &#8220;aleijadinho&#8221; e o golpeou com uma cavadeira na perna direita dele. Ele n\u00e3o [&hellip;]<\/p>\n","protected":false},"author":1,"featured_media":89616,"comment_status":"open","ping_status":"closed","sticky":false,"template":"","format":"standard","meta":{"amp_status":"","footnotes":""},"categories":[122],"tags":[3380,117650,117652,117653,226,117655,117654,168,117651],"class_list":["post-98096","post","type-post","status-publish","format-standard","has-post-thumbnail","hentry","category-mucuri","tag-aleijadinho","tag-braco-amputado-em-malacacheta","tag-braco-cortado-em-malacacheta","tag-jose-fernandes-de-oliveira","tag-malacacheta","tag-morador-de-malacacheta-tem-braco-decepado-com-facao","tag-sergio-jakson-gomes-ferreira","tag-setubinha","tag-tentativa-de-homicidio-em-malacacheta"],"_links":{"self":[{"href":"https:\/\/aconteceunovale.com.br\/portal\/index.php?rest_route=\/wp\/v2\/posts\/98096","targetHints":{"allow":["GET"]}}],"collection":[{"href":"https:\/\/aconteceunovale.com.br\/portal\/index.php?rest_route=\/wp\/v2\/posts"}],"about":[{"href":"https:\/\/aconteceunovale.com.br\/portal\/index.php?rest_route=\/wp\/v2\/types\/post"}],"author":[{"embeddable":true,"href":"https:\/\/aconteceunovale.com.br\/portal\/index.php?rest_route=\/wp\/v2\/users\/1"}],"replies":[{"embeddable":true,"href":"https:\/\/aconteceunovale.com.br\/portal\/index.php?rest_route=%2Fwp%2Fv2%2Fcomments&post=98096"}],"version-history":[{"count":0,"href":"https:\/\/aconteceunovale.com.br\/portal\/index.php?rest_route=\/wp\/v2\/posts\/98096\/revisions"}],"wp:featuredmedia":[{"embeddable":true,"href":"https:\/\/aconteceunovale.com.br\/portal\/index.php?rest_route=\/wp\/v2\/media\/89616"}],"wp:attachment":[{"href":"https:\/\/aconteceunovale.com.br\/portal\/index.php?rest_route=%2Fwp%2Fv2%2Fmedia&parent=98096"}],"wp:term":[{"taxonomy":"category","embeddable":true,"href":"https:\/\/aconteceunovale.com.br\/portal\/index.php?rest_route=%2Fwp%2Fv2%2Fcategories&post=98096"},{"taxonomy":"post_tag","embeddable":true,"href":"https:\/\/aconteceunovale.com.br\/portal\/index.php?rest_route=%2Fwp%2Fv2%2Ftags&post=98096"}],"curies":[{"name":"wp","href":"https:\/\/api.w.org\/{rel}","templated":true}]}}