{"id":98029,"date":"2016-09-29T14:45:04","date_gmt":"2016-09-29T17:45:04","guid":{"rendered":"http:\/\/aconteceunovale.com.br\/portal\/?p=98029"},"modified":"2016-09-29T14:45:04","modified_gmt":"2016-09-29T17:45:04","slug":"incendio-criminoso-destroi-onibus-de-cantor-sertanejo-e-candidato-a-prefeito-em-ribeirao-das-neves","status":"publish","type":"post","link":"https:\/\/aconteceunovale.com.br\/portal\/?p=98029","title":{"rendered":"Inc\u00eandio criminoso destr\u00f3i \u00f4nibus de cantor sertanejo e candidato a prefeito em Ribeir\u00e3o das Neves"},"content":{"rendered":"<p>Criminosos incendiaram o \u00f4nibus da dupla sertaneja Antonio Carlos e Renato em Ribeir\u00e3o das Neves, na Grande BH. O crime ocorreu no fim da noite de quarta-feira (28\/09\/2016) na LMG-806, perto do Bairro Monte Verde. Antonio Carlos \u00e9 um dos candidatos \u00e0 prefeitura da cidade e acredita que o crime tenha motiva\u00e7\u00e3o pol\u00edtica.<\/p>\n<p>Segundo a Pol\u00edcia Civil, o motorista disse que foi rendido por quatro homens em duas motos quando seguia pela rodovia no sentido centro de Neves, conforme o registro da ocorr\u00eancia. Os dois garupas sacaram as armas e mandaram ele parar o ve\u00edculo. A v\u00edtima foi obrigada a desembarcar enquanto eles espalhavam l\u00edquido inflam\u00e1vel e ateavam fogo ao \u00f4nibus. Ele saiu correndo pelas margens da rodovia e o condutor de um \u00f4nibus de turismo parou para ajud\u00e1-lo. A Pol\u00edcia Militar (PM) foi chamada. Os autores fugiram. O motorista da dupla disse que eles usavam toucas-ninjas e capacetes. <\/p>\n<p>Nesta quinta-feira, Antonio Carlos contou \u00e0 reportagem do <em>Estado de Minas<\/em> que estava em casa quando soube do epis\u00f3dio. Segundo ele, o \u00f4nibus da dupla costuma circular pela cidade. Ele e Renato participaram de uma reuni\u00e3o pol\u00edtica na noite de ontem na regi\u00e3o do Justin\u00f3polis e voltaram para casa em ve\u00edculos separados. O motorista do \u00f4nibus n\u00e3o estava na reuni\u00e3o, apenas voltava de um dia de trabalho.<\/p>\n<p>\u201cFalaram que tinham dois caras numa moto, entraram l\u00e1 dentro. No quebra-molas perto da Pol\u00edcia Militar, onde tem um batalh\u00e3o, talvez metros antes, foi onde o cara foi abordado\u201d, explica o candidato. \u201cEle estava sozinho dentro do \u00f4nibus, o cara mostrou a arma do lado direito dele, entrou dento do \u00f4nibus, falou &#8216;perdeu, perdeu, perdeu&#8217;, o motorista saiu correndo, eles atearam fogo e em dois minutos a pol\u00edcia estava l\u00e1\u201d, explica. <\/p>\n<p>O Corpo de Bombeiros foi acionado, mas as chamas consumiram o ve\u00edculo. De acordo com Antonio Carlos, o \u00f4nibus era um modelo 2010, valia cerca de R$ 200 mil e n\u00e3o tinha seguro total. Foi registrado um boletim de ocorr\u00eancia do caso e o cantor espera que a pol\u00edcia consiga identificar os autores por imagens de c\u00e2meras de seguran\u00e7a da rodovia.<\/p>\n<p><img decoding=\"async\" src=\"http:\/\/aconteceunovale.com.br\/portal\/wp-content\/uploads\/2016\/09\/onibus_acer.jpg\" alt=\"\" \/><em>\u00d4nibus era um modelo 2010, avaliado em cerca de R$ 200 mil (Foto: Divulga\u00e7\u00e3o)<\/em><br \/>\n<\/br><\/p>\n<p><strong>Atentados<\/strong><\/p>\n<p>Esta \u00e9 a primeira vez em que Antonio Carlos se candidata a um cargo pol\u00edtico. Desde ent\u00e3o, ele passou a se movimentar acompanhado de seguran\u00e7as. O sertanejo diz que outros ataques ocorreram desde que entrou na corrida pol\u00edtica em Ribeir\u00e3o das Neves. \u201cUm m\u00eas atr\u00e1s, dois motoqueiros do mesmo jeito, pararam do lado direito do meu carro. Como ando com carro blindado e seguran\u00e7as, eles perceberam e voltaram na contram\u00e3o, no Centro de Neves, perto da Apae\u201d, conta.<\/p>\n<p>A segunda a\u00e7\u00e3o ocorreu na semana passada, durante a madrugada, perto de uma ag\u00eancia banc\u00e1ria da cidade, segundo o cantor. \u201cTeve moto l\u00e1, n\u00f3s sa\u00edmos correndo atr\u00e1s dos caras, (os seguran\u00e7as) deram uns tiros para cima\u201d, diz. \u201cIsso foi mais tarde, 1h, perto do Bradesco, depois do Epa. Ningu\u00e9m foi atingido\u201d. O candidato diz que relatou os dois casos \u00e0 pol\u00edcia quando registrou a ocorr\u00eancia do \u00f4nibus. <\/p>\n<p>Antonio Carlos acredita que h\u00e1 motiva\u00e7\u00e3o pol\u00edtica nos casos. \u201cEu tenho s\u00f3 Deus do meu lado e o povo de Neves que quer mudan\u00e7a. Nunca tive problema nenhum, toda vida fui aplaudido de p\u00e9, nunca precisei de seguran\u00e7a sendo cantor. S\u00f3 agora que estou sentindo isso\u201d, enfatiza. <\/p>\n<p>A Pol\u00edcia Civil informou que a ocorr\u00eancia foi encerrada por volta das 4h desta quinta. O caso ser\u00e1 investigado pela delegada Carla Concei\u00e7\u00e3o, de Ribeir\u00e3o das Neves, que vai apurar as circunst\u00e2ncias do crime.<\/p>\n<p><strong>Cantor desabafa em v\u00eddeo<\/strong><\/p>\n<p><iframe loading=\"lazy\" width=\"640\" height=\"360\" src=\"https:\/\/www.youtube.com\/embed\/unL5Yny4VU0\" frameborder=\"0\" allowfullscreen><\/iframe><br \/>\n<\/br><\/p>\n<p><em>(Fonte: Estado de Minas\/Cristiane Silva)<\/em><\/p>\n","protected":false},"excerpt":{"rendered":"<p>Criminosos incendiaram o \u00f4nibus da dupla sertaneja Antonio Carlos e Renato em Ribeir\u00e3o das Neves, na Grande BH. O crime ocorreu no fim da noite de quarta-feira (28\/09\/2016) na LMG-806, perto do Bairro Monte Verde. Antonio Carlos \u00e9 um dos candidatos \u00e0 prefeitura da cidade e acredita que o crime tenha motiva\u00e7\u00e3o pol\u00edtica. Segundo a [&hellip;]<\/p>\n","protected":false},"author":1,"featured_media":98030,"comment_status":"open","ping_status":"closed","sticky":false,"template":"","format":"standard","meta":{"amp_status":"","footnotes":""},"categories":[79927,123],"tags":[9266,109048,117522,117524,117523,117525,107337,107336,107342,107338,107339,107335,107341,107340,107334,107316,107325,107321,107331,109046,107322,107332,107347,1018,117521,107343,107315,107323,109047,59515,107324,78864,107333,107330,117528,117520,107344,107345,107346,107320,107329,107318,107327,117526,117519,117527,107319,107328,107317,107326,3674],"class_list":["post-98029","post","type-post","status-publish","format-standard","has-post-thumbnail","hentry","category-eleicoes-2016-2","category-gerais","tag-antonio-carlos-e-renato","tag-aplicativo-candidaturas-2016","tag-ataque-antonio-carlos-e-renato","tag-ataque-onibus-da-dupla-sertaneja-antonio-carlos-e-renato","tag-atentado-onibus-da-dupla-sertaneja-antonio-carlos-e-renato","tag-candidato-a-prefeito-em-ribeirao-das-neves","tag-candidatos-a-prefeito-de","tag-candidatos-a-prefeito-eleicoes-2016","tag-candidatos-a-prefeito-eleicoes-municipais-2016","tag-candidatos-a-prefeito-em","tag-candidatos-a-vereador-de","tag-candidatos-a-vereador-eleicoes-2016","tag-candidatos-a-vereador-eleicoes-municipais-2016","tag-candidatos-a-vereador-em","tag-candidatos-a-vereador-em-2016","tag-candidatos-eleicoes-2016","tag-candidatos-eleicoes-2016-minas-gerais","tag-candidatos-eleicoes-municipais-2016","tag-candidatos-eleicoes-municipais-2016-minas-gerais","tag-candidaturas-2016","tag-candidaturas-eleicoes-municipais-2016","tag-candidaturas-eleicoes-municipais-2016-minas-gerais","tag-consultas-sobre-candidatos-2016","tag-destaque","tag-destruicao-do-onibus-da-dupla-sertaneja-antonio-carlos-e-renato","tag-divulgacao-de-candidaturas-2016","tag-divulgacao-de-candidaturas-eleicoes-2016","tag-divulgacao-de-candidaturas-eleicoes-2016-minas-gerais","tag-download-aplicativo-candidaturas-2016","tag-eleicoes-2016","tag-eleicoes-2016-minas-gerais","tag-eleicoes-municipais-2016","tag-eleicoes-municipais-2016-divulgacao-de-candidaturas","tag-eleicoes-municipais-2016-minas-gerais","tag-incendio-criminoso-destroi-onibus-de-cantor-sertanejo-e-candidato-a-prefeito-em-ribeirao-das-neves","tag-incendio-onibus-da-dupla-sertaneja-antonio-carlos-e-renato","tag-informacoes-detalhadas-sobre-todos-os-candidatos-de-2016","tag-informacoes-sobre-todos-os-candidatos","tag-informacoes-sobre-todos-os-candidatos-de-2016","tag-lista-candidaturas-eleicoes-2016","tag-lista-candidaturas-eleicoes-2016-minas-gerais","tag-lista-de-todos-os-candidatos-eleicoes-2016","tag-lista-de-todos-os-candidatos-eleicoes-2016-minas-gerais","tag-lmg-806","tag-onibus-da-dupla-sertaneja-antonio-carlos-e-renato","tag-onibus-de-cantor-sertanejo-e-candidato-a-prefeito-e-incendiado-em-ribeirao-das-neves","tag-relacao-candidaturas-eleicoes-2016","tag-relacao-candidaturas-eleicoes-2016-minas-gerais","tag-relacao-de-todos-os-candidatos-eleicoes-2016","tag-relacao-de-todos-os-candidatos-eleicoes-2016-minas-gerais","tag-ribeirao-das-neves"],"_links":{"self":[{"href":"https:\/\/aconteceunovale.com.br\/portal\/index.php?rest_route=\/wp\/v2\/posts\/98029","targetHints":{"allow":["GET"]}}],"collection":[{"href":"https:\/\/aconteceunovale.com.br\/portal\/index.php?rest_route=\/wp\/v2\/posts"}],"about":[{"href":"https:\/\/aconteceunovale.com.br\/portal\/index.php?rest_route=\/wp\/v2\/types\/post"}],"author":[{"embeddable":true,"href":"https:\/\/aconteceunovale.com.br\/portal\/index.php?rest_route=\/wp\/v2\/users\/1"}],"replies":[{"embeddable":true,"href":"https:\/\/aconteceunovale.com.br\/portal\/index.php?rest_route=%2Fwp%2Fv2%2Fcomments&post=98029"}],"version-history":[{"count":0,"href":"https:\/\/aconteceunovale.com.br\/portal\/index.php?rest_route=\/wp\/v2\/posts\/98029\/revisions"}],"wp:featuredmedia":[{"embeddable":true,"href":"https:\/\/aconteceunovale.com.br\/portal\/index.php?rest_route=\/wp\/v2\/media\/98030"}],"wp:attachment":[{"href":"https:\/\/aconteceunovale.com.br\/portal\/index.php?rest_route=%2Fwp%2Fv2%2Fmedia&parent=98029"}],"wp:term":[{"taxonomy":"category","embeddable":true,"href":"https:\/\/aconteceunovale.com.br\/portal\/index.php?rest_route=%2Fwp%2Fv2%2Fcategories&post=98029"},{"taxonomy":"post_tag","embeddable":true,"href":"https:\/\/aconteceunovale.com.br\/portal\/index.php?rest_route=%2Fwp%2Fv2%2Ftags&post=98029"}],"curies":[{"name":"wp","href":"https:\/\/api.w.org\/{rel}","templated":true}]}}