{"id":98026,"date":"2016-09-29T13:23:07","date_gmt":"2016-09-29T16:23:07","guid":{"rendered":"http:\/\/aconteceunovale.com.br\/portal\/?p=98026"},"modified":"2016-09-29T13:23:07","modified_gmt":"2016-09-29T16:23:07","slug":"dois-filhos-de-candidato-a-vereador-sao-baleados-apos-comicio-em-agua-boa","status":"publish","type":"post","link":"https:\/\/aconteceunovale.com.br\/portal\/?p=98026","title":{"rendered":"Dois filhos de candidato a vereador s\u00e3o baleados ap\u00f3s com\u00edcio em \u00c1gua Boa"},"content":{"rendered":"<p>Duas crian\u00e7as foram baleadas nessa quarta-feira, 28 de setembro de 2016, ap\u00f3s um evento pol\u00edtico em \u00c1gua Boa, no Vale do Rio Doce. Os dois meninos s\u00e3o filhos do candidato a vereador Gervano Cordeiro de Sousa, de 48 anos, que disputa as elei\u00e7\u00f5es no munic\u00edpio pelo Partido Humanista da Solidariedade (PHS). A motiva\u00e7\u00e3o do crime ainda n\u00e3o foi esclarecida.<\/p>\n<p>O candidato relatou que voltava para sua resid\u00eancia, ap\u00f3s participar de um com\u00edcio, quando ouviu um disparo e pensou que fosse o barulho de um foguete. Ainda conforme Gervano, logo em seguida ouviu mais dois tiros. Um dos seus filhos, de 7 anos, que caminhava ao seu lado, foi atingido na regi\u00e3o do abd\u00f4men e caiu ao solo. O outro garoto, de 13 anos, foi baleado na virilha.<\/p>\n<p>As crian\u00e7as foram socorridas e encaminhadas para o Hospital Municipal de Governador Valadares. O menino de 7 anos, que sofreu quatro perfura\u00e7\u00f5es no intestino e tamb\u00e9m teve outros \u00f3rg\u00e3o atingidos, passou por um procedimento cir\u00fargico e est\u00e1 em observa\u00e7\u00e3o. A outra v\u00edtima recebeu atendimento m\u00e9dico e est\u00e1 fora de perigo.<\/p>\n<p>Ainda conforme o candidato, enquanto prestava socorro aos filhos, uma pessoa saiu correndo do local. A Pol\u00edcia realizou rastreamentos e prendeu um suspeito. O crime ser\u00e1 investigado pela Pol\u00edcia Civil.<\/p>\n<p><img decoding=\"async\" src=\"http:\/\/aconteceunovale.com.br\/portal\/wp-content\/uploads\/2016\/09\/agua_boa_mg.jpg\" alt=\"\" \/><em>Vista de \u00c1gua Boa, no Vale do Rio Doce (Divulga\u00e7\u00e3o)<\/em><\/p>\n","protected":false},"excerpt":{"rendered":"<p>Duas crian\u00e7as foram baleadas nessa quarta-feira, 28 de setembro de 2016, ap\u00f3s um evento pol\u00edtico em \u00c1gua Boa, no Vale do Rio Doce. Os dois meninos s\u00e3o filhos do candidato a vereador Gervano Cordeiro de Sousa, de 48 anos, que disputa as elei\u00e7\u00f5es no munic\u00edpio pelo Partido Humanista da Solidariedade (PHS). A motiva\u00e7\u00e3o do crime [&hellip;]<\/p>\n","protected":false},"author":1,"featured_media":98027,"comment_status":"open","ping_status":"closed","sticky":false,"template":"","format":"standard","meta":{"amp_status":"","footnotes":""},"categories":[79927,121],"tags":[130,117512,117514,1018,117513,117510,117511,117518,117517,117516,117515],"class_list":["post-98026","post","type-post","status-publish","format-standard","has-post-thumbnail","hentry","category-eleicoes-2016-2","category-leste","tag-agua-boa","tag-baleados-em-agua-boa","tag-crianagua-boacas-baleadas-em","tag-destaque","tag-disputa-politica-em-agua-boa","tag-dois-filhos-de-candidato-a-vereador-sao-baleados-apos-comicio-em-agua-boa","tag-filhos-de-vereador-baleados-em-agua-boa","tag-filhos-do-candidato-gervano-cordeiro-de-sousa","tag-filhos-do-gervano-cordeiro-de-sousa","tag-gervano-cordeiro-de-sousa","tag-meninos-baleados-em-agua-boa"],"_links":{"self":[{"href":"https:\/\/aconteceunovale.com.br\/portal\/index.php?rest_route=\/wp\/v2\/posts\/98026","targetHints":{"allow":["GET"]}}],"collection":[{"href":"https:\/\/aconteceunovale.com.br\/portal\/index.php?rest_route=\/wp\/v2\/posts"}],"about":[{"href":"https:\/\/aconteceunovale.com.br\/portal\/index.php?rest_route=\/wp\/v2\/types\/post"}],"author":[{"embeddable":true,"href":"https:\/\/aconteceunovale.com.br\/portal\/index.php?rest_route=\/wp\/v2\/users\/1"}],"replies":[{"embeddable":true,"href":"https:\/\/aconteceunovale.com.br\/portal\/index.php?rest_route=%2Fwp%2Fv2%2Fcomments&post=98026"}],"version-history":[{"count":0,"href":"https:\/\/aconteceunovale.com.br\/portal\/index.php?rest_route=\/wp\/v2\/posts\/98026\/revisions"}],"wp:featuredmedia":[{"embeddable":true,"href":"https:\/\/aconteceunovale.com.br\/portal\/index.php?rest_route=\/wp\/v2\/media\/98027"}],"wp:attachment":[{"href":"https:\/\/aconteceunovale.com.br\/portal\/index.php?rest_route=%2Fwp%2Fv2%2Fmedia&parent=98026"}],"wp:term":[{"taxonomy":"category","embeddable":true,"href":"https:\/\/aconteceunovale.com.br\/portal\/index.php?rest_route=%2Fwp%2Fv2%2Fcategories&post=98026"},{"taxonomy":"post_tag","embeddable":true,"href":"https:\/\/aconteceunovale.com.br\/portal\/index.php?rest_route=%2Fwp%2Fv2%2Ftags&post=98026"}],"curies":[{"name":"wp","href":"https:\/\/api.w.org\/{rel}","templated":true}]}}