{"id":98023,"date":"2016-09-29T11:29:23","date_gmt":"2016-09-29T14:29:23","guid":{"rendered":"http:\/\/aconteceunovale.com.br\/portal\/?p=98023"},"modified":"2016-09-29T11:29:23","modified_gmt":"2016-09-29T14:29:23","slug":"mec-divulga-dados-preliminares-do-censo-escolar-2016","status":"publish","type":"post","link":"https:\/\/aconteceunovale.com.br\/portal\/?p=98023","title":{"rendered":"MEC divulga dados preliminares do Censo Escolar 2016"},"content":{"rendered":"<p>O Minist\u00e9rio da Educa\u00e7\u00e3o divulgou hoje (29\/09\/2016), no\u00a0<em>Di\u00e1rio Oficial da Uni\u00e3o<\/em>, o resultado preliminar do Censo Escolar de 2016. O levantamento detalha o n\u00famero de matr\u00edculas iniciais na educa\u00e7\u00e3o b\u00e1sica das redes p\u00fablicas municipal e estadual de ensino. Elas referem-se \u00e0 creche, pr\u00e9-escola, aos ensinos fundamental e m\u00e9dio, \u00e0 educa\u00e7\u00e3o de jovens e adultos e educa\u00e7\u00e3o especial. Abrange as \u00e1reas urbanas e rurais e a educa\u00e7\u00e3o em tempo parcial e integral.<\/p>\n<p>Os dados preliminares mostram que os anos iniciais do ensino fundamental em turno parcial concentram a maior parte das matr\u00edculas das redes municipal e estadual (10.844.700), seguido pelos anos finais do ensino fundamental, tamb\u00e9m em turno parcial (9.311.561). N\u00e3o est\u00e3o contabilizados nesses totais as matr\u00edculas da educa\u00e7\u00e3o especial.<\/p>\n<p>O n\u00famero detalhado das matr\u00edculas em cada munic\u00edpio por etapa de ensino est\u00e1 dispon\u00edvel no<a href=\"http:\/\/pesquisa.in.gov.br\/imprensa\/jsp\/visualiza\/index.jsp?data=29\/09\/2016&amp;jornal=1&amp;pagina=21&amp;totalArquivos=768\" target=\"_blank\"><em>Di\u00e1rio Oficial da Uni\u00e3o (clique aqui para acessar)<\/em><\/a>.<\/p>\n<p>A partir da divulga\u00e7\u00e3o dos dados preliminares, os diretores das escolas t\u00eam prazo de 30 dias para conferir e retificar os dados, se necess\u00e1rio, no sistema Educacenso. Finalizado o per\u00edodo de retifica\u00e7\u00f5es, os dados definitivos s\u00e3o publicados no\u00a0<a href=\"http:\/\/www.educacenso.inep.gov.br\/censobasico\/#\/\" target=\"_blank\"><em>site www.educacenso.inep.gov.br\/censobasico<\/em><\/a>.<\/p>\n<p>A segunda etapa do Censo Escolar de 2016 deve ter in\u00edcio em fevereiro de 2017. Nessa fase, ser\u00e3o coletados os dados sobre o rendimento e o movimento escolar dos alunos declarados (aprova\u00e7\u00e3o, reprova\u00e7\u00e3o e abandono).<\/p>\n<p>O censo escolar \u00e9 feito anualmente. Contabilizar o n\u00famero das matr\u00edculas \u00e9 fundamental para o repasse de recursos e a execu\u00e7\u00e3o de programas e pol\u00edticas p\u00fablicas na \u00e1rea da educa\u00e7\u00e3o, como a distribui\u00e7\u00e3o de livros, o transporte escolar, a instala\u00e7\u00e3o de bibliotecas e o Fundo de Manuten\u00e7\u00e3o e Desenvolvimento da Educa\u00e7\u00e3o B\u00e1sica e de Valoriza\u00e7\u00e3o dos Profissionais da Educa\u00e7\u00e3o (Fundeb).<\/p>\n<p>(Ag\u00eancia Brasil)<\/p>\n","protected":false},"excerpt":{"rendered":"<p>O Minist\u00e9rio da Educa\u00e7\u00e3o divulgou hoje (29\/09\/2016), no\u00a0Di\u00e1rio Oficial da Uni\u00e3o, o resultado preliminar do Censo Escolar de 2016. O levantamento detalha o n\u00famero de matr\u00edculas iniciais na educa\u00e7\u00e3o b\u00e1sica das redes p\u00fablicas municipal e estadual de ensino. Elas referem-se \u00e0 creche, pr\u00e9-escola, aos ensinos fundamental e m\u00e9dio, \u00e0 educa\u00e7\u00e3o de jovens e adultos e [&hellip;]<\/p>\n","protected":false},"author":1,"featured_media":98024,"comment_status":"open","ping_status":"closed","sticky":false,"template":"","format":"standard","meta":{"amp_status":"","footnotes":""},"categories":[40238],"tags":[84422,117505,117506,117508,1168,117509,117507],"class_list":["post-98023","post","type-post","status-publish","format-standard","has-post-thumbnail","hentry","category-educacao-2","tag-censo-escolar","tag-censo-escolar-de-2016","tag-dados-do-censo-escolar-de-2016","tag-dados-preliminares","tag-mec","tag-mec-divulga-dados-preliminares-do-censo-escolar-2016","tag-numeros-do-censo-escolar-de-2016"],"_links":{"self":[{"href":"https:\/\/aconteceunovale.com.br\/portal\/index.php?rest_route=\/wp\/v2\/posts\/98023","targetHints":{"allow":["GET"]}}],"collection":[{"href":"https:\/\/aconteceunovale.com.br\/portal\/index.php?rest_route=\/wp\/v2\/posts"}],"about":[{"href":"https:\/\/aconteceunovale.com.br\/portal\/index.php?rest_route=\/wp\/v2\/types\/post"}],"author":[{"embeddable":true,"href":"https:\/\/aconteceunovale.com.br\/portal\/index.php?rest_route=\/wp\/v2\/users\/1"}],"replies":[{"embeddable":true,"href":"https:\/\/aconteceunovale.com.br\/portal\/index.php?rest_route=%2Fwp%2Fv2%2Fcomments&post=98023"}],"version-history":[{"count":0,"href":"https:\/\/aconteceunovale.com.br\/portal\/index.php?rest_route=\/wp\/v2\/posts\/98023\/revisions"}],"wp:featuredmedia":[{"embeddable":true,"href":"https:\/\/aconteceunovale.com.br\/portal\/index.php?rest_route=\/wp\/v2\/media\/98024"}],"wp:attachment":[{"href":"https:\/\/aconteceunovale.com.br\/portal\/index.php?rest_route=%2Fwp%2Fv2%2Fmedia&parent=98023"}],"wp:term":[{"taxonomy":"category","embeddable":true,"href":"https:\/\/aconteceunovale.com.br\/portal\/index.php?rest_route=%2Fwp%2Fv2%2Fcategories&post=98023"},{"taxonomy":"post_tag","embeddable":true,"href":"https:\/\/aconteceunovale.com.br\/portal\/index.php?rest_route=%2Fwp%2Fv2%2Ftags&post=98023"}],"curies":[{"name":"wp","href":"https:\/\/api.w.org\/{rel}","templated":true}]}}