{"id":98019,"date":"2016-09-29T11:10:26","date_gmt":"2016-09-29T14:10:26","guid":{"rendered":"http:\/\/aconteceunovale.com.br\/portal\/?p=98019"},"modified":"2016-09-29T11:10:26","modified_gmt":"2016-09-29T14:10:26","slug":"vice-governador-de-goias-esta-consciente-e-respira-sozinho","status":"publish","type":"post","link":"https:\/\/aconteceunovale.com.br\/portal\/?p=98019","title":{"rendered":"Vice-governador de Goi\u00e1s est\u00e1 consciente e respira sozinho"},"content":{"rendered":"<p>O governo de Goi\u00e1s informou hoje (29\/09\/2016) que o estado de sa\u00fade do vice-governador Jos\u00e9 Eliton e do advogado da prefeitura de Itumbiara, C\u00e9lio Rezende, \u00e9 est\u00e1vel. Segundo boletim m\u00e9dico do Hospital de Urg\u00eancias Governador Ot\u00e1vio Lage de Siqueira (Hugol), em Goi\u00e2nia, ambos est\u00e3o internados na UTI da unidade, conscientes, est\u00e1veis e respirando espontaneamente.<\/p>\n<p>Ontem (28), eles participavam de uma carreata do candidato \u00e0 prefeitura do munic\u00edpio de Itumbiara, Jos\u00e9 Gomes da Rocha (PTB), quando foram baleados. Ex-prefeito da cidade e ex-deputado federal, Rocha tamb\u00e9m foi baleado, n\u00e3o resistiu aos ferimentos e morreu no local. O policial militar Vanilson Jo\u00e3o Pereira, que fazia a seguran\u00e7a do vice-governador, tamb\u00e9m morreu. O enterro das v\u00edtimas est\u00e1 previsto para hoje.<\/p>\n<p>Durante a evolu\u00e7\u00e3o da carreata, um carro foi de encontro ao ve\u00edculo em que estavam Jos\u00e9 Eliton, Jos\u00e9 Gomes da Rocha e outras pessoas. O motorista do carro disparou com uma pistola em dire\u00e7\u00e3o aos pol\u00edticos; o atirador foi morto no local pela equipe de seguran\u00e7a do vice-governador.<\/p>\n<p>Segundo a Pol\u00edcia Civil, o atirador foi identificado como Gilberto Ferreira do Amaral, funcion\u00e1rio da prefeitura de Itumbiara. A pol\u00edcia local est\u00e1 ouvindo tetemunhas e agora investiga a motiva\u00e7\u00e3o do crime e se ele agiu sozinho.<\/p>\n<p>Jos\u00e9 Eliton, que tamb\u00e9m \u00e9 secret\u00e1rio de Seguran\u00e7a P\u00fablica do estado, era o governador em exerc\u00edcio, j\u00e1 que Marconi Perillo estava em viagem nos Estados Unidos, em miss\u00e3o comercial. Segundo o governo de Goi\u00e1s, o governador antecipou sua volta, prevista para s\u00e1bado (1\u00ba) e deve chegar hoje \u00e0 tarde a Goi\u00e2nia. At\u00e9 a chegada de Perillo, o presidente da Assembleia Legislativa, H\u00e9lio de Sousa (PSDB), \u00e9 o governador em exerc\u00edcio.<\/p>\n<p><img decoding=\"async\" src=\"http:\/\/aconteceunovale.com.br\/portal\/wp-content\/uploads\/2016\/09\/vicente_goias.jpg\" alt=\"\" \/><em>O vice-governador de Goi\u00e1s, Jos\u00e9 Eliton de Figuer\u00eado J\u00fanior (Reprodu\u00e7a\u00f5\/Jornal do Vale)<\/em><br \/>\n<\/br><\/p>\n<p><strong>TSE<\/strong><\/p>\n<p>O presidente do Tribunal Superior Eleitoral, ministro Gilmar Mendes, divulgou nota repudiando o atentado contra o candidato \u00e0 prefeitura de Itumbiara.<\/p>\n<p>Mendes reafirmou compromisso de cobrar investiga\u00e7\u00e3o sobre mortes envolvendo candidatos \u00e0s elei\u00e7\u00f5es municipais e disse que pediu o apoio da Pol\u00edcia Federal no acompanhamento das apura\u00e7\u00f5es sobre outros casos de atentados contra candidatos.<\/p>\n<p>O ministro da Justi\u00e7a, Alexandre de Moraes, segue agora para Goi\u00e2nia, onde vai visitar o vice-governador. (Ag\u00eancia Brasil)<\/p>\n","protected":false},"excerpt":{"rendered":"<p>O governo de Goi\u00e1s informou hoje (29\/09\/2016) que o estado de sa\u00fade do vice-governador Jos\u00e9 Eliton e do advogado da prefeitura de Itumbiara, C\u00e9lio Rezende, \u00e9 est\u00e1vel. Segundo boletim m\u00e9dico do Hospital de Urg\u00eancias Governador Ot\u00e1vio Lage de Siqueira (Hugol), em Goi\u00e2nia, ambos est\u00e3o internados na UTI da unidade, conscientes, est\u00e1veis e respirando espontaneamente. Ontem [&hellip;]<\/p>\n","protected":false},"author":1,"featured_media":97977,"comment_status":"open","ping_status":"closed","sticky":false,"template":"","format":"standard","meta":{"amp_status":"","footnotes":""},"categories":[6,40240],"tags":[109048,94097,117385,117383,117382,117378,117384,107337,107336,107342,107338,107339,107335,107341,107340,107334,107316,107325,107321,107331,109046,107322,107332,117444,107347,107343,107315,107323,109047,59515,107324,78864,107333,107330,117377,117481,117482,117446,4609,14426,107344,107345,107346,49982,117387,117380,117386,107320,107329,107318,107327,107319,107328,107317,107326,117445,51174,117379,117381,117483],"class_list":["post-98019","post","type-post","status-publish","format-standard","has-post-thumbnail","hentry","category-br","category-politica-2","tag-aplicativo-candidaturas-2016","tag-atentado","tag-atentado-contra-candidato-a-prefeito-itumbiara","tag-atentado-contra-jose-eliton-de-figueredo-junior","tag-atentado-contra-vice-governador-de-goias","tag-atentato","tag-candidato-a-prefeito-itumbiara","tag-candidatos-a-prefeito-de","tag-candidatos-a-prefeito-eleicoes-2016","tag-candidatos-a-prefeito-eleicoes-municipais-2016","tag-candidatos-a-prefeito-em","tag-candidatos-a-vereador-de","tag-candidatos-a-vereador-eleicoes-2016","tag-candidatos-a-vereador-eleicoes-municipais-2016","tag-candidatos-a-vereador-em","tag-candidatos-a-vereador-em-2016","tag-candidatos-eleicoes-2016","tag-candidatos-eleicoes-2016-minas-gerais","tag-candidatos-eleicoes-municipais-2016","tag-candidatos-eleicoes-municipais-2016-minas-gerais","tag-candidaturas-2016","tag-candidaturas-eleicoes-municipais-2016","tag-candidaturas-eleicoes-municipais-2016-minas-gerais","tag-celio-rezende","tag-consultas-sobre-candidatos-2016","tag-divulgacao-de-candidaturas-2016","tag-divulgacao-de-candidaturas-eleicoes-2016","tag-divulgacao-de-candidaturas-eleicoes-2016-minas-gerais","tag-download-aplicativo-candidaturas-2016","tag-eleicoes-2016","tag-eleicoes-2016-minas-gerais","tag-eleicoes-municipais-2016","tag-eleicoes-municipais-2016-divulgacao-de-candidaturas","tag-eleicoes-municipais-2016-minas-gerais","tag-eleicoes2016","tag-estado-de-saude","tag-estado-de-saude-do-vice-governador-de-goias","tag-gilberto-ferreira-do-amaral","tag-goiania","tag-goias","tag-informacoes-detalhadas-sobre-todos-os-candidatos-de-2016","tag-informacoes-sobre-todos-os-candidatos","tag-informacoes-sobre-todos-os-candidatos-de-2016","tag-itumbiara","tag-jose-eliton","tag-jose-eliton-de-figueredo-junior","tag-jose-gomes-da-rocha","tag-lista-candidaturas-eleicoes-2016","tag-lista-candidaturas-eleicoes-2016-minas-gerais","tag-lista-de-todos-os-candidatos-eleicoes-2016","tag-lista-de-todos-os-candidatos-eleicoes-2016-minas-gerais","tag-relacao-candidaturas-eleicoes-2016","tag-relacao-candidaturas-eleicoes-2016-minas-gerais","tag-relacao-de-todos-os-candidatos-eleicoes-2016","tag-relacao-de-todos-os-candidatos-eleicoes-2016-minas-gerais","tag-vanilson-rodrigues","tag-vice-governador","tag-vice-governador-de-goias","tag-vice-governador-de-goias-e-candidato-a-prefeito-sao-baleados-durante-carreata","tag-vice-governador-de-goias-esta-consciente-e-respira-sozinho"],"_links":{"self":[{"href":"https:\/\/aconteceunovale.com.br\/portal\/index.php?rest_route=\/wp\/v2\/posts\/98019","targetHints":{"allow":["GET"]}}],"collection":[{"href":"https:\/\/aconteceunovale.com.br\/portal\/index.php?rest_route=\/wp\/v2\/posts"}],"about":[{"href":"https:\/\/aconteceunovale.com.br\/portal\/index.php?rest_route=\/wp\/v2\/types\/post"}],"author":[{"embeddable":true,"href":"https:\/\/aconteceunovale.com.br\/portal\/index.php?rest_route=\/wp\/v2\/users\/1"}],"replies":[{"embeddable":true,"href":"https:\/\/aconteceunovale.com.br\/portal\/index.php?rest_route=%2Fwp%2Fv2%2Fcomments&post=98019"}],"version-history":[{"count":0,"href":"https:\/\/aconteceunovale.com.br\/portal\/index.php?rest_route=\/wp\/v2\/posts\/98019\/revisions"}],"wp:featuredmedia":[{"embeddable":true,"href":"https:\/\/aconteceunovale.com.br\/portal\/index.php?rest_route=\/wp\/v2\/media\/97977"}],"wp:attachment":[{"href":"https:\/\/aconteceunovale.com.br\/portal\/index.php?rest_route=%2Fwp%2Fv2%2Fmedia&parent=98019"}],"wp:term":[{"taxonomy":"category","embeddable":true,"href":"https:\/\/aconteceunovale.com.br\/portal\/index.php?rest_route=%2Fwp%2Fv2%2Fcategories&post=98019"},{"taxonomy":"post_tag","embeddable":true,"href":"https:\/\/aconteceunovale.com.br\/portal\/index.php?rest_route=%2Fwp%2Fv2%2Ftags&post=98019"}],"curies":[{"name":"wp","href":"https:\/\/api.w.org\/{rel}","templated":true}]}}