{"id":98004,"date":"2016-09-29T09:43:24","date_gmt":"2016-09-29T12:43:24","guid":{"rendered":"http:\/\/aconteceunovale.com.br\/portal\/?p=98004"},"modified":"2016-09-29T09:43:24","modified_gmt":"2016-09-29T12:43:24","slug":"previsao-do-tempo-para-minas-gerais-nesta-quinta-feira-29-de-setembro","status":"publish","type":"post","link":"https:\/\/aconteceunovale.com.br\/portal\/?p=98004","title":{"rendered":"Previs\u00e3o do tempo para Minas Gerais, nesta quinta-feira, 29 de setembro"},"content":{"rendered":"<h4><strong><em>Dia ensolarado, sem chuva e baixa umidade do ar em grande parte das regi\u00f5es mineiras.<\/em><\/strong><\/h4>\n<p>O dia ser\u00e1 de c\u00e9u claro, com umidade relativa do ar abaixo de 30% \u00e0 tarde, no Norte, Noroeste, Central Mineira, Oeste, Sul e Tri\u00e2ngulo.  Na Regi\u00e3o Metropolitana de Belo Horizonte, Campo das Vertentes e Zona da Mata, o tempo deve ficar ensolarado a parcialmente nublado e sem chuva. No Vale do Rio do Doce, Vale do Mucuri e Vale do Jequitinhonha, c\u00e9u nublado e pode chover. Na capital mineira as temperaturas devem oscilar entre 16\u00b0C e 30\u00b0C, com umidade relativa do ar em torno de 35% \u00e0 tarde.<\/p>\n","protected":false},"excerpt":{"rendered":"<p>Dia ensolarado, sem chuva e baixa umidade do ar em grande parte das regi\u00f5es mineiras. O dia ser\u00e1 de c\u00e9u claro, com umidade relativa do ar abaixo de 30% \u00e0 tarde, no Norte, Noroeste, Central Mineira, Oeste, Sul e Tri\u00e2ngulo. Na Regi\u00e3o Metropolitana de Belo Horizonte, Campo das Vertentes e Zona da Mata, o tempo [&hellip;]<\/p>\n","protected":false},"author":1,"featured_media":82499,"comment_status":"open","ping_status":"closed","sticky":false,"template":"","format":"standard","meta":{"amp_status":"","footnotes":""},"categories":[123],"tags":[61247,194,131,37346,1956,27340,117453,86092,117452,1839,117450,29257,117449,117451],"class_list":["post-98004","post","type-post","status-publish","format-standard","has-post-thumbnail","hentry","category-gerais","tag-29-de-setembro","tag-belo-horizonte","tag-minas-gerais","tag-nesta-quinta-feira","tag-previsao-do-tempo","tag-previsao-do-tempo-para-belo-horizonte","tag-previsao-do-tempo-para-belo-horizonte-29-de-setembro","tag-previsao-do-tempo-para-belo-horizonte-nesta-quinta-feira","tag-previsao-do-tempo-para-belo-horizonte-nesta-quinta-feira-29-de-setembro","tag-previsao-do-tempo-para-minas-gerais","tag-previsao-do-tempo-para-minas-gerais-29-de-setembro","tag-previsao-do-tempo-para-minas-gerais-nesta-quinta-feira","tag-previsao-do-tempo-para-minas-gerais-nesta-quinta-feira-29-de-setembro","tag-quinta-feira-29-de-setembro"],"_links":{"self":[{"href":"https:\/\/aconteceunovale.com.br\/portal\/index.php?rest_route=\/wp\/v2\/posts\/98004","targetHints":{"allow":["GET"]}}],"collection":[{"href":"https:\/\/aconteceunovale.com.br\/portal\/index.php?rest_route=\/wp\/v2\/posts"}],"about":[{"href":"https:\/\/aconteceunovale.com.br\/portal\/index.php?rest_route=\/wp\/v2\/types\/post"}],"author":[{"embeddable":true,"href":"https:\/\/aconteceunovale.com.br\/portal\/index.php?rest_route=\/wp\/v2\/users\/1"}],"replies":[{"embeddable":true,"href":"https:\/\/aconteceunovale.com.br\/portal\/index.php?rest_route=%2Fwp%2Fv2%2Fcomments&post=98004"}],"version-history":[{"count":0,"href":"https:\/\/aconteceunovale.com.br\/portal\/index.php?rest_route=\/wp\/v2\/posts\/98004\/revisions"}],"wp:featuredmedia":[{"embeddable":true,"href":"https:\/\/aconteceunovale.com.br\/portal\/index.php?rest_route=\/wp\/v2\/media\/82499"}],"wp:attachment":[{"href":"https:\/\/aconteceunovale.com.br\/portal\/index.php?rest_route=%2Fwp%2Fv2%2Fmedia&parent=98004"}],"wp:term":[{"taxonomy":"category","embeddable":true,"href":"https:\/\/aconteceunovale.com.br\/portal\/index.php?rest_route=%2Fwp%2Fv2%2Fcategories&post=98004"},{"taxonomy":"post_tag","embeddable":true,"href":"https:\/\/aconteceunovale.com.br\/portal\/index.php?rest_route=%2Fwp%2Fv2%2Ftags&post=98004"}],"curies":[{"name":"wp","href":"https:\/\/api.w.org\/{rel}","templated":true}]}}