{"id":97996,"date":"2016-09-28T22:46:43","date_gmt":"2016-09-29T01:46:43","guid":{"rendered":"http:\/\/aconteceunovale.com.br\/portal\/?p=97996"},"modified":"2016-09-28T22:46:43","modified_gmt":"2016-09-29T01:46:43","slug":"candidato-a-vereador-e-detido-ao-tentar-furtar-30-latas-de-cerveja-em-supermercado-de-janauba","status":"publish","type":"post","link":"https:\/\/aconteceunovale.com.br\/portal\/?p=97996","title":{"rendered":"Candidato a vereador \u00e9 detido ao tentar furtar 30 latas de cerveja em supermercado de Jana\u00faba"},"content":{"rendered":"<p>Um candidato a vereador foi preso na manh\u00e3 desta quarta-feira (28\/09\/2016) ap\u00f3s tentar furtar cervejas em um supermercado de Jana\u00faba, na regi\u00e3o Norte de Minas Gerais. Um funcion\u00e1rio afirmou \u00e0 Pol\u00edcia Militar (PM) que o candidato o procurou informando que entraria na loja com uma bolsa, onde transportava panfletos e santinhos.<\/p>\n<p>A Pol\u00edcia afirmou que o funcion\u00e1rio suspeitou da atitude do candidato e passou a vigi\u00e1-lo, j\u00e1 que n\u00e3o era a primeira vez que o fato acontecia na loja. Quando o candidato sa\u00eda da loja, o funcion\u00e1rio percebeu que o volume da bolsa era maior do que quando ele entrou. Ao verificar, encontrou os panfletos e 30 latas de cerveja. O rapaz foi conduzido \u00e0 delegacia da cidade, onde prestou depoimento e foi liberado.<\/p>\n<p>A reportagem procurou pelo candidato Thulio Henrique Viana Pires, mas ele n\u00e3o foi encontrado. O PC do B afirmou que ainda n\u00e3o foi informado oficialmente sobre o caso, mas os advogados do partido alegaram que o candidato Thulio Pires estava no estabelecimento fazendo campanha e houve um desentendimento, motivo pelo qual a pol\u00edcia foi acionada.<\/p>\n<p><em>(Fonte: G1 Grande Minas)<\/em><\/p>\n","protected":false},"excerpt":{"rendered":"<p>Um candidato a vereador foi preso na manh\u00e3 desta quarta-feira (28\/09\/2016) ap\u00f3s tentar furtar cervejas em um supermercado de Jana\u00faba, na regi\u00e3o Norte de Minas Gerais. Um funcion\u00e1rio afirmou \u00e0 Pol\u00edcia Militar (PM) que o candidato o procurou informando que entraria na loja com uma bolsa, onde transportava panfletos e santinhos. A Pol\u00edcia afirmou que [&hellip;]<\/p>\n","protected":false},"author":1,"featured_media":95688,"comment_status":"open","ping_status":"closed","sticky":false,"template":"","format":"standard","meta":{"amp_status":"","footnotes":""},"categories":[1236],"tags":[109048,117438,117439,117440,107337,107336,107342,107338,107339,107335,107341,107340,107334,107316,107325,107321,107331,109046,107322,107332,107347,107343,107315,107323,109047,59515,107324,78864,107333,107330,107344,107345,107346,204,107320,107329,107318,107327,28373,89225,117441,107319,107328,107317,107326,117442,117443],"class_list":["post-97996","post","type-post","status-publish","format-standard","has-post-thumbnail","hentry","category-norte_de_minas","tag-aplicativo-candidaturas-2016","tag-candidato-a-vereador-e-detido-ao-tentar-furtar-30-latas-de-cerveja-em-supermercado-de-janauba","tag-candidato-preso-em-janauba","tag-candidato-preso-por-roubo-em-janauba","tag-candidatos-a-prefeito-de","tag-candidatos-a-prefeito-eleicoes-2016","tag-candidatos-a-prefeito-eleicoes-municipais-2016","tag-candidatos-a-prefeito-em","tag-candidatos-a-vereador-de","tag-candidatos-a-vereador-eleicoes-2016","tag-candidatos-a-vereador-eleicoes-municipais-2016","tag-candidatos-a-vereador-em","tag-candidatos-a-vereador-em-2016","tag-candidatos-eleicoes-2016","tag-candidatos-eleicoes-2016-minas-gerais","tag-candidatos-eleicoes-municipais-2016","tag-candidatos-eleicoes-municipais-2016-minas-gerais","tag-candidaturas-2016","tag-candidaturas-eleicoes-municipais-2016","tag-candidaturas-eleicoes-municipais-2016-minas-gerais","tag-consultas-sobre-candidatos-2016","tag-divulgacao-de-candidaturas-2016","tag-divulgacao-de-candidaturas-eleicoes-2016","tag-divulgacao-de-candidaturas-eleicoes-2016-minas-gerais","tag-download-aplicativo-candidaturas-2016","tag-eleicoes-2016","tag-eleicoes-2016-minas-gerais","tag-eleicoes-municipais-2016","tag-eleicoes-municipais-2016-divulgacao-de-candidaturas","tag-eleicoes-municipais-2016-minas-gerais","tag-informacoes-detalhadas-sobre-todos-os-candidatos-de-2016","tag-informacoes-sobre-todos-os-candidatos","tag-informacoes-sobre-todos-os-candidatos-de-2016","tag-janauba","tag-lista-candidaturas-eleicoes-2016","tag-lista-candidaturas-eleicoes-2016-minas-gerais","tag-lista-de-todos-os-candidatos-eleicoes-2016","tag-lista-de-todos-os-candidatos-eleicoes-2016-minas-gerais","tag-pc-do-b","tag-preso-em-janauba","tag-prisao-de-candidato-em-janauba","tag-relacao-candidaturas-eleicoes-2016","tag-relacao-candidaturas-eleicoes-2016-minas-gerais","tag-relacao-de-todos-os-candidatos-eleicoes-2016","tag-relacao-de-todos-os-candidatos-eleicoes-2016-minas-gerais","tag-thulio-henrique-viana-pires","tag-thulio-pires"],"_links":{"self":[{"href":"https:\/\/aconteceunovale.com.br\/portal\/index.php?rest_route=\/wp\/v2\/posts\/97996","targetHints":{"allow":["GET"]}}],"collection":[{"href":"https:\/\/aconteceunovale.com.br\/portal\/index.php?rest_route=\/wp\/v2\/posts"}],"about":[{"href":"https:\/\/aconteceunovale.com.br\/portal\/index.php?rest_route=\/wp\/v2\/types\/post"}],"author":[{"embeddable":true,"href":"https:\/\/aconteceunovale.com.br\/portal\/index.php?rest_route=\/wp\/v2\/users\/1"}],"replies":[{"embeddable":true,"href":"https:\/\/aconteceunovale.com.br\/portal\/index.php?rest_route=%2Fwp%2Fv2%2Fcomments&post=97996"}],"version-history":[{"count":0,"href":"https:\/\/aconteceunovale.com.br\/portal\/index.php?rest_route=\/wp\/v2\/posts\/97996\/revisions"}],"wp:featuredmedia":[{"embeddable":true,"href":"https:\/\/aconteceunovale.com.br\/portal\/index.php?rest_route=\/wp\/v2\/media\/95688"}],"wp:attachment":[{"href":"https:\/\/aconteceunovale.com.br\/portal\/index.php?rest_route=%2Fwp%2Fv2%2Fmedia&parent=97996"}],"wp:term":[{"taxonomy":"category","embeddable":true,"href":"https:\/\/aconteceunovale.com.br\/portal\/index.php?rest_route=%2Fwp%2Fv2%2Fcategories&post=97996"},{"taxonomy":"post_tag","embeddable":true,"href":"https:\/\/aconteceunovale.com.br\/portal\/index.php?rest_route=%2Fwp%2Fv2%2Ftags&post=97996"}],"curies":[{"name":"wp","href":"https:\/\/api.w.org\/{rel}","templated":true}]}}