{"id":97993,"date":"2016-09-28T22:37:50","date_gmt":"2016-09-29T01:37:50","guid":{"rendered":"http:\/\/aconteceunovale.com.br\/portal\/?p=97993"},"modified":"2016-09-28T22:37:50","modified_gmt":"2016-09-29T01:37:50","slug":"idoso-de-90-anos-e-atropelado-por-onibus-em-montes-claros","status":"publish","type":"post","link":"https:\/\/aconteceunovale.com.br\/portal\/?p=97993","title":{"rendered":"Idoso de 90 anos \u00e9 atropelado por \u00f4nibus em Montes Claros"},"content":{"rendered":"<p>Um idoso de 90 anos foi atropelado por um \u00f4nibus do transporte coletivo na manh\u00e3 desta quarta-feira (28\/09\/2016), em Montes Claros, no Norte de Minas. Segundo informa\u00e7\u00f5es do Corpo de Bombeiros, a v\u00edtima tentou atravessar a Rua Camilo Prates, no Centro, quando foi atingida pelo ve\u00edculo. O motorista teria tentado desviar, mas n\u00e3o conseguiu evitar o acidente.<\/p>\n<p>O idoso teve um corte na cabe\u00e7a e foi socorrido pelos Bombeiros para um hospital da cidade. No fim da tarde desta quarta-feira, o hospital confirmou a morte do idoso.<\/p>\n<p><img decoding=\"async\" src=\"http:\/\/aconteceunovale.com.br\/portal\/wp-content\/uploads\/2016\/09\/idoso_moc.jpg\" alt=\"\" \/><em>Idoso foi atropelado no Centro de Montes Claros (Foto: Max Andrade\/Inter TV)<\/em><br \/>\n<\/br><\/p>\n<p><em>(Fonte: G1 Grande Minas)<\/em><\/p>\n","protected":false},"excerpt":{"rendered":"<p>Um idoso de 90 anos foi atropelado por um \u00f4nibus do transporte coletivo na manh\u00e3 desta quarta-feira (28\/09\/2016), em Montes Claros, no Norte de Minas. Segundo informa\u00e7\u00f5es do Corpo de Bombeiros, a v\u00edtima tentou atravessar a Rua Camilo Prates, no Centro, quando foi atingida pelo ve\u00edculo. O motorista teria tentado desviar, mas n\u00e3o conseguiu evitar [&hellip;]<\/p>\n","protected":false},"author":1,"featured_media":97994,"comment_status":"open","ping_status":"closed","sticky":false,"template":"","format":"standard","meta":{"amp_status":"","footnotes":""},"categories":[1236],"tags":[117437,16673,117435,117436,65737,117434,117433,210],"class_list":["post-97993","post","type-post","status-publish","format-standard","has-post-thumbnail","hentry","category-norte_de_minas","tag-acidente-com-idoso-em-montes-claros","tag-acidente-em-montes-claros","tag-atropelado-em-montes-claros","tag-atropelamento-de-idoso-em-montes-claros","tag-atropelamento-em-montes-claros","tag-idoso-atropelado-em-montes-claros","tag-idoso-de-90-anos-e-atropelado-por-onibus-em-montes-claros","tag-montes-claros"],"_links":{"self":[{"href":"https:\/\/aconteceunovale.com.br\/portal\/index.php?rest_route=\/wp\/v2\/posts\/97993","targetHints":{"allow":["GET"]}}],"collection":[{"href":"https:\/\/aconteceunovale.com.br\/portal\/index.php?rest_route=\/wp\/v2\/posts"}],"about":[{"href":"https:\/\/aconteceunovale.com.br\/portal\/index.php?rest_route=\/wp\/v2\/types\/post"}],"author":[{"embeddable":true,"href":"https:\/\/aconteceunovale.com.br\/portal\/index.php?rest_route=\/wp\/v2\/users\/1"}],"replies":[{"embeddable":true,"href":"https:\/\/aconteceunovale.com.br\/portal\/index.php?rest_route=%2Fwp%2Fv2%2Fcomments&post=97993"}],"version-history":[{"count":0,"href":"https:\/\/aconteceunovale.com.br\/portal\/index.php?rest_route=\/wp\/v2\/posts\/97993\/revisions"}],"wp:featuredmedia":[{"embeddable":true,"href":"https:\/\/aconteceunovale.com.br\/portal\/index.php?rest_route=\/wp\/v2\/media\/97994"}],"wp:attachment":[{"href":"https:\/\/aconteceunovale.com.br\/portal\/index.php?rest_route=%2Fwp%2Fv2%2Fmedia&parent=97993"}],"wp:term":[{"taxonomy":"category","embeddable":true,"href":"https:\/\/aconteceunovale.com.br\/portal\/index.php?rest_route=%2Fwp%2Fv2%2Fcategories&post=97993"},{"taxonomy":"post_tag","embeddable":true,"href":"https:\/\/aconteceunovale.com.br\/portal\/index.php?rest_route=%2Fwp%2Fv2%2Ftags&post=97993"}],"curies":[{"name":"wp","href":"https:\/\/api.w.org\/{rel}","templated":true}]}}