{"id":97976,"date":"2016-09-28T20:26:13","date_gmt":"2016-09-28T23:26:13","guid":{"rendered":"http:\/\/aconteceunovale.com.br\/portal\/?p=97976"},"modified":"2016-09-28T23:22:50","modified_gmt":"2016-09-29T02:22:50","slug":"vice-governador-de-goias-e-candidato-a-prefeito-sao-baleados-durante-carreata","status":"publish","type":"post","link":"https:\/\/aconteceunovale.com.br\/portal\/?p=97976","title":{"rendered":"Vice-governador de Goi\u00e1s e candidato a prefeito s\u00e3o baleados durante carreata"},"content":{"rendered":"<p>O governador em exerc\u00edcio de Goi\u00e1s, Jos\u00e9 Eliton de Figuer\u00eado J\u00fanior, que \u00e9 vice-governador e secret\u00e1rio de Seguran\u00e7a do estado, foi baleado hoje (28\/09\/2016) quando participava de uma carreata do candidato \u00e0 prefeitura do munic\u00edpio de Itumbiara Jos\u00e9 Gomes da Rocha (PTB). Ex-prefeito da cidade e ex-deputado federal, Rocha tamb\u00e9m foi baleado, n\u00e3o resistiu aos ferimentos e morreu no local.<\/p>\n<p>De acordo a assessoria de imprensa da vice-governadoria de Goi\u00e1s, Jos\u00e9 Eliton foi submetido a uma cirurgia e ser\u00e1 removido em um helic\u00f3ptero UTI Vida para Goi\u00e2nia. Segundo nota divulgada pelo Governo do Estado de Goi\u00e1s, o pol\u00edtico n\u00e3o corre rico de morrer e o estado de sa\u00fade dele \u00e9 est\u00e1vel. <\/p>\n<p>Segundo relatos de pessoas pr\u00f3ximas ao governador em exerc\u00edcio, durante a evolu\u00e7\u00e3o da carreata, um carro, na contram\u00e3o, foi de encontro ao ve\u00edculo em que estavam Jos\u00e9 Eliton e Jos\u00e9 Gomes da Rocha. O motorista do carro descarregou uma pistola na dire\u00e7\u00e3o dos dois. O vice-governador levou dois tiros na regi\u00e3o abdominal. O advogado da prefeitura de Itumbiara, C\u00e9lio Rezende, tamb\u00e9m foi baleado no atentado.<\/p>\n<p>Al\u00e9m de Jos\u00e9 Gomes da Rocha, que tentava voltar ao cargo de prefeito de Itumbiara, tamb\u00e9m morreram no atentado o policial militar Vanilson Rodrigues e o autor dos disparos, identificado pela Pol\u00edcia Civil como Gilberto Ferreira do Amaral, de 53 anos, que era funcion\u00e1rio da prefeitura do munic\u00edpio.<\/p>\n<p><img decoding=\"async\" src=\"http:\/\/aconteceunovale.com.br\/portal\/wp-content\/uploads\/2016\/09\/vicente_goias.jpg\" alt=\"\" \/><em>O vice-governador de Goi\u00e1s, Jos\u00e9 Eliton de Figuer\u00eado J\u00fanior (Reprodu\u00e7a\u00f5\/Jornal do Vale)<\/em><br \/>\n<\/br><\/p>\n<p>(Ag\u00eancia Brasil)<\/p>\n","protected":false},"excerpt":{"rendered":"<p>O governador em exerc\u00edcio de Goi\u00e1s, Jos\u00e9 Eliton de Figuer\u00eado J\u00fanior, que \u00e9 vice-governador e secret\u00e1rio de Seguran\u00e7a do estado, foi baleado hoje (28\/09\/2016) quando participava de uma carreata do candidato \u00e0 prefeitura do munic\u00edpio de Itumbiara Jos\u00e9 Gomes da Rocha (PTB). Ex-prefeito da cidade e ex-deputado federal, Rocha tamb\u00e9m foi baleado, n\u00e3o resistiu aos [&hellip;]<\/p>\n","protected":false},"author":1,"featured_media":97977,"comment_status":"open","ping_status":"closed","sticky":false,"template":"","format":"standard","meta":{"amp_status":"","footnotes":""},"categories":[6],"tags":[117385,117383,117382,117378,117384,117444,117377,117446,4609,49982,117387,117380,117386,117445,117379,117381],"class_list":["post-97976","post","type-post","status-publish","format-standard","has-post-thumbnail","hentry","category-br","tag-atentado-contra-candidato-a-prefeito-itumbiara","tag-atentado-contra-jose-eliton-de-figueredo-junior","tag-atentado-contra-vice-governador-de-goias","tag-atentato","tag-candidato-a-prefeito-itumbiara","tag-celio-rezende","tag-eleicoes2016","tag-gilberto-ferreira-do-amaral","tag-goiania","tag-itumbiara","tag-jose-eliton","tag-jose-eliton-de-figueredo-junior","tag-jose-gomes-da-rocha","tag-vanilson-rodrigues","tag-vice-governador-de-goias","tag-vice-governador-de-goias-e-candidato-a-prefeito-sao-baleados-durante-carreata"],"_links":{"self":[{"href":"https:\/\/aconteceunovale.com.br\/portal\/index.php?rest_route=\/wp\/v2\/posts\/97976","targetHints":{"allow":["GET"]}}],"collection":[{"href":"https:\/\/aconteceunovale.com.br\/portal\/index.php?rest_route=\/wp\/v2\/posts"}],"about":[{"href":"https:\/\/aconteceunovale.com.br\/portal\/index.php?rest_route=\/wp\/v2\/types\/post"}],"author":[{"embeddable":true,"href":"https:\/\/aconteceunovale.com.br\/portal\/index.php?rest_route=\/wp\/v2\/users\/1"}],"replies":[{"embeddable":true,"href":"https:\/\/aconteceunovale.com.br\/portal\/index.php?rest_route=%2Fwp%2Fv2%2Fcomments&post=97976"}],"version-history":[{"count":0,"href":"https:\/\/aconteceunovale.com.br\/portal\/index.php?rest_route=\/wp\/v2\/posts\/97976\/revisions"}],"wp:featuredmedia":[{"embeddable":true,"href":"https:\/\/aconteceunovale.com.br\/portal\/index.php?rest_route=\/wp\/v2\/media\/97977"}],"wp:attachment":[{"href":"https:\/\/aconteceunovale.com.br\/portal\/index.php?rest_route=%2Fwp%2Fv2%2Fmedia&parent=97976"}],"wp:term":[{"taxonomy":"category","embeddable":true,"href":"https:\/\/aconteceunovale.com.br\/portal\/index.php?rest_route=%2Fwp%2Fv2%2Fcategories&post=97976"},{"taxonomy":"post_tag","embeddable":true,"href":"https:\/\/aconteceunovale.com.br\/portal\/index.php?rest_route=%2Fwp%2Fv2%2Ftags&post=97976"}],"curies":[{"name":"wp","href":"https:\/\/api.w.org\/{rel}","templated":true}]}}