{"id":97962,"date":"2016-09-28T16:25:10","date_gmt":"2016-09-28T19:25:10","guid":{"rendered":"http:\/\/aconteceunovale.com.br\/portal\/?p=97962"},"modified":"2016-09-28T16:25:10","modified_gmt":"2016-09-28T19:25:10","slug":"eleitor-com-deficiencia-pode-ser-auxiliado-na-cabina-de-votacao","status":"publish","type":"post","link":"https:\/\/aconteceunovale.com.br\/portal\/?p=97962","title":{"rendered":"Eleitor com defici\u00eancia pode ser auxiliado na cabina de vota\u00e7\u00e3o"},"content":{"rendered":"<p>Somente aquelas pessoas que tenham alguma restri\u00e7\u00e3o de acessibilidade, que tenham dificuldade de locomo\u00e7\u00e3o (ou de vis\u00e3o) ou que precisem de um aux\u00edlio para votar podem ser acompanhadas na cabina de vota\u00e7\u00e3o por uma pessoa de sua confian\u00e7a. Ou seja, um eleitor que tenha plena condi\u00e7\u00e3o de votar n\u00e3o pode ser acompanhado pelo filho ou filha ou outro parente na cabina.<\/p>\n<p>As urnas eletr\u00f4nicas contam com uma marca de identifica\u00e7\u00e3o em relevo na tecla 5, para o eleitor cego se orientar no momento do voto com rela\u00e7\u00e3o \u00e0s outras teclas, e um sistema de \u00e1udio, que \u00e9 automaticamente habilitado para o eleitor que j\u00e1 se identificou perante a Justi\u00e7a Eleitoral como deficiente visual. Al\u00e9m da marca de identifica\u00e7\u00e3o, todas as teclas da urna t\u00eam Braille. O teclado da urna corresponde ao teclado telef\u00f4nico.<\/p>\n<p>Para o eleitor que notadamente tiver defici\u00eancia visual, o mes\u00e1rio poder\u00e1 habilitar, no instante do voto, o sistema de \u00e1udio da urna, a fim de facilitar a vota\u00e7\u00e3o deste eleitor.<\/p>\n<p>Nestas Elei\u00e7\u00f5es, 601.085 eleitores informaram ter algum tipo de defici\u00eancia ou mobilidade reduzida. A Justi\u00e7a Eleitoral disponibilizar\u00e1 32.271 se\u00e7\u00f5es eleitorais especiais acess\u00edveis no dia 2 de outubro.<\/p>\n<p><strong>Programa<\/strong><\/p>\n<p>Por meio de resolu\u00e7\u00e3o aprovada em junho de 2012, o Tribunal Superior Eleitoral (TSE) instituiu o Programa de Acessibilidade da Justi\u00e7a Eleitoral, destinado ao eleitor com defici\u00eancia ou mobilidade reduzida.<\/p>\n<p>O Programa de Acessibilidade tem como meta implantar gradualmente medidas para remover barreiras f\u00edsicas, arquitet\u00f4nicas, de comunica\u00e7\u00e3o e de atitudes, sempre com objetivo de promover o acesso, amplo e irrestrito, com seguran\u00e7a e autonomia, de pessoas com defici\u00eancia ou mobilidade diminu\u00edda ao processo eleitoral.<\/p>\n<p>A resolu\u00e7\u00e3o determina que os  Tribunais Regionais Eleitorais (TREs) e as zonas eleitorais organizem um plano de a\u00e7\u00e3o destinado a garantir a total acessibilidade desses cidad\u00e3os aos locais de vota\u00e7\u00e3o. Um dos objetivos \u00e9 eliminar obst\u00e1culos porventura existentes nas se\u00e7\u00f5es eleitorais que impe\u00e7am ou dificultem que eleitores com defici\u00eancia ou mobilidade reduzida votem.<\/p>\n<p>O acesso desses eleitores aos estacionamentos nos locais de vota\u00e7\u00e3o dever\u00e1 ser liberado, sendo que as vagas pr\u00f3ximas ao pr\u00e9dio em que ocorrer a vota\u00e7\u00e3o dever\u00e3o ser reservadas aos deficientes.<\/p>\n<p>O programa tamb\u00e9m prev\u00ea a celebra\u00e7\u00e3o de conv\u00eanios de coopera\u00e7\u00e3o t\u00e9cnica com entidades p\u00fablicas e privadas respons\u00e1veis pela administra\u00e7\u00e3o dos pr\u00e9dios onde funcionem se\u00e7\u00f5es eleitorais. Conv\u00eanios tamb\u00e9m dever\u00e3o ser firmados com entidades representativas de pessoas com defici\u00eancia, que poder\u00e3o auxiliar no planejamento e no aperfei\u00e7oamento da acessibilidade na Justi\u00e7a Eleitoral.<\/p>\n<p>Pela resolu\u00e7\u00e3o, os mes\u00e1rios dever\u00e3o ser orientados pelo TSE e pelos TREs no sentido de auxiliar e facilitar o voto dos eleitores com defici\u00eancia ou mobilidade reduzida. Dever\u00e3o, inclusive, ser firmadas parcerias para incentivar o cadastramento de mes\u00e1rios e colaboradores com conhecimento em Libras.<\/p>\n<p>(TSE)<\/p>\n","protected":false},"excerpt":{"rendered":"<p>Somente aquelas pessoas que tenham alguma restri\u00e7\u00e3o de acessibilidade, que tenham dificuldade de locomo\u00e7\u00e3o (ou de vis\u00e3o) ou que precisem de um aux\u00edlio para votar podem ser acompanhadas na cabina de vota\u00e7\u00e3o por uma pessoa de sua confian\u00e7a. Ou seja, um eleitor que tenha plena condi\u00e7\u00e3o de votar n\u00e3o pode ser acompanhado pelo filho ou [&hellip;]<\/p>\n","protected":false},"author":1,"featured_media":97963,"comment_status":"open","ping_status":"closed","sticky":false,"template":"","format":"standard","meta":{"amp_status":"","footnotes":""},"categories":[6,79927],"tags":[109048,117346,117347,117345,107337,107336,107342,107338,107339,107335,107341,107340,107334,107316,107325,107321,107331,109046,107322,107332,107347,107343,107315,107323,109047,59515,107324,78864,107333,107330,117344,107344,107345,107346,107320,107329,107318,107327,107319,107328,107317,107326],"class_list":["post-97962","post","type-post","status-publish","format-standard","has-post-thumbnail","hentry","category-br","category-eleicoes-2016-2","tag-aplicativo-candidaturas-2016","tag-auxilio-na-cabina-de-votacao","tag-auxilio-para-deficientes-na-cabina-de-votacao","tag-cabina-de-votacao","tag-candidatos-a-prefeito-de","tag-candidatos-a-prefeito-eleicoes-2016","tag-candidatos-a-prefeito-eleicoes-municipais-2016","tag-candidatos-a-prefeito-em","tag-candidatos-a-vereador-de","tag-candidatos-a-vereador-eleicoes-2016","tag-candidatos-a-vereador-eleicoes-municipais-2016","tag-candidatos-a-vereador-em","tag-candidatos-a-vereador-em-2016","tag-candidatos-eleicoes-2016","tag-candidatos-eleicoes-2016-minas-gerais","tag-candidatos-eleicoes-municipais-2016","tag-candidatos-eleicoes-municipais-2016-minas-gerais","tag-candidaturas-2016","tag-candidaturas-eleicoes-municipais-2016","tag-candidaturas-eleicoes-municipais-2016-minas-gerais","tag-consultas-sobre-candidatos-2016","tag-divulgacao-de-candidaturas-2016","tag-divulgacao-de-candidaturas-eleicoes-2016","tag-divulgacao-de-candidaturas-eleicoes-2016-minas-gerais","tag-download-aplicativo-candidaturas-2016","tag-eleicoes-2016","tag-eleicoes-2016-minas-gerais","tag-eleicoes-municipais-2016","tag-eleicoes-municipais-2016-divulgacao-de-candidaturas","tag-eleicoes-municipais-2016-minas-gerais","tag-eleitor-com-deficiencia-pode-ser-auxiliado-na-cabina-de-votacao","tag-informacoes-detalhadas-sobre-todos-os-candidatos-de-2016","tag-informacoes-sobre-todos-os-candidatos","tag-informacoes-sobre-todos-os-candidatos-de-2016","tag-lista-candidaturas-eleicoes-2016","tag-lista-candidaturas-eleicoes-2016-minas-gerais","tag-lista-de-todos-os-candidatos-eleicoes-2016","tag-lista-de-todos-os-candidatos-eleicoes-2016-minas-gerais","tag-relacao-candidaturas-eleicoes-2016","tag-relacao-candidaturas-eleicoes-2016-minas-gerais","tag-relacao-de-todos-os-candidatos-eleicoes-2016","tag-relacao-de-todos-os-candidatos-eleicoes-2016-minas-gerais"],"_links":{"self":[{"href":"https:\/\/aconteceunovale.com.br\/portal\/index.php?rest_route=\/wp\/v2\/posts\/97962","targetHints":{"allow":["GET"]}}],"collection":[{"href":"https:\/\/aconteceunovale.com.br\/portal\/index.php?rest_route=\/wp\/v2\/posts"}],"about":[{"href":"https:\/\/aconteceunovale.com.br\/portal\/index.php?rest_route=\/wp\/v2\/types\/post"}],"author":[{"embeddable":true,"href":"https:\/\/aconteceunovale.com.br\/portal\/index.php?rest_route=\/wp\/v2\/users\/1"}],"replies":[{"embeddable":true,"href":"https:\/\/aconteceunovale.com.br\/portal\/index.php?rest_route=%2Fwp%2Fv2%2Fcomments&post=97962"}],"version-history":[{"count":0,"href":"https:\/\/aconteceunovale.com.br\/portal\/index.php?rest_route=\/wp\/v2\/posts\/97962\/revisions"}],"wp:featuredmedia":[{"embeddable":true,"href":"https:\/\/aconteceunovale.com.br\/portal\/index.php?rest_route=\/wp\/v2\/media\/97963"}],"wp:attachment":[{"href":"https:\/\/aconteceunovale.com.br\/portal\/index.php?rest_route=%2Fwp%2Fv2%2Fmedia&parent=97962"}],"wp:term":[{"taxonomy":"category","embeddable":true,"href":"https:\/\/aconteceunovale.com.br\/portal\/index.php?rest_route=%2Fwp%2Fv2%2Fcategories&post=97962"},{"taxonomy":"post_tag","embeddable":true,"href":"https:\/\/aconteceunovale.com.br\/portal\/index.php?rest_route=%2Fwp%2Fv2%2Ftags&post=97962"}],"curies":[{"name":"wp","href":"https:\/\/api.w.org\/{rel}","templated":true}]}}