{"id":97842,"date":"2016-09-26T16:39:33","date_gmt":"2016-09-26T19:39:33","guid":{"rendered":"http:\/\/aconteceunovale.com.br\/portal\/?p=97842"},"modified":"2016-09-26T16:39:33","modified_gmt":"2016-09-26T19:39:33","slug":"parceria-estimula-inclusao-produtiva-em-aimores","status":"publish","type":"post","link":"https:\/\/aconteceunovale.com.br\/portal\/?p=97842","title":{"rendered":"Parceria estimula inclus\u00e3o produtiva em Aimor\u00e9s"},"content":{"rendered":"<p>A Alian\u00e7a Gera\u00e7\u00e3o de Energia acaba de assinar contrato in\u00e9dito de presta\u00e7\u00e3o de servi\u00e7os com a Cooperativa de Trabalho do BARI (Cooperbari). As 26 fam\u00edlias que participam da Cooperabari foram capacitadas pelo Sebrae Minas e pela pr\u00f3pria Alian\u00e7a Energia, para se organizarem em uma cooperativa de presta\u00e7\u00e3o de servi\u00e7os de reflorestamento. Os treinamentos resultaram na formaliza\u00e7\u00e3o do grupo, ampliando o mercado de atua\u00e7\u00e3o e o incremento da renda das fam\u00edlias que t\u00eam na atividade rural sua principal fonte de renda.<\/p>\n<p>De acordo com o analista do Sebrae Minas em Aimor\u00e9s, Marcelo Gon\u00e7alves, antes o reflorestamento era feito por empresas de outras cidades que prestavam servi\u00e7o ao munic\u00edpio. \u201cCom a capacita\u00e7\u00e3o das fam\u00edlias e a contrata\u00e7\u00e3o da Cooperbari para o trabalho, o recurso empenhado em servi\u00e7os de reflorestamento agora permanece na cidade. Esse projeto representa um investimento no mercado local, gerando emprego e renda e valorizando nossa m\u00e3o de obra\u201d, destaca.<\/p>\n<p>A Alian\u00e7a Energia apoiou a estrutura\u00e7\u00e3o da cooperativa, com a aquisi\u00e7\u00e3o de equipamentos, apoio na formaliza\u00e7\u00e3o e treinamento t\u00e9cnico do grupo. \u201cComo parte de nossa pol\u00edtica de atua\u00e7\u00e3o social, optamos por apoiar a cria\u00e7\u00e3o de uma cooperativa atrav\u00e9s do nosso programa Rede que Gera Renda, e, assim, gerar renda para trabalhadores da regi\u00e3o. A escolha pelo modelo cooperativista se deve ao fato desse tipo de organiza\u00e7\u00e3o ter como princ\u00edpios a gest\u00e3o democr\u00e1tica, ades\u00e3o livre e volunt\u00e1ria, autonomia e independ\u00eancia, educa\u00e7\u00e3o, forma\u00e7\u00e3o e informa\u00e7\u00e3o, intercoopera\u00e7\u00e3o e interesse pela comunidade\u201d, destaca a analista de relacionamento com comunidades da Alian\u00e7a Energia, Joseane Viola.<\/p>\n<p>A a\u00e7\u00e3o integra o projeto do Sebrae Minas Desenvolvimento Econ\u00f4mico Territorial (DET) \u2013 Rio Doce, que re\u00fane a\u00e7\u00f5es para motivar e fortalecer as atividades produtivas locais, geradoras de emprego e renda, al\u00e9m de fomentar o empreendedorismo baseado no potencial de oportunidades e voca\u00e7\u00f5es regionais.<\/p>\n<p>Desenvolvido h\u00e1 dois anos, o DET Rio Doce atende os pequenos neg\u00f3cios localizados nos 26 munic\u00edpios da microrregi\u00e3o de Aimor\u00e9s. \u201cEntendemos que ao estimular o empreendedorismo e fortalecer a gest\u00e3o das micro e pequenas empresas, que s\u00e3o a base da economia do territ\u00f3rio, estamos contribuindo para o desenvolvimento econ\u00f4mico e a transforma\u00e7\u00e3o da realidade local\u201d, ressalta Marcelo Gon\u00e7alves.<\/p>\n<p>O termo BARI, que integra o nome da cooperativa, adv\u00e9m das iniciais dos munic\u00edpios de Baixo Guandu (ES), Aimor\u00e9s (MG), Itueta (MG) e Resplendor (MG). A regi\u00e3o possui muitas belezas naturais e culturais. A agricultura, pecu\u00e1ria e o com\u00e9rcio s\u00e3o as principais atividades econ\u00f4micas no territ\u00f3rio formado pela microrregi\u00e3o de Aimor\u00e9s. (Luciana Grillo)<\/p>\n","protected":false},"excerpt":{"rendered":"<p>A Alian\u00e7a Gera\u00e7\u00e3o de Energia acaba de assinar contrato in\u00e9dito de presta\u00e7\u00e3o de servi\u00e7os com a Cooperativa de Trabalho do BARI (Cooperbari). As 26 fam\u00edlias que participam da Cooperabari foram capacitadas pelo Sebrae Minas e pela pr\u00f3pria Alian\u00e7a Energia, para se organizarem em uma cooperativa de presta\u00e7\u00e3o de servi\u00e7os de reflorestamento. Os treinamentos resultaram na [&hellip;]<\/p>\n","protected":false},"author":1,"featured_media":97843,"comment_status":"open","ping_status":"closed","sticky":false,"template":"","format":"standard","meta":{"amp_status":"","footnotes":""},"categories":[121],"tags":[273,35456,117070,117071,117075,117068,298,117073,117069,117067,117074,309,117072],"class_list":["post-97842","post","type-post","status-publish","format-standard","has-post-thumbnail","hentry","category-leste","tag-aimores","tag-alianca-geracao-de-energia","tag-cooperativa-de-trabalho-do-bari","tag-cooperbari","tag-det-rio-doce","tag-inclusao-produtiva-em-aimores","tag-itueta","tag-marcelo-goncalves","tag-parceria-do-sebrae-minas-e-alianca-geracao-de-energia-estimula-criacao-de-cooperativa-de-trabalho-que-beneficia-26-familias-da-regiao-de-aimores","tag-parceria-estimula-inclusao-produtiva-em-aimores","tag-programa-rede-que-gera-renda","tag-resplendor","tag-sebrae-minas-em-aimores"],"_links":{"self":[{"href":"https:\/\/aconteceunovale.com.br\/portal\/index.php?rest_route=\/wp\/v2\/posts\/97842","targetHints":{"allow":["GET"]}}],"collection":[{"href":"https:\/\/aconteceunovale.com.br\/portal\/index.php?rest_route=\/wp\/v2\/posts"}],"about":[{"href":"https:\/\/aconteceunovale.com.br\/portal\/index.php?rest_route=\/wp\/v2\/types\/post"}],"author":[{"embeddable":true,"href":"https:\/\/aconteceunovale.com.br\/portal\/index.php?rest_route=\/wp\/v2\/users\/1"}],"replies":[{"embeddable":true,"href":"https:\/\/aconteceunovale.com.br\/portal\/index.php?rest_route=%2Fwp%2Fv2%2Fcomments&post=97842"}],"version-history":[{"count":0,"href":"https:\/\/aconteceunovale.com.br\/portal\/index.php?rest_route=\/wp\/v2\/posts\/97842\/revisions"}],"wp:featuredmedia":[{"embeddable":true,"href":"https:\/\/aconteceunovale.com.br\/portal\/index.php?rest_route=\/wp\/v2\/media\/97843"}],"wp:attachment":[{"href":"https:\/\/aconteceunovale.com.br\/portal\/index.php?rest_route=%2Fwp%2Fv2%2Fmedia&parent=97842"}],"wp:term":[{"taxonomy":"category","embeddable":true,"href":"https:\/\/aconteceunovale.com.br\/portal\/index.php?rest_route=%2Fwp%2Fv2%2Fcategories&post=97842"},{"taxonomy":"post_tag","embeddable":true,"href":"https:\/\/aconteceunovale.com.br\/portal\/index.php?rest_route=%2Fwp%2Fv2%2Ftags&post=97842"}],"curies":[{"name":"wp","href":"https:\/\/api.w.org\/{rel}","templated":true}]}}