{"id":97787,"date":"2016-09-26T09:42:20","date_gmt":"2016-09-26T12:42:20","guid":{"rendered":"http:\/\/aconteceunovale.com.br\/portal\/?p=97787"},"modified":"2016-09-26T09:42:20","modified_gmt":"2016-09-26T12:42:20","slug":"travestis-tentam-assaltar-deficiente-fisico-em-nanuque","status":"publish","type":"post","link":"https:\/\/aconteceunovale.com.br\/portal\/?p=97787","title":{"rendered":"Travestis tentam assaltar deficiente f\u00edsico em Nanuque"},"content":{"rendered":"<p>Um deficiente f\u00edsico foi v\u00edtima de roubo tentado na noite desse domingo, 25 de setembro, de 2016, no Centro de Nanuque, no Vale do Mucuri. De acordo com a Pol\u00edcia Militar (PM), a v\u00edtima, de 38 anos, relatou que conduzia um triciclo pela Avenida Mucuri, em dire\u00e7\u00e3o a sua resid\u00eancia, quando foi surpreendida por tr\u00eas travestis. <\/p>\n<p>Ainda conforme o relato da v\u00edtima, um dos autores tapou sua boca com as m\u00e3os para que n\u00e3o gritasse, enquanto os outros dois tentaram roubar sua carteira, que estava no bolso da cal\u00e7a. No entanto, o deficiente conseguiu pedir socorro e chamou a aten\u00e7\u00e3o do frentista de um posto de combust\u00edveis, que evitou a pr\u00e1tica do crime.<\/p>\n<p>A Pol\u00edcia Militar realizou rastreamentos e localizou um dos suspeitos, de iniciais W.F.M, de 16 anos. O menor infrator foi reconhecido pela v\u00edtima e portava uma faca. Ele foi conduzido \u00e0 presen\u00e7a da autoridade policial, juntamente com sua genitora, para demais provid\u00eancias.<\/p>\n","protected":false},"excerpt":{"rendered":"<p>Um deficiente f\u00edsico foi v\u00edtima de roubo tentado na noite desse domingo, 25 de setembro, de 2016, no Centro de Nanuque, no Vale do Mucuri. De acordo com a Pol\u00edcia Militar (PM), a v\u00edtima, de 38 anos, relatou que conduzia um triciclo pela Avenida Mucuri, em dire\u00e7\u00e3o a sua resid\u00eancia, quando foi surpreendida por tr\u00eas [&hellip;]<\/p>\n","protected":false},"author":1,"featured_media":90958,"comment_status":"open","ping_status":"closed","sticky":false,"template":"","format":"standard","meta":{"amp_status":"","footnotes":""},"categories":[122],"tags":[116933,114569,116935,116936,252,116934,102795,116932,116937],"class_list":["post-97787","post","type-post","status-publish","format-standard","has-post-thumbnail","hentry","category-mucuri","tag-assalto-deficiente-nanuque","tag-assalto-nanuque","tag-assalto-praticado-por-travestis-em-nanuque","tag-jean-serafim-da-silva","tag-nanuque","tag-roubo-deficiente-nanuque","tag-roubo-nanuque","tag-travestis-tentam-assaltar-deficiente-fisico-em-nanuque","tag-wesley-figueiredo-miranda"],"_links":{"self":[{"href":"https:\/\/aconteceunovale.com.br\/portal\/index.php?rest_route=\/wp\/v2\/posts\/97787","targetHints":{"allow":["GET"]}}],"collection":[{"href":"https:\/\/aconteceunovale.com.br\/portal\/index.php?rest_route=\/wp\/v2\/posts"}],"about":[{"href":"https:\/\/aconteceunovale.com.br\/portal\/index.php?rest_route=\/wp\/v2\/types\/post"}],"author":[{"embeddable":true,"href":"https:\/\/aconteceunovale.com.br\/portal\/index.php?rest_route=\/wp\/v2\/users\/1"}],"replies":[{"embeddable":true,"href":"https:\/\/aconteceunovale.com.br\/portal\/index.php?rest_route=%2Fwp%2Fv2%2Fcomments&post=97787"}],"version-history":[{"count":0,"href":"https:\/\/aconteceunovale.com.br\/portal\/index.php?rest_route=\/wp\/v2\/posts\/97787\/revisions"}],"wp:featuredmedia":[{"embeddable":true,"href":"https:\/\/aconteceunovale.com.br\/portal\/index.php?rest_route=\/wp\/v2\/media\/90958"}],"wp:attachment":[{"href":"https:\/\/aconteceunovale.com.br\/portal\/index.php?rest_route=%2Fwp%2Fv2%2Fmedia&parent=97787"}],"wp:term":[{"taxonomy":"category","embeddable":true,"href":"https:\/\/aconteceunovale.com.br\/portal\/index.php?rest_route=%2Fwp%2Fv2%2Fcategories&post=97787"},{"taxonomy":"post_tag","embeddable":true,"href":"https:\/\/aconteceunovale.com.br\/portal\/index.php?rest_route=%2Fwp%2Fv2%2Ftags&post=97787"}],"curies":[{"name":"wp","href":"https:\/\/api.w.org\/{rel}","templated":true}]}}