{"id":97782,"date":"2016-09-26T09:09:43","date_gmt":"2016-09-26T12:09:43","guid":{"rendered":"http:\/\/aconteceunovale.com.br\/portal\/?p=97782"},"modified":"2016-09-26T16:23:36","modified_gmt":"2016-09-26T19:23:36","slug":"presos-cavam-buraco-em-cela-e-fogem-do-presidio-de-teofilo-otoni","status":"publish","type":"post","link":"https:\/\/aconteceunovale.com.br\/portal\/?p=97782","title":{"rendered":"Presos cavam buraco em cela e fogem do pres\u00eddio de Te\u00f3filo Otoni"},"content":{"rendered":"<p>Sete detentos fugiram do pres\u00eddio de Te\u00f3filo Otoni, no Vale do Mucuri, na madrugada desta segunda-feira, 26 de setembro de 2016. De acordo com a Pol\u00edcia Militar (PM), os presos, que estavam na cela sete do pavilh\u00e3o dois da unidade prisional, localizada no C\u00f3rrego S\u00e3o Miguel do Pita, cavaram um buraco na parede, escalaram um muro e empreenderam fuga por rumo ignorado.<\/p>\n<p>Os fugitivos foram identificados como C\u00e1cio Tiago Rodrigues, de 32 anos, Aldeir Souza Jardim, de 31, Manoel Messias Barbosa Gomes, de 24, Ramon Dias, de 25, Ant\u00f4nio Aparecido Vieira, de 32, Anderson Soares Ribeiro, de 21, e Jonathan Pinheiro Tavares, de 21 anos. Rastreamentos s\u00e3o realizados na regi\u00e3o com intuito de recapturar os detentos.<\/p>\n<p>A Secretaria de Estado e Defesa Social (SEDS) informou, por meio de nota, que um agente que estava em uma das guaritas ouviu ru\u00eddos e avistou tr\u00eas detentos fugindo pela parte externa atrav\u00e9s de uma corda feita de len\u00e7\u00f3is. Ele acionou a Pol\u00edcia Militar e a equipe de seguran\u00e7a do pres\u00eddio e da penitenci\u00e1ria. Foram feitas buscas na mata onde os fugitivos entraram, mas ningu\u00e9m foi localizado.<\/p>\n<p>Ainda segundo a Seds, a fuga dos sete presos foi constatada durante a confer\u00eancia das celas. Uma serra de metal foi encontrada no local. A dire\u00e7\u00e3o do Pres\u00eddio de Te\u00f3filo Otoni instaurou uma investiga\u00e7\u00e3o preliminar para apurar poss\u00edvel falha ou il\u00edcito administrativos.<\/p>\n<p><img decoding=\"async\" src=\"http:\/\/aconteceunovale.com.br\/portal\/wp-content\/uploads\/2016\/09\/presidio_teo.jpg\" alt=\"\" \/><em>Detentos fugiram do pres\u00eddio de Te\u00f3filo Otoni (Foto: Divulga\u00e7\u00e3o)<\/em><\/p>\n","protected":false},"excerpt":{"rendered":"<p>Sete detentos fugiram do pres\u00eddio de Te\u00f3filo Otoni, no Vale do Mucuri, na madrugada desta segunda-feira, 26 de setembro de 2016. De acordo com a Pol\u00edcia Militar (PM), os presos, que estavam na cela sete do pavilh\u00e3o dois da unidade prisional, localizada no C\u00f3rrego S\u00e3o Miguel do Pita, cavaram um buraco na parede, escalaram um [&hellip;]<\/p>\n","protected":false},"author":1,"featured_media":97783,"comment_status":"open","ping_status":"closed","sticky":false,"template":"","format":"standard","meta":{"amp_status":"","footnotes":""},"categories":[122],"tags":[116923,116927,116926,116922,1018,116929,116920,116919,116928,116924,66118,116918,116921,116925,164],"class_list":["post-97782","post","type-post","status-publish","format-standard","has-post-thumbnail","hentry","category-mucuri","tag-aldeir-souza-jardim","tag-anderson-soares-ribeiro","tag-antonio-aparecido-vieira","tag-cacio-tiago-rodrigues","tag-destaque","tag-detentos-fugiram-do-presidio-de-teofilo-otoni","tag-fuga-de-presos-em-teofilo-otoni","tag-fuga-do-presidio-de-teofilo-otoni","tag-jonathan-pinheiro-tavares","tag-manoel-messias-barbosa-gomes","tag-presidio-de-teofilo-otoni","tag-presos-cavam-buraco-em-cela-e-fogem-do-presidio-de-teofilo-otoni","tag-presos-fugitivos-em-teofilo-otoni","tag-ramon-dias","tag-teofilo-otoni"],"_links":{"self":[{"href":"https:\/\/aconteceunovale.com.br\/portal\/index.php?rest_route=\/wp\/v2\/posts\/97782","targetHints":{"allow":["GET"]}}],"collection":[{"href":"https:\/\/aconteceunovale.com.br\/portal\/index.php?rest_route=\/wp\/v2\/posts"}],"about":[{"href":"https:\/\/aconteceunovale.com.br\/portal\/index.php?rest_route=\/wp\/v2\/types\/post"}],"author":[{"embeddable":true,"href":"https:\/\/aconteceunovale.com.br\/portal\/index.php?rest_route=\/wp\/v2\/users\/1"}],"replies":[{"embeddable":true,"href":"https:\/\/aconteceunovale.com.br\/portal\/index.php?rest_route=%2Fwp%2Fv2%2Fcomments&post=97782"}],"version-history":[{"count":0,"href":"https:\/\/aconteceunovale.com.br\/portal\/index.php?rest_route=\/wp\/v2\/posts\/97782\/revisions"}],"wp:featuredmedia":[{"embeddable":true,"href":"https:\/\/aconteceunovale.com.br\/portal\/index.php?rest_route=\/wp\/v2\/media\/97783"}],"wp:attachment":[{"href":"https:\/\/aconteceunovale.com.br\/portal\/index.php?rest_route=%2Fwp%2Fv2%2Fmedia&parent=97782"}],"wp:term":[{"taxonomy":"category","embeddable":true,"href":"https:\/\/aconteceunovale.com.br\/portal\/index.php?rest_route=%2Fwp%2Fv2%2Fcategories&post=97782"},{"taxonomy":"post_tag","embeddable":true,"href":"https:\/\/aconteceunovale.com.br\/portal\/index.php?rest_route=%2Fwp%2Fv2%2Ftags&post=97782"}],"curies":[{"name":"wp","href":"https:\/\/api.w.org\/{rel}","templated":true}]}}