{"id":97774,"date":"2016-09-26T08:05:14","date_gmt":"2016-09-26T11:05:14","guid":{"rendered":"http:\/\/aconteceunovale.com.br\/portal\/?p=97774"},"modified":"2016-09-26T08:05:14","modified_gmt":"2016-09-26T11:05:14","slug":"previsao-do-tempo-para-minas-gerais-nesta-segunda-feira-26-de-setembro","status":"publish","type":"post","link":"https:\/\/aconteceunovale.com.br\/portal\/?p=97774","title":{"rendered":"Previs\u00e3o do tempo para Minas Gerais, nesta segunda-feira, 26 de setembro"},"content":{"rendered":"<h4><em><strong>Sol entre nuvens na maior parte das regi\u00f5es. Na capital previs\u00e3o de chuva forte de noite.<\/strong><\/em><\/h4>\n<p>A frente fria que chegou ao estado deve ficar durante toda a semana provocando chuva na maior  em grandes \u00e1reas mineiras. Nas regi\u00f5es Central e Sudoeste, pancadas de chuvas espa\u00e7adas durante todo o dia. No Tri\u00e2ngulo Mineiro, dia nublado a parcialmente nublado e quente. Nas demais regi\u00f5es, o sol fica encoberto e deve chover. A capital amanheceu com chuva fina. O dia vai de sol entre nuvens com possibilidade de temporal no come\u00e7o da noite tamb\u00e9m na Regi\u00e3o Metropolitana de Belo Horizonte. A umidade relativa do ar deve chegar aos 95% e a temperatura varia de 19\u00b0C e 25\u00b0C.<\/p>\n","protected":false},"excerpt":{"rendered":"<p>Sol entre nuvens na maior parte das regi\u00f5es. Na capital previs\u00e3o de chuva forte de noite. A frente fria que chegou ao estado deve ficar durante toda a semana provocando chuva na maior em grandes \u00e1reas mineiras. Nas regi\u00f5es Central e Sudoeste, pancadas de chuvas espa\u00e7adas durante todo o dia. No Tri\u00e2ngulo Mineiro, dia nublado [&hellip;]<\/p>\n","protected":false},"author":1,"featured_media":82499,"comment_status":"open","ping_status":"closed","sticky":false,"template":"","format":"standard","meta":{"amp_status":"","footnotes":""},"categories":[123],"tags":[116899,194,131,44471,1956,27340,116904,86833,116903,1839,116901,28170,116900,116902],"class_list":["post-97774","post","type-post","status-publish","format-standard","has-post-thumbnail","hentry","category-gerais","tag-26-de-setembro","tag-belo-horizonte","tag-minas-gerais","tag-nesta-segunda-feira","tag-previsao-do-tempo","tag-previsao-do-tempo-para-belo-horizonte","tag-previsao-do-tempo-para-belo-horizonte-26-de-setembro","tag-previsao-do-tempo-para-belo-horizonte-nesta-segunda-feira","tag-previsao-do-tempo-para-belo-horizonte-nesta-segunda-feira-26-de-setembro","tag-previsao-do-tempo-para-minas-gerais","tag-previsao-do-tempo-para-minas-gerais-26-de-setembro","tag-previsao-do-tempo-para-minas-gerais-nesta-segunda-feira","tag-previsao-do-tempo-para-minas-gerais-nesta-segunda-feira-26-de-setembro","tag-segunda-feira-26-de-setembro"],"_links":{"self":[{"href":"https:\/\/aconteceunovale.com.br\/portal\/index.php?rest_route=\/wp\/v2\/posts\/97774","targetHints":{"allow":["GET"]}}],"collection":[{"href":"https:\/\/aconteceunovale.com.br\/portal\/index.php?rest_route=\/wp\/v2\/posts"}],"about":[{"href":"https:\/\/aconteceunovale.com.br\/portal\/index.php?rest_route=\/wp\/v2\/types\/post"}],"author":[{"embeddable":true,"href":"https:\/\/aconteceunovale.com.br\/portal\/index.php?rest_route=\/wp\/v2\/users\/1"}],"replies":[{"embeddable":true,"href":"https:\/\/aconteceunovale.com.br\/portal\/index.php?rest_route=%2Fwp%2Fv2%2Fcomments&post=97774"}],"version-history":[{"count":0,"href":"https:\/\/aconteceunovale.com.br\/portal\/index.php?rest_route=\/wp\/v2\/posts\/97774\/revisions"}],"wp:featuredmedia":[{"embeddable":true,"href":"https:\/\/aconteceunovale.com.br\/portal\/index.php?rest_route=\/wp\/v2\/media\/82499"}],"wp:attachment":[{"href":"https:\/\/aconteceunovale.com.br\/portal\/index.php?rest_route=%2Fwp%2Fv2%2Fmedia&parent=97774"}],"wp:term":[{"taxonomy":"category","embeddable":true,"href":"https:\/\/aconteceunovale.com.br\/portal\/index.php?rest_route=%2Fwp%2Fv2%2Fcategories&post=97774"},{"taxonomy":"post_tag","embeddable":true,"href":"https:\/\/aconteceunovale.com.br\/portal\/index.php?rest_route=%2Fwp%2Fv2%2Ftags&post=97774"}],"curies":[{"name":"wp","href":"https:\/\/api.w.org\/{rel}","templated":true}]}}